{"id":481722,"date":"2025-10-22T10:09:14","date_gmt":"2025-10-22T10:09:14","guid":{"rendered":"https:\/\/www.europesays.com\/fr\/481722\/"},"modified":"2025-10-22T10:09:14","modified_gmt":"2025-10-22T10:09:14","slug":"volley-assis-castres-simpose-dentree","status":"publish","type":"post","link":"https:\/\/www.europesays.com\/fr\/481722\/","title":{"rendered":"Volley assis : Castres s\u2019impose d\u2019entr\u00e9e"},"content":{"rendered":"<p>Le Castres Massaguel VB aborde ce d\u00e9but de saison avec l\u2019objectif de qualifier ses deux \u00e9quipes, engag\u00e9es dans le Challenge National 4&#215;4 de volley assis, pour les phases finales. Comportant sept \u00e9tapes, cette comp\u00e9tition, qualificative pour la finale nationale, d\u00e9butait le week-end dernier dans la banlieue toulousaine. Face \u00e0 Fonsorbes-Seysses I et II, les \u00e9quipes du CMVB ont connu des fortunes diverses. L\u2019\u00e9quipe I termina ainsi sa journ\u00e9e avec deux victoires pour quatre d\u00e9faites, prenant la troisi\u00e8me place de la comp\u00e9tition. De son c\u00f4t\u00e9, le CMVB II d\u00e9buta par une d\u00e9faite contre l\u2019\u00e9quipe h\u00f4te, Fonsorbes-Seysses I. Apr\u00e8s ce revers, les Tarnais encha\u00eenaient les victoires et terminaient sur la premi\u00e8re marche du podium, devan\u00e7ant Fonsorbes-Seysses I, la seule formation \u00e0 les avoir battus. Pour cette reprise, les organismes ont souffert et l\u2019encha\u00eenement des matches a \u00e9t\u00e9 difficile. Les \u00e9quipes se sont donn\u00e9es rendez-vous pour la prochaine \u00e9tape interr\u00e9gionale qui aura lieu dimanche 9 novembre \u00e0 Castres.<\/p>\n","protected":false},"excerpt":{"rendered":"Le Castres Massaguel VB aborde ce d\u00e9but de saison avec l\u2019objectif de qualifier ses deux \u00e9quipes, engag\u00e9es dans&hellip;\n","protected":false},"author":2,"featured_media":481723,"comment_status":"","ping_status":"","sticky":false,"template":"","format":"standard","meta":{"footnotes":""},"categories":[1417],"tags":[1011,27,60,1470,1469],"class_list":{"0":"post-481722","1":"post","2":"type-post","3":"status-publish","4":"format-standard","5":"has-post-thumbnail","7":"category-volley","8":"tag-fr","9":"tag-france","10":"tag-sports","11":"tag-volley","12":"tag-volleyball"},"share_on_mastodon":{"url":"https:\/\/pubeurope.com\/@fr\/115417275713686541","error":""},"_links":{"self":[{"href":"https:\/\/www.europesays.com\/fr\/wp-json\/wp\/v2\/posts\/481722","targetHints":{"allow":["GET"]}}],"collection":[{"href":"https:\/\/www.europesays.com\/fr\/wp-json\/wp\/v2\/posts"}],"about":[{"href":"https:\/\/www.europesays.com\/fr\/wp-json\/wp\/v2\/types\/post"}],"author":[{"embeddable":true,"href":"https:\/\/www.europesays.com\/fr\/wp-json\/wp\/v2\/users\/2"}],"replies":[{"embeddable":true,"href":"https:\/\/www.europesays.com\/fr\/wp-json\/wp\/v2\/comments?post=481722"}],"version-history":[{"count":0,"href":"https:\/\/www.europesays.com\/fr\/wp-json\/wp\/v2\/posts\/481722\/revisions"}],"wp:featuredmedia":[{"embeddable":true,"href":"https:\/\/www.europesays.com\/fr\/wp-json\/wp\/v2\/media\/481723"}],"wp:attachment":[{"href":"https:\/\/www.europesays.com\/fr\/wp-json\/wp\/v2\/media?parent=481722"}],"wp:term":[{"taxonomy":"category","embeddable":true,"href":"https:\/\/www.europesays.com\/fr\/wp-json\/wp\/v2\/categories?post=481722"},{"taxonomy":"post_tag","embeddable":true,"href":"https:\/\/www.europesays.com\/fr\/wp-json\/wp\/v2\/tags?post=481722"}],"curies":[{"name":"wp","href":"https:\/\/api.w.org\/{rel}","templated":true}]}}