{"id":481726,"date":"2025-10-22T10:11:11","date_gmt":"2025-10-22T10:11:11","guid":{"rendered":"https:\/\/www.europesays.com\/fr\/481726\/"},"modified":"2025-10-22T10:11:11","modified_gmt":"2025-10-22T10:11:11","slug":"atp-andy-roddick-sur-le-palmares-de-medvedev-la-statistique-la-plus-etrange-du-tennis-est-la","status":"publish","type":"post","link":"https:\/\/www.europesays.com\/fr\/481726\/","title":{"rendered":"ATP > Andy Roddick sur le palmar\u00e8s de Medvedev : \u00ab\u00a0La statistique la plus \u00e9trange du tennis est l\u00e0\u00a0\u00bb"},"content":{"rendered":"<p>En rempor\u00adtant \u00e0 Almaty son premier titre depuis deux ans et demi, Daniil Medvedev a d\u00e9sor\u00admais soulev\u00e9 21e troph\u00e9es dans 21 villes diff\u00e9rentes.\u00a0<\/p>\n<blockquote class=\"twitter-tweet\">\n<p lang=\"fr\" dir=\"ltr\">\ud83d\udcca Ils ont remport\u00e9 leurs \u2753 premiers titres lors de \u2753 tour\u00adnois diff\u00e9\u00adrents\u00a0:<br \/>\u25aa\ufe0f Daniil Medvedev \ud83c\uddf7\ud83c\uddfa : 21 premiers titres \ud83d\udd25<br \/>\u25aa\ufe0f Michael Stich \ud83c\udde9\ud83c\uddea : 18 premiers titres<br \/>\u25aa\ufe0f Goran Ivanisevic \ud83c\udded\ud83c\uddf7 : 17 premiers titres<br \/>\u25aa\ufe0f Novak Djokovic \ud83c\uddf7\ud83c\uddf8 : 16 premiers titres<a href=\"https:\/\/t.co\/FqfzFsKNqw\" data-wpel-link=\"external\" target=\"_blank\" rel=\"nofollow external noopener\">pic.twitter.com\/FqfzFsKNqw<\/a><\/p>\n<p>\u2014 Jeu, Set et Maths (@JeuSetMaths) <a href=\"https:\/\/twitter.com\/JeuSetMaths\/status\/1979894506138079270?ref_src=twsrc%5Etfw\" data-wpel-link=\"external\" target=\"_blank\" rel=\"nofollow external noopener\">October 19,\u00a02025<\/a><\/p><\/blockquote>\n<p>Dans le dernier \u00e9pisode de son podcast, dont les propos sont relay\u00e9s par <a href=\"https:\/\/www.sportskeeda.com\/tennis\/news-his-title-account-can-legally-drink-usa-andy-roddick-pats-daniil-medvedev-back-russian-finally-finds-form-break-2-year-drought#key4=sktennistwitter\" data-wpel-link=\"external\" target=\"_blank\" rel=\"nofollow external noopener\">Sportskeeda<\/a>, l\u2019an\u00adcien num\u00e9ro 1 mondial Andy Roddick s\u2019est exprim\u00e9 sur cette parti\u00adcu\u00adla\u00adrit\u00e9 du palmar\u00e8s du joueur russe.\u00a0<\/p>\n<p><strong>\u00ab\u202fMedvedev fait une remont\u00e9e tardive, repre\u00adnant quelques points au clas\u00adse\u00adment. Apr\u00e8s l\u2019US Open, il \u00e9tait autour de la 20e place, et main\u00adte\u00adnant il est remont\u00e9 \u00e0 la 14e place, je crois, apr\u00e8s Almaty. 21 titres, 21 villes diff\u00e9\u00adrentes. La statis\u00adtique la plus \u00e9trange du tennis est\u00a0l\u00e0.\u202f\u00bb<\/strong><\/p>\n<p class=\"post-published-date\" style=\"color: silver; font-size: 75%; text-align: left;\">Publi\u00e9 le mercredi 22 octobre 2025 \u00e0 10:22<\/p>\n<p><script async src=\"https:\/\/platform.twitter.com\/widgets.js\" charset=\"utf-8\"><\/script><\/p>\n","protected":false},"excerpt":{"rendered":"En rempor\u00adtant \u00e0 Almaty son premier titre depuis deux ans et demi, Daniil Medvedev a d\u00e9sor\u00admais soulev\u00e9 21e&hellip;\n","protected":false},"author":2,"featured_media":293339,"comment_status":"","ping_status":"","sticky":false,"template":"","format":"standard","meta":{"footnotes":""},"categories":[1415],"tags":[3252,105,1011,27,60,1467],"class_list":{"0":"post-481726","1":"post","2":"type-post","3":"status-publish","4":"format-standard","5":"has-post-thumbnail","7":"category-tennis","8":"tag-daniil-medvedev","9":"tag-djokovic","10":"tag-fr","11":"tag-france","12":"tag-sports","13":"tag-tennis"},"share_on_mastodon":{"url":"https:\/\/pubeurope.com\/@fr\/115417283493893590","error":""},"_links":{"self":[{"href":"https:\/\/www.europesays.com\/fr\/wp-json\/wp\/v2\/posts\/481726","targetHints":{"allow":["GET"]}}],"collection":[{"href":"https:\/\/www.europesays.com\/fr\/wp-json\/wp\/v2\/posts"}],"about":[{"href":"https:\/\/www.europesays.com\/fr\/wp-json\/wp\/v2\/types\/post"}],"author":[{"embeddable":true,"href":"https:\/\/www.europesays.com\/fr\/wp-json\/wp\/v2\/users\/2"}],"replies":[{"embeddable":true,"href":"https:\/\/www.europesays.com\/fr\/wp-json\/wp\/v2\/comments?post=481726"}],"version-history":[{"count":0,"href":"https:\/\/www.europesays.com\/fr\/wp-json\/wp\/v2\/posts\/481726\/revisions"}],"wp:featuredmedia":[{"embeddable":true,"href":"https:\/\/www.europesays.com\/fr\/wp-json\/wp\/v2\/media\/293339"}],"wp:attachment":[{"href":"https:\/\/www.europesays.com\/fr\/wp-json\/wp\/v2\/media?parent=481726"}],"wp:term":[{"taxonomy":"category","embeddable":true,"href":"https:\/\/www.europesays.com\/fr\/wp-json\/wp\/v2\/categories?post=481726"},{"taxonomy":"post_tag","embeddable":true,"href":"https:\/\/www.europesays.com\/fr\/wp-json\/wp\/v2\/tags?post=481726"}],"curies":[{"name":"wp","href":"https:\/\/api.w.org\/{rel}","templated":true}]}}