{"id":481734,"date":"2025-10-22T10:17:18","date_gmt":"2025-10-22T10:17:18","guid":{"rendered":"https:\/\/www.europesays.com\/fr\/481734\/"},"modified":"2025-10-22T10:17:18","modified_gmt":"2025-10-22T10:17:18","slug":"combien-a-gagne-laurence-boccolini-pour-presenter-leurovision-elle-devoile-son-salaire","status":"publish","type":"post","link":"https:\/\/www.europesays.com\/fr\/481734\/","title":{"rendered":"Combien a gagn\u00e9 Laurence Boccolini pour pr\u00e9senter l\u2019Eurovision\u00a0? Elle d\u00e9voile son salaire"},"content":{"rendered":"<p>Laurence Boccolini, l\u2019animatrice au franc-parler l\u00e9gendaire, a lev\u00e9 le voile sur les coulisses de la <a href=\"https:\/\/www.20minutes.fr\/arts-stars\/television\/\" class=\"c-link c-link--is-underlined\" target=\"_blank\" rel=\"noopener\">t\u00e9l\u00e9vision<\/a>. Invit\u00e9e dans Le Jet de Luxe de Jordan De Luxe, elle a d\u00e9voil\u00e9 sans d\u00e9tour le montant de sa r\u00e9mun\u00e9ration pour avoir pr\u00e9sent\u00e9 l\u2019<a href=\"https:\/\/www.20minutes.fr\/arts-stars\/culture\/eurovision\/\" class=\"c-link c-link--is-underlined\" target=\"_blank\" rel=\"noopener\">Eurovision<\/a> aux c\u00f4t\u00e9s de <a href=\"https:\/\/www.20minutes.fr\/arts-stars\/television\/stephane-bern\/\" class=\"c-link c-link--is-underlined\" target=\"_blank\" rel=\"noopener\">St\u00e9phane Bern<\/a>. Un chiffre qui surprend, mais qui refl\u00e8te la r\u00e9alit\u00e9 souvent ingrate du petit \u00e9cran.<\/p>\n<p>Pour trois jours de travail intense pour le concours, diffus\u00e9 par <a href=\"https:\/\/www.20minutes.fr\/television\/france_televisions\/\" class=\"c-link c-link--is-underlined\" target=\"_blank\" rel=\"noopener\">France T\u00e9l\u00e9visions<\/a>, l\u2019animatrice a touch\u00e9 6.000 euros. \u00ab\u00a0Vous y restez trois jours, et en facture, c\u2019est 6.000 euros\u00a0\u00bb, a-t-elle expliqu\u00e9, minimisant l\u2019id\u00e9e d\u2019un \u00ab\u00a0jackpot\u00a0\u00bb. Ce cachet n\u2019\u00e9tait pas, selon ses propres mots, le plus avantageux parmi les \u00e9missions qu\u2019elle a anim\u00e9es pour le groupe public, soulignant le volume de pr\u00e9paration et d\u2019efforts requis pour un \u00e9v\u00e9nement d\u2019une telle envergure.<\/p>\n<p class=\"mb-xxl@xs color-ultramarine font-weight-semi-bold@xs font-source-serif-pro heading-s@xs\">L\u2019acc\u00e8s \u00e0 ce contenu a \u00e9t\u00e9 bloqu\u00e9 afin de respecter votre choix de consentement<\/p>\n<p class=\"mb-m@xs text-l@xs\">En cliquant sur\u00ab J\u2019accepte \u00bb, vous acceptez le d\u00e9p\u00f4t de cookies par des services externes et aurez ainsi acc\u00e8s aux contenus de nos partenaires.<\/p>\n<p class=\"mb-xl@xs text-s@xs\">Plus d\u2019informations sur la page<a href=\"https:\/\/www.20minutes.fr\/gestion-cookies\" class=\"mx-xxs@xs color-ultramarine\" target=\"_blank\" rel=\"noopener\">Politique de gestion des cookies<\/a><\/p>\n<p>J\u2019accepteSes d\u00e9sillusions avec France T\u00e9l\u00e9visions<\/p>\n<p>Ce d\u00e9ballage financier s\u2019inscrit dans un entretien plus large o\u00f9 l\u2019animatrice de 61 ans a \u00e9voqu\u00e9 ses d\u00e9sillusions avec le service public. R\u00e9cemment \u00e9vinc\u00e9e de l\u2019\u00e9mission Les Enfants de la t\u00e9l\u00e9 sur <a href=\"https:\/\/www.20minutes.fr\/television\/france_2\/\" class=\"c-link c-link--is-underlined\" target=\"_blank\" rel=\"noopener\">France 2<\/a>, un d\u00e9part qu\u2019elle a qualifi\u00e9 de \u00ab\u00a0brutal\u00a0\u00bb et \u00ab\u00a0regrett\u00e9\u00a0\u00bb, Laurence Boccolini n\u2019a pas m\u00e2ch\u00e9 ses mots. Elle a racont\u00e9 comment, apr\u00e8s avoir boucl\u00e9 sa saison, elle s\u2019est heurt\u00e9e \u00e0 un silence radio pour la signature de son nouveau contrat.<\/p>\n<p>Pire\u00a0: c\u2019est par un SMS tardif, en plein \u00e9t\u00e9, que <a href=\"https:\/\/www.20minutes.fr\/arts-stars\/people\/4179579-20251015-faustine-bollaert-repond-laurence-boccolini-message-apres-avoir-remplacee-enfants-tele\" target=\"_blank\" class=\"c-link c-link--is-underlined\" rel=\"noopener\">Faustine Bollaert<\/a>, sa rempla\u00e7ante, l\u2019a inform\u00e9e de la nouvelle. \u00ab\u00a0Elle ne m\u2019a m\u00eame pas appel\u00e9e, juste envoy\u00e9 un SMS [\u2026] en me disant qu\u2019elle \u00e9tait d\u00e9sol\u00e9e et qu\u2019elle ne savait pas que je n\u2019avais plus rien. Elle m\u2019a assur\u00e9e de \u00a0\u00bbsa sororit\u00e9\u00a0\u00bb. Franchement, il faut arr\u00eater avec ce mot-l\u00e0\u00a0\u00bb, a-t-elle lanc\u00e9, visiblement agac\u00e9e.<\/p>\n<p>Laurence Boccolini a officialis\u00e9 son d\u00e9part de France T\u00e9l\u00e9visions dans un communiqu\u00e9 transmis \u00e0 l\u2019AFP\u00a0: \u00ab\u00a0Je prends \u00e0 regret la d\u00e9cision de quitter France TV. Je ne le fais pas de gaiet\u00e9 de c\u0153ur\u00a0\u00bb, \u00e9crivait-elle. Elle explique avoir refus\u00e9 les conditions impos\u00e9es par la cha\u00eene, notamment une clause d\u2019exclusivit\u00e9 et la modification de certains propos tenus dans cet entretien avec Jordan De Luxe.<\/p>\n","protected":false},"excerpt":{"rendered":"Laurence Boccolini, l\u2019animatrice au franc-parler l\u00e9gendaire, a lev\u00e9 le voile sur les coulisses de la t\u00e9l\u00e9vision. Invit\u00e9e dans&hellip;\n","protected":false},"author":2,"featured_media":481735,"comment_status":"","ping_status":"","sticky":false,"template":"","format":"standard","meta":{"footnotes":""},"categories":[1359],"tags":[58,59,51844,1011,27,2400,594,973,18875,252],"class_list":{"0":"post-481734","1":"post","2":"type-post","3":"status-publish","4":"format-standard","5":"has-post-thumbnail","7":"category-people","8":"tag-divertissement","9":"tag-entertainment","10":"tag-eurovision-2026","11":"tag-fr","12":"tag-france","13":"tag-france-televisions","14":"tag-france-2","15":"tag-people","16":"tag-stephane-bern","17":"tag-television"},"share_on_mastodon":{"url":"https:\/\/pubeurope.com\/@fr\/115417307255318369","error":""},"_links":{"self":[{"href":"https:\/\/www.europesays.com\/fr\/wp-json\/wp\/v2\/posts\/481734","targetHints":{"allow":["GET"]}}],"collection":[{"href":"https:\/\/www.europesays.com\/fr\/wp-json\/wp\/v2\/posts"}],"about":[{"href":"https:\/\/www.europesays.com\/fr\/wp-json\/wp\/v2\/types\/post"}],"author":[{"embeddable":true,"href":"https:\/\/www.europesays.com\/fr\/wp-json\/wp\/v2\/users\/2"}],"replies":[{"embeddable":true,"href":"https:\/\/www.europesays.com\/fr\/wp-json\/wp\/v2\/comments?post=481734"}],"version-history":[{"count":0,"href":"https:\/\/www.europesays.com\/fr\/wp-json\/wp\/v2\/posts\/481734\/revisions"}],"wp:featuredmedia":[{"embeddable":true,"href":"https:\/\/www.europesays.com\/fr\/wp-json\/wp\/v2\/media\/481735"}],"wp:attachment":[{"href":"https:\/\/www.europesays.com\/fr\/wp-json\/wp\/v2\/media?parent=481734"}],"wp:term":[{"taxonomy":"category","embeddable":true,"href":"https:\/\/www.europesays.com\/fr\/wp-json\/wp\/v2\/categories?post=481734"},{"taxonomy":"post_tag","embeddable":true,"href":"https:\/\/www.europesays.com\/fr\/wp-json\/wp\/v2\/tags?post=481734"}],"curies":[{"name":"wp","href":"https:\/\/api.w.org\/{rel}","templated":true}]}}