{"id":481738,"date":"2025-10-22T10:19:10","date_gmt":"2025-10-22T10:19:10","guid":{"rendered":"https:\/\/www.europesays.com\/fr\/481738\/"},"modified":"2025-10-22T10:19:10","modified_gmt":"2025-10-22T10:19:10","slug":"thomas-pavel-comment-ecouter-la-litterature-2006","status":"publish","type":"post","link":"https:\/\/www.europesays.com\/fr\/481738\/","title":{"rendered":"Thomas Pavel, Comment \u00e9couter la litt\u00e9rature ? (2006)"},"content":{"rendered":"<p>Que se passe-t-il lorsqu&rsquo;une intimit\u00e9 s&rsquo;\u00e9tablit entre la litt\u00e9rature et son public, lorsque le lecteur s&rsquo;abandonne \u00e0 l&rsquo;\u0153uvre\u00a0? Cet abandon est possible parce que les mondes de la fiction, pour \u00e9tranges, fantastiques ou bourr\u00e9s de mythologie qu&rsquo;ils soient, demeurent toujours humains. L&rsquo;\u0153uvre \u00ab\u00a0indique quelque chose au travers d&rsquo;elle\u00a0\u00bb (Hegel)\u00a0: des \u00e9l\u00e9ments id\u00e9aux, dont la v\u00e9rit\u00e9 nous fascine. Telles les confidences d&rsquo;un ami, le sens d&rsquo;une \u0153uvre litt\u00e9raire est remis \u00e0 nos soins. Ne pas l&rsquo;\u00e9couter, ne pas le saisir, ce n&rsquo;est pas simplement faire erreur, c&rsquo;est le m\u00e9conna\u00eetre.<\/p>\n<p>Ce livre, initialement publi\u00e9 sous le m\u00eame titre en 2006 en partenariat avec Fayard, est d\u00e9sormais commercialis\u00e9 par le Coll\u00e8ge de France sous un nouvel ISBN.<\/p>\n","protected":false},"excerpt":{"rendered":"Que se passe-t-il lorsqu&rsquo;une intimit\u00e9 s&rsquo;\u00e9tablit entre la litt\u00e9rature et son public, lorsque le lecteur s&rsquo;abandonne \u00e0 l&rsquo;\u0153uvre\u00a0?&hellip;\n","protected":false},"author":2,"featured_media":481739,"comment_status":"","ping_status":"","sticky":false,"template":"","format":"standard","meta":{"footnotes":""},"categories":[1357],"tags":[1379,58,59,1011,27,1380],"class_list":{"0":"post-481738","1":"post","2":"type-post","3":"status-publish","4":"format-standard","5":"has-post-thumbnail","7":"category-livres","8":"tag-books","9":"tag-divertissement","10":"tag-entertainment","11":"tag-fr","12":"tag-france","13":"tag-livres"},"share_on_mastodon":{"url":"https:\/\/pubeurope.com\/@fr\/115417315054616523","error":""},"_links":{"self":[{"href":"https:\/\/www.europesays.com\/fr\/wp-json\/wp\/v2\/posts\/481738","targetHints":{"allow":["GET"]}}],"collection":[{"href":"https:\/\/www.europesays.com\/fr\/wp-json\/wp\/v2\/posts"}],"about":[{"href":"https:\/\/www.europesays.com\/fr\/wp-json\/wp\/v2\/types\/post"}],"author":[{"embeddable":true,"href":"https:\/\/www.europesays.com\/fr\/wp-json\/wp\/v2\/users\/2"}],"replies":[{"embeddable":true,"href":"https:\/\/www.europesays.com\/fr\/wp-json\/wp\/v2\/comments?post=481738"}],"version-history":[{"count":0,"href":"https:\/\/www.europesays.com\/fr\/wp-json\/wp\/v2\/posts\/481738\/revisions"}],"wp:featuredmedia":[{"embeddable":true,"href":"https:\/\/www.europesays.com\/fr\/wp-json\/wp\/v2\/media\/481739"}],"wp:attachment":[{"href":"https:\/\/www.europesays.com\/fr\/wp-json\/wp\/v2\/media?parent=481738"}],"wp:term":[{"taxonomy":"category","embeddable":true,"href":"https:\/\/www.europesays.com\/fr\/wp-json\/wp\/v2\/categories?post=481738"},{"taxonomy":"post_tag","embeddable":true,"href":"https:\/\/www.europesays.com\/fr\/wp-json\/wp\/v2\/tags?post=481738"}],"curies":[{"name":"wp","href":"https:\/\/api.w.org\/{rel}","templated":true}]}}