{"id":481754,"date":"2025-10-22T10:27:12","date_gmt":"2025-10-22T10:27:12","guid":{"rendered":"https:\/\/www.europesays.com\/fr\/481754\/"},"modified":"2025-10-22T10:27:12","modified_gmt":"2025-10-22T10:27:12","slug":"hermes-hausse-de-96-des-ventes-au-t3-du-mieux-en-chine-mais-la-maroquinerie-pese-22-10-2025-a-1145","status":"publish","type":"post","link":"https:\/\/www.europesays.com\/fr\/481754\/","title":{"rendered":"Herm\u00e8s: Hausse de 9,6% des ventes au T3, du mieux en Chine mais la maroquinerie p\u00e8se &#8211; 22\/10\/2025 \u00e0 11:45"},"content":{"rendered":"<p>        <img fetchpriority=\"high\" decoding=\"async\" src=\"https:\/\/www.europesays.com\/fr\/wp-content\/uploads\/2025\/10\/9fc6523cd923fb75a32aaa7c3691e72c-760x490.jpg\" alt=\"Le logo d'Hermes est visible \u00e0 Paris\" loading=\"eager\" width=\"760\" height=\"490\" style=\"max-width: 100%!important; height: auto;\"\/><\/p>\n<p class=\"c-image-news__legend\">Le logo d&rsquo;Hermes est visible \u00e0 Paris<\/p>\n<p>\n Herm\u00e8s a dit mercredi observer des signes d&rsquo;am\u00e9lioration en Chine, un march\u00e9 cl\u00e9 pour le luxe, et fait \u00e9tat d&rsquo;une croissance de 9,6% \u00e0 taux de change constants de ses ventes au troisi\u00e8me trimestre, m\u00eame si la performance de sa principale division de maroquinerie a quelque peu d\u00e9\u00e7u.\n<\/p>\n<p>\n Les commentaires du groupe sur le march\u00e9 chinois font \u00e9cho \u00e0 ceux d&rsquo;autres g\u00e9ants du secteur comme LVMH et L&rsquo;Or\u00e9al.\n<\/p>\n<p>\n En Chine, \u00ab\u00a0on peut noter une tr\u00e8s l\u00e9g\u00e8re am\u00e9lioration sur le troisi\u00e8me trimestre cette ann\u00e9e par rapport au trimestre pr\u00e9c\u00e9dent\u00a0\u00bb, a d\u00e9clar\u00e9 aupr\u00e8s des journalistes le directeur financier Eric de Halgou\u00ebt, \u00e9voquant des \u00ab\u00a0signes de stabilisation\u00a0\u00bb de l&rsquo;immobilier dans les grandes villes et la \u00ab\u00a0reprise\u00a0\u00bb des march\u00e9s boursiers chinois.\n<\/p>\n<p>\n Au troisi\u00e8me trimestre, le chiffre d&rsquo;affaires de Herm\u00e8s a atteint 3,881 milliards d&rsquo;euros, en hausse de 4,8% \u00e0 donn\u00e9es publi\u00e9es. La croissance organique ressort quasiment en ligne avec le consensus de 10% r\u00e9alis\u00e9 par Visible Alpha et cit\u00e9 par UBS.\n<\/p>\n<p>\n La division de maroquinerie, qui inclut le c\u00e9l\u00e8bre sac Birkin et repr\u00e9sente pr\u00e8s de la moiti\u00e9 du chiffre d&rsquo;affaires annuel, a vu ses ventes progresser de 13,3%, soit moins que la hausse de 14% attendue par le consensus selon UBS.\n<\/p>\n<p>\n A la Bourse de Paris, l&rsquo;action Herm\u00e8s reculait de 2,97% \u00e0 2.183 euros vers 07h45 GMT, accusant un des plus forts replis du CAC 40 derri\u00e8re l&rsquo;Or\u00e9al.\n<\/p>\n<p>\n \u00ab\u00a0Dans l\u2019ensemble, nous pensons que le titre pourrait \u00eatre sous pression \u00e0 court terme, compte tenu de la l\u00e9g\u00e8re contre-performance dans la division cl\u00e9 de maroquinerie et des attentes \u00e9lev\u00e9es du c\u00f4t\u00e9 des investisseurs &lsquo;buy-side&rsquo; refl\u00e9tant un sentiment plus positif dans le luxe r\u00e9cemment\u00a0\u00bb, ont comment\u00e9 dans une note les analystes de RBC.\n<\/p>\n<p>\n Le concurrent LVMH a fait \u00e9tat la semaine derni\u00e8re d&rsquo;une croissance organique de 1% pour le troisi\u00e8me trimestre. L&rsquo;autre g\u00e9ant du luxe Kering publiera ses comptes trimestriels apr\u00e8s la cl\u00f4ture du march\u00e9.\n<\/p>\n<p>\n Herm\u00e8s a pour habitude de r\u00e9sister beaucoup mieux que ses concurrents au ralentissement de l&rsquo;industrie du luxe. Le sellier a bri\u00e8vement d\u00e9pass\u00e9 en avril LVMH comme premi\u00e8re capitalisation mondiale du secteur.\n<\/p>\n<p>\n Mais alors que plusieurs groupes de luxe connaissent des bouleversements, comme Kering ou Armani, le statut de Herm\u00e8s comme valeur refuge du secteur est \u00ab\u00a0peu enthousiasmant\u00a0\u00bb, pointent mercredi les analystes de Jefferies.\n<\/p>\n<p>\n (R\u00e9dig\u00e9 par Blandine H\u00e9nault, avec Mimosa Spencer et Tassilo Hummel, \u00e9dit\u00e9 par Augustin Turpin)<\/p>\n","protected":false},"excerpt":{"rendered":"Le logo d&rsquo;Hermes est visible \u00e0 Paris Herm\u00e8s a dit mercredi observer des signes d&rsquo;am\u00e9lioration en Chine, un&hellip;\n","protected":false},"author":2,"featured_media":481755,"comment_status":"","ping_status":"","sticky":false,"template":"","format":"standard","meta":{"footnotes":""},"categories":[6],"tags":[400,398,408,35,405,33,34,1011,27,403,402,399,404,401,406,407],"class_list":{"0":"post-481754","1":"post","2":"type-post","3":"status-publish","4":"format-standard","5":"has-post-thumbnail","7":"category-economie","8":"tag-action-cac-40","9":"tag-bourse-de-paris","10":"tag-boursorama","11":"tag-business","12":"tag-cotations","13":"tag-economie","14":"tag-economy","15":"tag-fr","16":"tag-france","17":"tag-indices-devises","18":"tag-investir","19":"tag-investissement","20":"tag-marche-boursier","21":"tag-sicav","22":"tag-trackers","23":"tag-warrants"},"share_on_mastodon":{"url":"https:\/\/pubeurope.com\/@fr\/115417346973551796","error":""},"_links":{"self":[{"href":"https:\/\/www.europesays.com\/fr\/wp-json\/wp\/v2\/posts\/481754","targetHints":{"allow":["GET"]}}],"collection":[{"href":"https:\/\/www.europesays.com\/fr\/wp-json\/wp\/v2\/posts"}],"about":[{"href":"https:\/\/www.europesays.com\/fr\/wp-json\/wp\/v2\/types\/post"}],"author":[{"embeddable":true,"href":"https:\/\/www.europesays.com\/fr\/wp-json\/wp\/v2\/users\/2"}],"replies":[{"embeddable":true,"href":"https:\/\/www.europesays.com\/fr\/wp-json\/wp\/v2\/comments?post=481754"}],"version-history":[{"count":0,"href":"https:\/\/www.europesays.com\/fr\/wp-json\/wp\/v2\/posts\/481754\/revisions"}],"wp:featuredmedia":[{"embeddable":true,"href":"https:\/\/www.europesays.com\/fr\/wp-json\/wp\/v2\/media\/481755"}],"wp:attachment":[{"href":"https:\/\/www.europesays.com\/fr\/wp-json\/wp\/v2\/media?parent=481754"}],"wp:term":[{"taxonomy":"category","embeddable":true,"href":"https:\/\/www.europesays.com\/fr\/wp-json\/wp\/v2\/categories?post=481754"},{"taxonomy":"post_tag","embeddable":true,"href":"https:\/\/www.europesays.com\/fr\/wp-json\/wp\/v2\/tags?post=481754"}],"curies":[{"name":"wp","href":"https:\/\/api.w.org\/{rel}","templated":true}]}}