{"id":481756,"date":"2025-10-22T10:28:11","date_gmt":"2025-10-22T10:28:11","guid":{"rendered":"https:\/\/www.europesays.com\/fr\/481756\/"},"modified":"2025-10-22T10:28:11","modified_gmt":"2025-10-22T10:28:11","slug":"dans-le-nord-de-chypre-le-revers-de-recep-tayyip-erdogan-liberation","status":"publish","type":"post","link":"https:\/\/www.europesays.com\/fr\/481756\/","title":{"rendered":"Dans le nord de Chypre, le revers de Recep Tayyip Erdogan \u2013 Lib\u00e9ration"},"content":{"rendered":"<p class=\"sc-cPiKLX AiZTS text-element\">Un camouflet pour Ankara. L\u2019\u00e9lection pr\u00e9sidentielle dans la R\u00e9publique turque de Chypre du Nord, une r\u00e9publique s\u00e9paratiste reconnue uniquement par la Turquie, a vu la d\u00e9faite dimanche 19 octobre du <a href=\"https:\/\/www.liberation.fr\/planete\/2020\/10\/19\/chypre-nord-l-election-d-un-president-pro-turc-renforce-l-ambition-d-erdogan-sur-la-mediterranee_1802859\/\" target=\"_blank\" rel=\"nofollow noopener\" title=\"https:\/\/www.liberation.fr\/planete\/2020\/10\/19\/chypre-nord-l-election-d-un-president-pro-turc-renforce-l-ambition-d-erdogan-sur-la-mediterranee_1802859\/\">pr\u00e9sident conservateur sortant, Ersin Tatar<\/a>, soutenu par le pouvoir turc, et la victoire du candidat social-d\u00e9mocrate Tufan Erh\u00fcrman. Ce dernier est favorable \u00e0 une r\u00e9unification de Chypre, \u00eele divis\u00e9e depuis 1974. A l\u2019oppos\u00e9 des vis\u00e9es du pr\u00e9sident turc Recep Tayyip Erdogan. <\/p>\n<p class=\"sc-cPiKLX AiZTS text-element\">Celui-ci a n\u00e9anmoins f\u00e9licit\u00e9 Tufan Erh\u00fcrman pour sa victoire et a assur\u00e9 qu\u2019Ankara continuerait \u00e0 \u00abd\u00e9fendre les droits et int\u00e9r\u00eats souverains de la R\u00e9publique turque de Chypre du Nord, aux c\u00f4t\u00e9s de nos fr\u00e8res et s\u0153urs Chypriotes turcs, sur tous les fronts\u00bb. Le pr\u00e9sident \u00e9lu lui a rendu la politesse, d\u00e9clarant apr\u00e8s sa victoire qu\u2019il exercerait ses responsabilit\u00e9s \u00abnotamment en mati\u00e8re de politique \u00e9trang\u00e8re, en concertation avec la R\u00e9publique de Turquie\u00bb. Le social-d\u00e9mocrate, qui a remport\u00e9 une victoire massive, avec 62,76 % des suffrages exprim\u00e9s, a tenu \u00e0 ce \u00abque personne ne s\u2019inqui\u00e8te\u00bb de sa future relation avec le pouvoir turc. Son \u00e9lection de <\/p>\n","protected":false},"excerpt":{"rendered":"Un camouflet pour Ankara. L\u2019\u00e9lection pr\u00e9sidentielle dans la R\u00e9publique turque de Chypre du Nord, une r\u00e9publique s\u00e9paratiste reconnue&hellip;\n","protected":false},"author":2,"featured_media":481757,"comment_status":"","ping_status":"","sticky":false,"template":"","format":"standard","meta":{"footnotes":""},"categories":[5],"tags":[11,16996,1011,27,8906,14,12,3496,28],"class_list":{"0":"post-481756","1":"post","2":"type-post","3":"status-publish","4":"format-standard","5":"has-post-thumbnail","7":"category-international","8":"tag-actualites","9":"tag-chypre","10":"tag-fr","11":"tag-france","12":"tag-grece","13":"tag-international","14":"tag-news","15":"tag-turquie","16":"tag-world"},"share_on_mastodon":{"url":"https:\/\/pubeurope.com\/@fr\/115417350504845931","error":""},"_links":{"self":[{"href":"https:\/\/www.europesays.com\/fr\/wp-json\/wp\/v2\/posts\/481756","targetHints":{"allow":["GET"]}}],"collection":[{"href":"https:\/\/www.europesays.com\/fr\/wp-json\/wp\/v2\/posts"}],"about":[{"href":"https:\/\/www.europesays.com\/fr\/wp-json\/wp\/v2\/types\/post"}],"author":[{"embeddable":true,"href":"https:\/\/www.europesays.com\/fr\/wp-json\/wp\/v2\/users\/2"}],"replies":[{"embeddable":true,"href":"https:\/\/www.europesays.com\/fr\/wp-json\/wp\/v2\/comments?post=481756"}],"version-history":[{"count":0,"href":"https:\/\/www.europesays.com\/fr\/wp-json\/wp\/v2\/posts\/481756\/revisions"}],"wp:featuredmedia":[{"embeddable":true,"href":"https:\/\/www.europesays.com\/fr\/wp-json\/wp\/v2\/media\/481757"}],"wp:attachment":[{"href":"https:\/\/www.europesays.com\/fr\/wp-json\/wp\/v2\/media?parent=481756"}],"wp:term":[{"taxonomy":"category","embeddable":true,"href":"https:\/\/www.europesays.com\/fr\/wp-json\/wp\/v2\/categories?post=481756"},{"taxonomy":"post_tag","embeddable":true,"href":"https:\/\/www.europesays.com\/fr\/wp-json\/wp\/v2\/tags?post=481756"}],"curies":[{"name":"wp","href":"https:\/\/api.w.org\/{rel}","templated":true}]}}