{"id":481773,"date":"2025-10-22T10:37:11","date_gmt":"2025-10-22T10:37:11","guid":{"rendered":"https:\/\/www.europesays.com\/fr\/481773\/"},"modified":"2025-10-22T10:37:11","modified_gmt":"2025-10-22T10:37:11","slug":"un-homme-gravement-blesse-a-coups-de-sabre-lors-dune-altercation-dans-une-commune-proche-de-montpellier","status":"publish","type":"post","link":"https:\/\/www.europesays.com\/fr\/481773\/","title":{"rendered":"Un homme gravement bless\u00e9 \u00e0 coups de sabre lors d\u2019une altercation, dans une commune proche de Montpellier"},"content":{"rendered":"<p>\n                                                                Un diff\u00e9rend entre deux hommes a d\u00e9g\u00e9n\u00e9r\u00e9 en violences physiques, mardi 21\u00a0octobre en de journ\u00e9e, dans une commune proche de Montpellier. La victime, gravement bless\u00e9e, a \u00e9t\u00e9 transport\u00e9e au CHU de Montpellier.\n                            <\/p>\n<p>Une altercation entre deux hommes a gravement d\u00e9g\u00e9n\u00e9r\u00e9, mardi 21\u00a0octobre vers 19\u00a0h \u00e0 Saint-Georges-d\u2019Orques, \u00e0 l\u2019ouest de Montpellier. Pour un motif qui reste \u00e0 d\u00e9terminer, les deux individus en sont venus aux mains, rue des Carri\u00e8res, dans la zone d\u2019activit\u00e9 du Mijoulan.<\/p>\n<p>Une enqu\u00eate ouverte<\/p>\n<p>L\u2019un d\u2019entre eux, \u00e2g\u00e9 d\u2019une quarantaine d\u2019ann\u00e9es, a bless\u00e9 l\u2019autre avec un sabre, au niveau du bras. Gravement atteint, ce dernier a \u00e9t\u00e9 \u00e9vacu\u00e9 au CHU de Montpellier.<\/p>\n<p>L\u2019auteur des faits a \u00e9t\u00e9 interpell\u00e9 par les gendarmes de la compagnie de Castelnau-le-Lez et plac\u00e9 en garde \u00e0 vue. Une enqu\u00eate est en cours afin de d\u00e9terminer les circonstances des faits.<\/p>\n","protected":false},"excerpt":{"rendered":"Un diff\u00e9rend entre deux hommes a d\u00e9g\u00e9n\u00e9r\u00e9 en violences physiques, mardi 21\u00a0octobre en de journ\u00e9e, dans une commune&hellip;\n","protected":false},"author":2,"featured_media":481774,"comment_status":"","ping_status":"","sticky":false,"template":"","format":"standard","meta":{"footnotes":""},"categories":[9599],"tags":[1111,11,1777,674,1011,27,2208,12,2680,25],"class_list":{"0":"post-481773","1":"post","2":"type-post","3":"status-publish","4":"format-standard","5":"has-post-thumbnail","7":"category-montpellier","8":"tag-actu","9":"tag-actualites","10":"tag-eu","11":"tag-europe","12":"tag-fr","13":"tag-france","14":"tag-montpellier","15":"tag-news","16":"tag-occitanie","17":"tag-republique-francaise"},"share_on_mastodon":{"url":"https:\/\/pubeurope.com\/@fr\/115417385941249847","error":""},"_links":{"self":[{"href":"https:\/\/www.europesays.com\/fr\/wp-json\/wp\/v2\/posts\/481773","targetHints":{"allow":["GET"]}}],"collection":[{"href":"https:\/\/www.europesays.com\/fr\/wp-json\/wp\/v2\/posts"}],"about":[{"href":"https:\/\/www.europesays.com\/fr\/wp-json\/wp\/v2\/types\/post"}],"author":[{"embeddable":true,"href":"https:\/\/www.europesays.com\/fr\/wp-json\/wp\/v2\/users\/2"}],"replies":[{"embeddable":true,"href":"https:\/\/www.europesays.com\/fr\/wp-json\/wp\/v2\/comments?post=481773"}],"version-history":[{"count":0,"href":"https:\/\/www.europesays.com\/fr\/wp-json\/wp\/v2\/posts\/481773\/revisions"}],"wp:featuredmedia":[{"embeddable":true,"href":"https:\/\/www.europesays.com\/fr\/wp-json\/wp\/v2\/media\/481774"}],"wp:attachment":[{"href":"https:\/\/www.europesays.com\/fr\/wp-json\/wp\/v2\/media?parent=481773"}],"wp:term":[{"taxonomy":"category","embeddable":true,"href":"https:\/\/www.europesays.com\/fr\/wp-json\/wp\/v2\/categories?post=481773"},{"taxonomy":"post_tag","embeddable":true,"href":"https:\/\/www.europesays.com\/fr\/wp-json\/wp\/v2\/tags?post=481773"}],"curies":[{"name":"wp","href":"https:\/\/api.w.org\/{rel}","templated":true}]}}