{"id":481775,"date":"2025-10-22T10:38:12","date_gmt":"2025-10-22T10:38:12","guid":{"rendered":"https:\/\/www.europesays.com\/fr\/481775\/"},"modified":"2025-10-22T10:38:12","modified_gmt":"2025-10-22T10:38:12","slug":"les-ecologistes-pour-montpellier-mettent-lalimentation-a-la-table-de-la-democratie","status":"publish","type":"post","link":"https:\/\/www.europesays.com\/fr\/481775\/","title":{"rendered":"les \u00c9cologistes pour Montpellier mettent l&rsquo;alimentation \u00e0 la table de la d\u00e9mocratie"},"content":{"rendered":"<p>            Par<br \/>\n        <strong><br \/>\n            <a href=\"https:\/\/actu.fr\/auteur\/c-nithard\" title=\"Consulter tous les articles de C\u00e9dric Nithard\" rel=\"nofollow noopener\" target=\"_blank\">C\u00e9dric Nithard<\/a><br \/>\n        <\/strong><\/p>\n<p>        Publi\u00e9 le<\/p>\n<p>            22 oct. 2025 \u00e0 12h29        <\/p>\n<p><strong>Les \u00c9cologistes pour Montpellier<\/strong> poursuivent, dans la joie et la bonne humeur, leur \u00e9tonnante <strong>campagne des municipales<\/strong>. Pour ceux qui n\u2019ont pas suivi, ces derniers, membres de la majorit\u00e9 et restant fid\u00e8les \u00e0 celle-ci, ont <a href=\"https:\/\/actu.fr\/occitanie\/montpellier_34172\/leurs-elus-suspendus-d-eelv-les-ecologistes-pour-montpellier-pronent-le-grandir-dehors_63202710.html\" rel=\"nofollow noopener\" target=\"_blank\">\u00e9t\u00e9 suspendus temporairement par leur parti pour justement mener cette campagne<\/a> tandis que <a href=\"https:\/\/actu.fr\/occitanie\/montpellier_34172\/montpellier-les-ecologistes-partiront-aux-municipales-sans-michael-delafosse-et-le-parti-socialiste_62817815.html\" rel=\"nofollow noopener\" target=\"_blank\">Jean-Louis Roum\u00e9gas a \u00e9t\u00e9 choisi par le groupe local pour conduire une liste port\u00e9e par une strat\u00e9gie anti-Delafosse<\/a>. Et s\u2019ils n\u2019ont pas la volont\u00e9 de pr\u00e9senter un candidat issu de leur groupe, ils continuent de d\u00e9fendre les politiques publiques impuls\u00e9es durant le mandat et de <strong>mettre dans le d\u00e9bat leurs propositions<\/strong>, en \u00ab\u00a0licence libre\u00a0\u00bb comme dit Manu Reynaud qui poursuit \u00ab\u00a0son pari du fond et des id\u00e9es\u00a0\u00bb.<\/p>\n<p>Capitale de la d\u00e9mocratie alimentaire<\/p>\n<p class=\" wall-content\">Ainsi apr\u00e8s \u00ab\u00a0Grandir dehors\u00a0\u00bb et \u00ab\u00a0Marche \u00e0 l\u2019ombre\u00a0\u00bb, la th\u00e9matique du jour portait sur \u00ab\u00a0Bien manger dans son quartier\u00a0\u00bb. Soit une quarantaine de mesures relatives \u00e0 l\u2019alimentation, un sujet qui englobe plusieurs enjeux et probl\u00e9matiques pris dans une approche transversale : sant\u00e9, pr\u00e9carit\u00e9, lien social, \u00e9ducation, agriculture et bien s\u00fbr \u00e9cologie. \u00ab\u00a0<a href=\"https:\/\/actu.fr\/occitanie\/montpellier_34172\/montpellier-place-forte-de-l-alimentation-durable-manger-comme-on-seme_61950386.html\" rel=\"nofollow noopener\" target=\"_blank\">Au niveau de la Ville et de la M\u00e9tropole, nous agissons d\u00e9j\u00e0<\/a> mais nous voulons aller plus loin et d\u00e9velopper des axes sur lesquels on est d\u00e9j\u00e0 engag\u00e9s mais aussi de nouvelles propositions pour l\u2019acc\u00e8s \u00e0 une alimentation de qualit\u00e9, le bien-vivre ensemble et la qualit\u00e9 de vie dans son quartier\u00a0\u00bb explique Marie Massart pour qui le sujet n\u2019est pas \u00e9tranger en tant que d\u00e9l\u00e9gu\u00e9e \u00e0 la Politique alimentaire et \u00e0 l\u2019agriculture urbaine depuis le d\u00e9but du mandat.<\/p>\n<p class=\" wall-content\">Quatre axes se d\u00e9gagent dans les propositions des \u00c9cologistes pour Montpellier : des produits sains et accessibles dans tous les quartiers (cr\u00e9ation de dix maisons de l\u2019alimentation, ouverture de lieux d\u2019achat en gros pour les particuliers, accompagner les commer\u00e7ants pour am\u00e9liorer la qualit\u00e9 de leur offre sans hausse de prix et de co\u00fbts, cr\u00e9ation de 600 nouvelles parcelles de jardins familiaux\u2026), la cuisine au coeur de la ville pour faire de la cuisine un levier de sant\u00e9 et de lien social (organiser un festival de cuisine de rue et des \u00e9v\u00e9nements festifs avec des food-trucks, d\u00e9ployer des cuisines mobiles, cr\u00e9er des cuisines collectives\u2026), la p\u00e9dagogie comme levier de d\u00e9mocratie alimentaire (cr\u00e9er un Parlement de l\u2019alimentation, cr\u00e9er de nouvelles habitudes en offrant des bons d\u2019achat en Graine ou Mona lors des naissances et d\u00e9m\u00e9nagement pour faire conna\u00eetre les commerces de qualit\u00e9, g\u00e9n\u00e9raliser les jardins p\u00e9dagogiques dans les \u00e9coles\u2026) et, enfin, soutenir les paysans et structurer les fili\u00e8res de production locale (atteindre 100% de produits bio et locaux dans les cantines, cr\u00e8ches et Ehpad d\u2019ici 2030, am\u00e9nager trois agriparcs, cr\u00e9er un plan foncier agricole municipal, d\u00e9ployer un fonds de pr\u00eat \u00e0 taux 0% aux entreprises innovantes de l\u2019alimentaire et l\u2019agro\u00e9cologie\u2026). Ces propositions seront par ailleurs compl\u00e9t\u00e9es par le travail continu men\u00e9 avec les militants, les associations et les chercheurs. Le tout ayant pour but de faire de Montpellier \u00ab\u00a0la capitale de la d\u00e9mocratie alimentaire\u00a0\u00bb.<\/p>\n<p>Une S\u00e9curit\u00e9 Sociale de l\u2019Alimentation<\/p>\n<p class=\" wall-content\">\u00ab\u00a0On ne part pas de rien. Dans ce d\u00e9but de campagne, certains sont au stade de trouver de nouvelles id\u00e9es, nous on d\u00e9roule quelque chose qui se passe depuis cinq ans\u00a0\u00bb souligne Gr\u00e9goire Delforge en rappelant <a href=\"https:\/\/actu.fr\/occitanie\/montpellier_34172\/montpellier-d-une-cuisine-centrale-obsolete-a-l-ambitieuse-cite-de-l-alimentation_61999799.html\" rel=\"nofollow noopener\" target=\"_blank\">le projet important de Cit\u00e9 de l\u2019Alimentation pour repenser toute la restauration collective<\/a>, la tarification sociale dans les cantines, l\u2019am\u00e9lioration de la qualit\u00e9\u00a0 des repas scolaires, <a href=\"https:\/\/actu.fr\/occitanie\/montpellier_34172\/montpellier-alimentation-durable-l-evolution-du-pole-transformation-du-min-porte-ses-fruits_61858666.html\" rel=\"nofollow noopener\" target=\"_blank\">les \u00e9volutions du March\u00e9 Gare avec notamment son p\u00f4le de transformation alimentaire<\/a>.., <a href=\"https:\/\/actu.fr\/occitanie\/montpellier_34172\/montpellier-lancement-de-la-maison-de-l-alimentation-solidaire-a-celleneuve_61909302.html\" rel=\"nofollow noopener\" target=\"_blank\">les maisons de l\u2019alimentation solidaire<\/a>\u2026<\/p>\n<p class=\" wall-content\">Les mesures pr\u00e9sent\u00e9es avec \u00ab\u00a0Bien manger dans son quartier\u00a0\u00bb ont ainsi pour but de renforcer et \u00e9largir la Caisse Alimentaire Commune pour atteindre une forme de S\u00e9curit\u00e9 Sociale de l\u2019Alimentation. \u00ab\u00a0Si demain, \u00e0 l\u2019image de la S\u00e9curit\u00e9 Sociale mise en place en 1947, qui ne r\u00e9sout pas tout mais quand m\u00eame \u00e9norm\u00e9ment de probl\u00e8mes autour de la sant\u00e9, on avait tous une carte vitale avec l\u2019alimentation, qui ne stigmatise pas les personnes comme aujourd\u2019hui quand on va chez le m\u00e9decin, cela peut \u00eatre un vrai projet de soci\u00e9t\u00e9\u00a0\u00bb ambitionne Marie Massart.<\/p>\n<p>Vid\u00e9os : en ce moment sur Actu<\/p>\n<p class=\" wall-content\">\u00c0 Montpellier, une esquisse de cette s\u00e9curit\u00e9 sociale de l\u2019alimentation est d\u00e9j\u00e0 men\u00e9e avec la Caisse Alimentaire Commune, port\u00e9 par un r\u00e9seau dont fait partie la Ville et la M\u00e9tropole, aupr\u00e8s de 600 personnes (1 300 personnes en 2027) cotisant chacun \u00e0 hauteur de leurs moyens. Un comit\u00e9 de citoyens a d\u00e9termin\u00e9 diff\u00e9rents commerces o\u00f9 chaque b\u00e9n\u00e9ficiaire peut y d\u00e9penser l\u2019\u00e9quivalent de 100\u20ac en monnaie locale (Graine ou Mona) pour une alimentation de qualit\u00e9. \u00ab\u00a0Derri\u00e8re l\u2019id\u00e9e de l\u2019alimentation, il y a celle de pousser de nouveaux droits. La S\u00e9curit\u00e9 Sociale de l\u2019Alimentation et la Caisse Alimentaire Commune sont des exp\u00e9rimentations uniques. C\u2019est \u00e7a pousser de nouveaux droits, c\u2019est faire de la politique et s\u2019interroger sur notre mod\u00e8le de soci\u00e9t\u00e9\u00a0\u00bb souligne Manu Reynaud qui imagine faire de la S\u00e9curit\u00e9 Sociale de l\u2019alimentation un \u00ab\u00a0marqueur dans la campagne mais \u00e9galement pour la Pr\u00e9sidentielle\u00a0\u00bb.<\/p>\n<p>Votre r\u00e9gion, votre actu !<\/p>\n<p>Recevez chaque jour les infos qui comptent pour vous.<\/p>\n<p>\t<a href=\"https:\/\/actu.fr\/newsletter\" class=\"ac-btn ac-btn--corner ac-btn--medium ac-btn--blue800\" rel=\"nofollow noopener\" target=\"_blank\">S&rsquo;incrire<\/a><br \/>\nLe rassemblement toujours esp\u00e9r\u00e9<\/p>\n<p class=\" wall-content\">\u00ab\u00a0Nos initiatives sont un peu uniques dans le paysage des pr\u00e9campagnes municipales. Beaucoup parlent de projets sans jamais en annoncer, on parle beaucoup des logos, des alliances\u2026 Nous, nous avons fait le pari inverse\u00a0\u00bb pointe Manu Reynaud. Tandis que les \u00c9cologistes, version officielle, vogue avec Jean-Louis Roum\u00e9gas, <a href=\"https:\/\/actu.fr\/occitanie\/montpellier_34172\/montpellier-manu-reynaud-et-clothilde-ollier-deux-exclus-encombrants-pour-les-ecologistes_62464733.html\" rel=\"nofollow noopener\" target=\"_blank\">le pr\u00e9sident du groupe des \u00e9cologistes au conseil municipal pose une question aux Verts dont il a \u00e9t\u00e9 exclu<\/a> : \u00ab\u00a0Il n\u2019y a pas eu d\u2019\u00e9cologistes dans les mandats 2008-2014 et 2014-2020 et cela s\u2019est ressenti dans les politiques publiques. Alors comment fait-on pour avoir des \u00e9cologistes dans la majorit\u00e9 ?\u00a0\u00bb. Et m\u00eame si en tant que directeur de campagne de Clothilde Ollier puis de Coralie Mantion, les deux candidates \u00e9cologistes qui se sont succ\u00e9d\u00e9 lors de la pr\u00e9c\u00e9dente municipale, on ne peut pas dire que la strat\u00e9gie pour y parvenir soit un mod\u00e8le du genre, Manu Reynaud et les siens mettent r\u00e9guli\u00e8rement en avant leur impact sur les politiques publiques men\u00e9es.<\/p>\n<p class=\" wall-content\">Un impact qui est par ailleurs tout aussi r\u00e9guli\u00e8rement mis en cause par leurs concurrents \u00e0 gauche pr\u00e9sents dans ces municipales. Mais selon lui, tous n\u2019ont pas les m\u00eames objectifs. \u00ab\u00a0<a href=\"https:\/\/actu.fr\/occitanie\/montpellier_34172\/montpellier-prete-a-toutes-les-echeances-nathalie-oziol-lance-la-campagne-municipale-de-lfi_63289257.html\" rel=\"nofollow noopener\" target=\"_blank\">Avec la venue de Manuel Bompard et la d\u00e9signation de Nathalie Oziol comme t\u00eate de liste<\/a>, La France Insoumise lance une campagne pr\u00e9sidentielle. Comme dans toutes les villes de France, LFI a d\u00e9cid\u00e9 que, quoi qu\u2019il arrive, peu importe les circonstances, les habitants\u2026 ils ont des listes autonomes sans aucun \u00e9change et aucune discussion. Ils sont tr\u00e8s loin des municipales\u00a0\u00bb jugent-ils en observant : \u00ab\u00a0Ce sont des choix strat\u00e9giques, cela leur appartient mais il n\u2019y a aucune recherche de volont\u00e9 de faire quelque chose \u00e0 l\u2019\u00e9chelle de la gauche sur le territoire\u00a0\u00bb. Quant \u00e0 quelques \u00ab\u00a0r\u00e8glements de compte\u00a0\u00bb pouvant exister entre LFI et <a href=\"https:\/\/actu.fr\/occitanie\/montpellier_34172\/municipales-l-assemblee-des-quartiers-populaires-marche-avec-le-printemps-republicain_63315127.html\" rel=\"nofollow noopener\" target=\"_blank\">le Printemps Montpelli\u00e9rain de Jean-Louis Roum\u00e9gas<\/a>, Manu Reynaud dit \u00ab\u00a0s\u2019\u00e9tonner que l\u2019on ne puisse pas hausser le niveau. On ne voit pas la ligne et surtout pas le projet\u00a0\u00bb.\u00a0<\/p>\n<p><img decoding=\"async\" src=\"https:\/\/www.europesays.com\/fr\/wp-content\/uploads\/2025\/10\/manu-reynaud-caravane-isabelle-perrein-municipales-montpellier-640x427.jpg\" alt=\"\" width=\"640\" height=\"427\" loading=\"lazy\"\/>Manu Reynaud et la caravane Isabelle Perrein<\/p>\n<p>Rarement avare d&rsquo;une petite touche d&rsquo;originalit\u00e9, Manu Reynaud a sorti une Simca et sa caravane miniature pour illustrer ses propos sur \u00ab\u00a0l&rsquo;excellente Isabelle Perrein\u00a0\u00bb, se moquant ainsi du local itin\u00e9rant de la candidate de la liste \u00ab\u00a0Aimer Montpellier\u00a0\u00bb. Cette derni\u00e8re ayant la semaine derni\u00e8re lanc\u00e9 la saison des ch\u00e2taignes en ciblant LFI, accus\u00e9e d&rsquo;\u00eatre \u00ab\u00a0le diable\u00a0\u00bb, et tous ceux, de Micha\u00ebl Delafosse \u00e0 Mohed Altrad, qui ont un jour \u00ab\u00a0pactis\u00e9 avec lui\u00a0\u00bb, Jean-Louis Roum\u00e9gas a d\u00e9j\u00e0 r\u00e9pliqu\u00e9 la pointant comme \u00ab\u00a0la candidate de l&rsquo;extr\u00eame droite\u00a0\u00bb. <br \/>Au tour de Manu Reynaud en expliquant son choix d&rsquo;illustration : \u00ab\u00a0Isabelle Perrein c&rsquo;est un peu une vieille voiture avec une vieille caravane, des fois c&rsquo;est sympathique. Mais, derri\u00e8re, l&rsquo;id\u00e9e est qu&rsquo;il faut reprendre de la place aux pi\u00e9tons et aux v\u00e9los \u00e0 la voiture. De notre point de vue c&rsquo;est caricatural mais cela a le m\u00e9rite du d\u00e9bat. C&rsquo;est une vraie proposition tranch\u00e9e contre la gratuit\u00e9 et pour le retour de la voiture sur l&rsquo;espace publique et de la pollution. Il fallait y penser, Isabelle Perrein l&rsquo;a fait\u00a0\u00bb. Attaques, r\u00e9ponses&#8230; quoi de mieux pour faire parler de soi et mener une campagne sur&#8230; le fond.<\/p>\n<p class=\" wall-content\">Alors malgr\u00e9 tous les \u00e9pisodes, Manu Reynaud veut encore y croire : \u00ab\u00a0Nous voulons rassembler la gauche dans toute sa diversit\u00e9 et nous serons d\u00e9termin\u00e9s \u00e0 le faire jusqu\u2019au 26 f\u00e9vrier date du d\u00e9p\u00f4t des listes. Vous pouvez compter sur nous pour chercher l\u2019union de la gauche et des \u00e9cologistes jusqu\u2019au bout\u00a0\u00bb. Et de pr\u00e9ciser comme une main tendue : \u00ab\u00a0Rien n\u2019est jou\u00e9, tout peut changer. Il n\u2019y a pas d\u2019animosit\u00e9 entre nous, ce n\u2019est que de la politique. Si certains doivent prendre sur eux, nous le disons publiquement, nous prendrons sur nous car le plus important est d\u2019arriver, par respect pour nos \u00e9lecteurs et les habitants, \u00e0 faire le rassemblement\u00a0\u00bb. Un optimisme port\u00e9e par la d\u00e9cision des \u00c9cologistes de Nantes et Rennes de participer \u00e0 un rassemblement de la gauche, \u00ab\u00a0deux villes cousines de Montpellier qui de notre point de vue donnent l\u2019exemple\u00a0\u00bb souligne-t-il. Si une chose est certaine, c\u2019est qu\u2019en mati\u00e8re d\u2019\u00e9lection municipale personne ne dira cela de Montpellier\u2026<\/p>\n<p class=\" wall-content\">Personnalisez votre actualit\u00e9 en ajoutant vos villes et m\u00e9dias en favori avec <a href=\"https:\/\/moncompte.actu.fr\" title=\"D\u00e9couvez Mon Actu\" rel=\"nofollow noopener\" data-trk=\"{&quot;cta&quot;:{&quot;action&quot;:&quot;https:\\\/\\\/moncompte.actu.fr&quot;,&quot;category&quot;:&quot;mon compte&quot;,&quot;from&quot;:&quot;article footer&quot;,&quot;name&quot;:&quot;Mon actu&quot;,&quot;type&quot;:&quot;cta&quot;}}\" target=\"_blank\">Mon Actu<\/a>.<\/p>\n","protected":false},"excerpt":{"rendered":"Par C\u00e9dric Nithard Publi\u00e9 le 22 oct. 2025 \u00e0 12h29 Les \u00c9cologistes pour Montpellier poursuivent, dans la joie&hellip;\n","protected":false},"author":2,"featured_media":481776,"comment_status":"","ping_status":"","sticky":false,"template":"","format":"standard","meta":{"footnotes":""},"categories":[9599],"tags":[1111,11,4188,1777,674,1011,27,2208,12,2680,316,25],"class_list":{"0":"post-481775","1":"post","2":"type-post","3":"status-publish","4":"format-standard","5":"has-post-thumbnail","7":"category-montpellier","8":"tag-actu","9":"tag-actualites","10":"tag-elections-municipales","11":"tag-eu","12":"tag-europe","13":"tag-fr","14":"tag-france","15":"tag-montpellier","16":"tag-news","17":"tag-occitanie","18":"tag-politique","19":"tag-republique-francaise"},"share_on_mastodon":{"url":"https:\/\/pubeurope.com\/@fr\/115417390330534365","error":""},"_links":{"self":[{"href":"https:\/\/www.europesays.com\/fr\/wp-json\/wp\/v2\/posts\/481775","targetHints":{"allow":["GET"]}}],"collection":[{"href":"https:\/\/www.europesays.com\/fr\/wp-json\/wp\/v2\/posts"}],"about":[{"href":"https:\/\/www.europesays.com\/fr\/wp-json\/wp\/v2\/types\/post"}],"author":[{"embeddable":true,"href":"https:\/\/www.europesays.com\/fr\/wp-json\/wp\/v2\/users\/2"}],"replies":[{"embeddable":true,"href":"https:\/\/www.europesays.com\/fr\/wp-json\/wp\/v2\/comments?post=481775"}],"version-history":[{"count":0,"href":"https:\/\/www.europesays.com\/fr\/wp-json\/wp\/v2\/posts\/481775\/revisions"}],"wp:featuredmedia":[{"embeddable":true,"href":"https:\/\/www.europesays.com\/fr\/wp-json\/wp\/v2\/media\/481776"}],"wp:attachment":[{"href":"https:\/\/www.europesays.com\/fr\/wp-json\/wp\/v2\/media?parent=481775"}],"wp:term":[{"taxonomy":"category","embeddable":true,"href":"https:\/\/www.europesays.com\/fr\/wp-json\/wp\/v2\/categories?post=481775"},{"taxonomy":"post_tag","embeddable":true,"href":"https:\/\/www.europesays.com\/fr\/wp-json\/wp\/v2\/tags?post=481775"}],"curies":[{"name":"wp","href":"https:\/\/api.w.org\/{rel}","templated":true}]}}