{"id":481782,"date":"2025-10-22T10:42:11","date_gmt":"2025-10-22T10:42:11","guid":{"rendered":"https:\/\/www.europesays.com\/fr\/481782\/"},"modified":"2025-10-22T10:42:11","modified_gmt":"2025-10-22T10:42:11","slug":"interview-grenoble-un-an-apres-son-ouverture-neyrpic-cartonne-et-annonce-des-nouveautes","status":"publish","type":"post","link":"https:\/\/www.europesays.com\/fr\/481782\/","title":{"rendered":"Interview. Grenoble. Un an apr\u00e8s son ouverture, Neyrpic cartonne et annonce des nouveaut\u00e9s"},"content":{"rendered":"<p>            Par<br \/>\n        <strong><br \/>\n            <a href=\"https:\/\/actu.fr\/auteur\/lisa-rodrigues\" title=\"Consulter tous les articles de Lisa Rodrigues\" target=\"_blank\" rel=\"noopener\">Lisa Rodrigues<\/a><br \/>\n        <\/strong><\/p>\n<p>        Publi\u00e9 le<\/p>\n<p>            22 oct. 2025 \u00e0 12h36        <\/p>\n<p>Le centre commercial <a href=\"https:\/\/actu.fr\/tag\/centre-commercial-neyrpic\" target=\"_blank\" rel=\"noopener\">Neyrpic<\/a> \u00e0 Saint-Martin-d\u2019H\u00e8res, pr\u00e8s de <a href=\"https:\/\/actu.fr\/auvergne-rhone-alpes\/grenoble_38185\" target=\"_blank\" rel=\"noopener\">Grenoble<\/a>, vient de f\u00eater son premier anniversaire.<br \/>Pour l\u2019occasion, <strong>Lionel Schneider, directeur de Neyrpic<\/strong>, a accord\u00e9 une interview \u00e0 actu Grenoble pour faire le bilan de cette premi\u00e8re ann\u00e9e d\u2019exploitation. Et d\u2019en profiter pour annoncer de nouveaux venus dans <a href=\"https:\/\/actu.fr\/auvergne-rhone-alpes\/grenoble_38185\/grenoble-neyrpic-grand-place-les-derniers-grands-centres-commerciaux_57888703.html\" target=\"_blank\" rel=\"noopener\">le dernier grand centre commercial<\/a> ouvert sur la M\u00e9tropole grenobloise.<\/p>\n<p class=\"ac-article-content__question wall-content\"><strong class=\"color-primary\">Actu : <\/strong>Est-ce que cette premi\u00e8re ann\u00e9e d&rsquo;exploitation a \u00e9t\u00e9 au niveau de vos attentes ?\u00a0<\/p>\n<p class=\" wall-content\"><strong class=\"color-primary\">Lionel Schneider : <\/strong>Elle a \u00e9t\u00e9 au niveau de nos attentes et m\u00eame au-del\u00e0. C&rsquo;est un vrai succ\u00e8s ! On va atteindre plus de 5 millions de visiteurs d&rsquo;ici la fin de l&rsquo;ann\u00e9e.\u00a0<br \/>Ce succ\u00e8s s&rsquo;explique par la pertinence du concept. C&rsquo;est un lieu hybride qui m\u00eale commerces, restauration et loisirs. On vient autant pour une session de shopping que pour un d\u00e9jeuner en famille ou un bowling entre amis.<br \/>L&rsquo;int\u00e9gration avec la ville de Saint-Martin-d&rsquo;H\u00e8res a bien pris. On a un vrai c\u0153ur de ville avec de grands espaces ouverts, et on fait des actions concr\u00e8tes pour le territoire en lien avec les associations, comme le tiers-lieu jeunesse avec l&rsquo;AFEV.<\/p>\n<p class=\"ac-article-content__question wall-content\">Avez-vous atteint votre vitesse de croisi\u00e8re ?<\/p>\n<p class=\" wall-content\"><strong class=\"color-primary\">LS : <\/strong>Non pas encore. On esp\u00e8re l&rsquo;atteindre d&rsquo;ici 2027 avec 7 millions de visiteurs par an. Avec les nouvelles enseignes qui vont arriver, on les atteindra.\u00a0On a une offre loisirs-culture qui va se renforcer, des moyennes surfaces qui vont enrichir l&rsquo;offre commerciale et trois restaurants qui ouvrent prochainement.<\/p>\n<p>Trois nouveaux restaurants arrivent<\/p>\n<p class=\"ac-article-content__question wall-content\">Ces ouvertures, peut-on savoir de qui il s&rsquo;agit ?<\/p>\n<p class=\" wall-content\"><strong class=\"color-primary\">LS : <\/strong>Sur cette fin d&rsquo;ann\u00e9e, en restauration, on va avoir Tedgie&rsquo;s et P\u00e8re et Fish. On va aussi avoir de la restauration japonaise avec Matsuri, qui ouvrira plut\u00f4t en d\u00e9but d&rsquo;ann\u00e9e prochaine.<br \/>Les 2-3 locaux commerciaux restants, sur lesquels on a de forts int\u00e9r\u00eats, on serait sur de l&rsquo;\u00e9quipement de la personne, des enseignes de beaut\u00e9-sant\u00e9 et un restaurant. On prend notre temps pour trouver les bons acteurs, mais on devrait \u00eatre complet avant la fin de l&rsquo;ann\u00e9e 2026.<br \/>On ne va pas faire de projets d&rsquo;extension ou des constructions suppl\u00e9mentaires.<\/p>\n<p>\u00a0Neyrpic, g\u00e9n\u00e9rateur d&#8217;emplois<\/p>\n<p>\u00ab\u00a0Sur fin septembre, on est \u00e0 un peu moins de 900 emplois, en comptabilisant tous les emplois en boutique et les diff\u00e9rents prestataires\u00a0\u00bb (s\u00e9curit\u00e9, nettoyage, maintenance), indique Lionel Schneider. \u00ab\u00a0\u00c0 terme, avec les prochaines ouvertures, on sera \u00e0 plus de 1 000 emplois.\u00a0\u00bb<\/p>\n<p class=\"ac-article-content__question wall-content\">L&rsquo;objectif de proposer 60 % d&rsquo;enseignes exclusives \u00e0 Neyrpic est-il atteint ?\u00a0<\/p>\n<p class=\" wall-content\"><strong class=\"color-primary\">LS : <\/strong>Oui. On a des offres exclusives sur la M\u00e9tropole, comme en pr\u00eat-\u00e0-porter avec Stradivarius ou Nike. En restauration rapide, on a Five Guys et en restauration classique Le Paradis du fruit.<br \/>Cette offre est diff\u00e9renciante et compl\u00e9mentaire aux autres sites commerciaux de la M\u00e9tropole et on ne les trouve pas forc\u00e9ment en centre-ville. C&rsquo;est un \u00e9quilibre qu&rsquo;il faut maintenir.<\/p>\n<p>Votre r\u00e9gion, votre actu !<\/p>\n<p>Recevez chaque jour les infos qui comptent pour vous.<\/p>\n<p>\t<a href=\"https:\/\/actu.fr\/newsletter\" class=\"ac-btn ac-btn--corner ac-btn--medium ac-btn--blue800\" target=\"_blank\" rel=\"noopener\">S&rsquo;incrire<\/a><br \/>\n\u00ab\u00a0Renforcer l\u2019attractivit\u00e9 de la M\u00e9tropole\u00a0\u00bb<\/p>\n<p class=\"ac-article-content__question wall-content\">Comment se portent vos relations avec les commer\u00e7ants et la Ville de Grenoble ?<\/p>\n<p class=\" wall-content\"><strong class=\"color-primary\">LS : <\/strong>On travaille avec l&rsquo;association LabelVille pour renforcer l&rsquo;attractivit\u00e9 de la M\u00e9tropole et trouver des passerelles avec le centre-ville. Notre offre a permis de renforcer l&rsquo;attractivit\u00e9 du centre : dans notre client\u00e8le, on a beaucoup de visiteurs qui ne venaient plus \u00e0 Grenoble.<br \/>On est reli\u00e9 aux lignes de tram et de bus : on est \u00e0 8 minutes de la station de Chavant en tram, donc le visiteur peut tr\u00e8s bien faire un tour en centre-ville apr\u00e8s une visite chez nous.<\/p>\n<p class=\"ac-article-content__question wall-content\">Qu&rsquo;est-ce qu&rsquo;on peut vous souhaiter pour la deuxi\u00e8me ann\u00e9e ?<\/p>\n<p class=\" wall-content\"><strong class=\"color-primary\">LS : <\/strong>Continuer sur cette dynamique et enrichir la visite de nos clients, avec, par exemple, des \u00e9v\u00e8nements artistiques, culturels et sportifs tout au long de l&rsquo;ann\u00e9e, pour apporter quelque chose de diff\u00e9rent.<br \/>L&rsquo;id\u00e9e est de faire une programmation riche et foisonnante en termes d\u2019animations. Il y a vraiment un engouement pour ce type de manifestations. Les visiteurs ont envie et ont besoin de vivre une exp\u00e9rience.<\/p>\n<p class=\" wall-content\">Personnalisez votre actualit\u00e9 en ajoutant vos villes et m\u00e9dias en favori avec <a href=\"https:\/\/moncompte.actu.fr\" title=\"D\u00e9couvez Mon Actu\" rel=\"nofollow noopener\" data-trk=\"{&quot;cta&quot;:{&quot;action&quot;:&quot;https:\\\/\\\/moncompte.actu.fr&quot;,&quot;category&quot;:&quot;mon compte&quot;,&quot;from&quot;:&quot;article footer&quot;,&quot;name&quot;:&quot;Mon actu&quot;,&quot;type&quot;:&quot;cta&quot;}}\" target=\"_blank\">Mon Actu<\/a>.<\/p>\n","protected":false},"excerpt":{"rendered":"Par Lisa Rodrigues Publi\u00e9 le 22 oct. 2025 \u00e0 12h36 Le centre commercial Neyrpic \u00e0 Saint-Martin-d\u2019H\u00e8res, pr\u00e8s de&hellip;\n","protected":false},"author":2,"featured_media":481783,"comment_status":"","ping_status":"","sticky":false,"template":"","format":"standard","meta":{"footnotes":""},"categories":[9566],"tags":[1111,11,2430,9577,215,33,1777,674,1011,27,2731,12,25],"class_list":{"0":"post-481782","1":"post","2":"type-post","3":"status-publish","4":"format-standard","5":"has-post-thumbnail","7":"category-grenoble","8":"tag-actu","9":"tag-actualites","10":"tag-auvergne-rhone-alpes","11":"tag-centre-commercial-neyrpic","12":"tag-commerce","13":"tag-economie","14":"tag-eu","15":"tag-europe","16":"tag-fr","17":"tag-france","18":"tag-grenoble","19":"tag-news","20":"tag-republique-francaise"},"share_on_mastodon":{"url":"https:\/\/pubeurope.com\/@fr\/115417405476183924","error":""},"_links":{"self":[{"href":"https:\/\/www.europesays.com\/fr\/wp-json\/wp\/v2\/posts\/481782","targetHints":{"allow":["GET"]}}],"collection":[{"href":"https:\/\/www.europesays.com\/fr\/wp-json\/wp\/v2\/posts"}],"about":[{"href":"https:\/\/www.europesays.com\/fr\/wp-json\/wp\/v2\/types\/post"}],"author":[{"embeddable":true,"href":"https:\/\/www.europesays.com\/fr\/wp-json\/wp\/v2\/users\/2"}],"replies":[{"embeddable":true,"href":"https:\/\/www.europesays.com\/fr\/wp-json\/wp\/v2\/comments?post=481782"}],"version-history":[{"count":0,"href":"https:\/\/www.europesays.com\/fr\/wp-json\/wp\/v2\/posts\/481782\/revisions"}],"wp:featuredmedia":[{"embeddable":true,"href":"https:\/\/www.europesays.com\/fr\/wp-json\/wp\/v2\/media\/481783"}],"wp:attachment":[{"href":"https:\/\/www.europesays.com\/fr\/wp-json\/wp\/v2\/media?parent=481782"}],"wp:term":[{"taxonomy":"category","embeddable":true,"href":"https:\/\/www.europesays.com\/fr\/wp-json\/wp\/v2\/categories?post=481782"},{"taxonomy":"post_tag","embeddable":true,"href":"https:\/\/www.europesays.com\/fr\/wp-json\/wp\/v2\/tags?post=481782"}],"curies":[{"name":"wp","href":"https:\/\/api.w.org\/{rel}","templated":true}]}}