{"id":481788,"date":"2025-10-22T10:45:11","date_gmt":"2025-10-22T10:45:11","guid":{"rendered":"https:\/\/www.europesays.com\/fr\/481788\/"},"modified":"2025-10-22T10:45:11","modified_gmt":"2025-10-22T10:45:11","slug":"on-met-toutes-nos-tripes-dans-notre-magasin","status":"publish","type":"post","link":"https:\/\/www.europesays.com\/fr\/481788\/","title":{"rendered":"On met toutes nos tripes dans notre magasin"},"content":{"rendered":"<p>            Par<br \/>\n        <strong><br \/>\n            <a href=\"https:\/\/actu.fr\/auteur\/ivan-capecchi\" title=\"Consulter tous les articles de Ivan CAPECCHI\" rel=\"nofollow noopener\" target=\"_blank\">Ivan CAPECCHI<\/a><br \/>\n        <\/strong><\/p>\n<p>        Publi\u00e9 le<\/p>\n<p>            22 oct. 2025 \u00e0 10h18        <\/p>\n<p>Le 19 octobre 2025, le <a href=\"https:\/\/actu.fr\/grand-est\/strasbourg_67482\/neudorf-depuis-le-stationnement-payant-ce-commercant-paye-une-place-de-parking-100-mois-c-est-abusif_61381198.html\" rel=\"nofollow noopener\" target=\"_blank\">caviste Un amour de vin<\/a>, situ\u00e9 114 route du Polygone \u00e0 Strasbourg, a d\u00e9cid\u00e9 de publier sur le <a href=\"https:\/\/actu.fr\/grand-est\/strasbourg_67482\/isabelle-gere-le-groupe-facebook-des-habitants-du-neudorf-a-strasbourg-c-est-comme-si-on-etait-au-cafe_61302899.html\" rel=\"nofollow noopener\" target=\"_blank\">groupe Facebook des habitants du Neudorf<\/a>, plusieurs photos d\u2019un homme pr\u00e9sent\u00e9 comme un voleur.<\/p>\n<p>Exc\u00e9d\u00e9, le commer\u00e7ant affiche son voleur pour exprimer son ras-le-bol<\/p>\n<p class=\" wall-content\">Le caviste strasbourgeois d\u00e9nonce les <strong>vols \u00e0 r\u00e9p\u00e9tition<\/strong> dont il serait victime et <strong>l\u2019impuissance pr\u00e9sum\u00e9e des autorit\u00e9s<\/strong> face \u00e0 ces actes. Exasp\u00e9r\u00e9, il dit mettre \u00ab toutes [ses] tripes \u00bb dans son <a href=\"https:\/\/actu.fr\/tag\/commerce\" rel=\"nofollow noopener\" target=\"_blank\">commerce<\/a> et affiche publiquement le voleur pour <strong>exprimer son ras-le-bol<\/strong>.<\/p>\n<p class=\" wall-content\">\u00ab\u00a0Nous ne sommes<strong> jamais rembours\u00e9s<\/strong> d\u2019un vol \u00e0 l\u2019\u00e9talage par l\u2019assurance, jamais soulag\u00e9s par <strong>l\u2019arrestation ou l\u2019expulsion<\/strong> de ce type d\u2019individus. <strong>Nous devons toujours payer pour tout le monde<\/strong>, sans r\u00e9sultat\u00a0\u00bb, \u00e9crit le caviste.<\/p>\n<p class=\" wall-content\">Contact\u00e9s, le caviste et la <a href=\"https:\/\/actu.fr\/tag\/police\" rel=\"nofollow noopener\" target=\"_blank\">police<\/a> n\u2019ont pas donn\u00e9 suite.<\/p>\n<p>Une pratique ill\u00e9gale<\/p>\n<p class=\" wall-content\">En France, diffuser publiquement la photo ou la vid\u00e9o d\u2019un individu soup\u00e7onn\u00e9 d\u2019un vol est <strong>ill\u00e9gal<\/strong>, au nom du <strong>respect de la pr\u00e9somption d\u2019innocence<\/strong> et de <strong>l\u2019atteinte \u00e0 la vie priv\u00e9e<\/strong>.<\/p>\n<p class=\" wall-content\">Publier son visage sur les <a href=\"https:\/\/actu.fr\/tag\/reseaux-sociaux\" rel=\"nofollow noopener\" target=\"_blank\">r\u00e9seaux sociaux<\/a> peut entra\u00eener des poursuites, avec des <a href=\"https:\/\/actu.fr\/tag\/amendes\" rel=\"nofollow noopener\" target=\"_blank\">amendes<\/a> <strong>pouvant aller jusqu\u2019\u00e0 45 000 \u20ac<\/strong>.<\/p>\n<p>Votre r\u00e9gion, votre actu !<\/p>\n<p>Recevez chaque jour les infos qui comptent pour vous.<\/p>\n<p>\t<a href=\"https:\/\/actu.fr\/newsletter\" class=\"ac-btn ac-btn--corner ac-btn--medium ac-btn--blue800\" rel=\"nofollow noopener\" target=\"_blank\">S&rsquo;incrire<\/a><\/p>\n<p class=\" wall-content\"><strong>Seules les autorit\u00e9s judiciaires<\/strong> sont habilit\u00e9es \u00e0 identifier et \u00e0 diffuser l\u2019image d\u2019un suspect.<\/p>\n<p class=\" wall-content\">Personnalisez votre actualit\u00e9 en ajoutant vos villes et m\u00e9dias en favori avec <a href=\"https:\/\/moncompte.actu.fr\" title=\"D\u00e9couvez Mon Actu\" rel=\"nofollow noopener\" data-trk=\"{&quot;cta&quot;:{&quot;action&quot;:&quot;https:\\\/\\\/moncompte.actu.fr&quot;,&quot;category&quot;:&quot;mon compte&quot;,&quot;from&quot;:&quot;article footer&quot;,&quot;name&quot;:&quot;Mon actu&quot;,&quot;type&quot;:&quot;cta&quot;}}\" target=\"_blank\">Mon Actu<\/a>.<\/p>\n","protected":false},"excerpt":{"rendered":"Par Ivan CAPECCHI Publi\u00e9 le 22 oct. 2025 \u00e0 10h18 Le 19 octobre 2025, le caviste Un amour&hellip;\n","protected":false},"author":2,"featured_media":481789,"comment_status":"","ping_status":"","sticky":false,"template":"","format":"standard","meta":{"footnotes":""},"categories":[2820],"tags":[1111,11,215,1777,674,1011,27,775,12,25,104,640],"class_list":{"0":"post-481788","1":"post","2":"type-post","3":"status-publish","4":"format-standard","5":"has-post-thumbnail","7":"category-strasbourg","8":"tag-actu","9":"tag-actualites","10":"tag-commerce","11":"tag-eu","12":"tag-europe","13":"tag-fr","14":"tag-france","15":"tag-grand-est","16":"tag-news","17":"tag-republique-francaise","18":"tag-societe","19":"tag-strasbourg"},"share_on_mastodon":{"url":"https:\/\/pubeurope.com\/@fr\/115417417344546854","error":""},"_links":{"self":[{"href":"https:\/\/www.europesays.com\/fr\/wp-json\/wp\/v2\/posts\/481788","targetHints":{"allow":["GET"]}}],"collection":[{"href":"https:\/\/www.europesays.com\/fr\/wp-json\/wp\/v2\/posts"}],"about":[{"href":"https:\/\/www.europesays.com\/fr\/wp-json\/wp\/v2\/types\/post"}],"author":[{"embeddable":true,"href":"https:\/\/www.europesays.com\/fr\/wp-json\/wp\/v2\/users\/2"}],"replies":[{"embeddable":true,"href":"https:\/\/www.europesays.com\/fr\/wp-json\/wp\/v2\/comments?post=481788"}],"version-history":[{"count":0,"href":"https:\/\/www.europesays.com\/fr\/wp-json\/wp\/v2\/posts\/481788\/revisions"}],"wp:featuredmedia":[{"embeddable":true,"href":"https:\/\/www.europesays.com\/fr\/wp-json\/wp\/v2\/media\/481789"}],"wp:attachment":[{"href":"https:\/\/www.europesays.com\/fr\/wp-json\/wp\/v2\/media?parent=481788"}],"wp:term":[{"taxonomy":"category","embeddable":true,"href":"https:\/\/www.europesays.com\/fr\/wp-json\/wp\/v2\/categories?post=481788"},{"taxonomy":"post_tag","embeddable":true,"href":"https:\/\/www.europesays.com\/fr\/wp-json\/wp\/v2\/tags?post=481788"}],"curies":[{"name":"wp","href":"https:\/\/api.w.org\/{rel}","templated":true}]}}