{"id":481808,"date":"2025-10-22T10:56:11","date_gmt":"2025-10-22T10:56:11","guid":{"rendered":"https:\/\/www.europesays.com\/fr\/481808\/"},"modified":"2025-10-22T10:56:11","modified_gmt":"2025-10-22T10:56:11","slug":"la-rixe-avec-couteau-entre-beaux-freres-a-la-sortie-du-bus-a-roubaix-finit-devant-le-tribunal-de-lille","status":"publish","type":"post","link":"https:\/\/www.europesays.com\/fr\/481808\/","title":{"rendered":"La rixe avec couteau entre beaux-fr\u00e8res, \u00e0 la sortie du bus \u00e0 Roubaix, finit devant le tribunal de Lille"},"content":{"rendered":"<p>            Par<br \/>\n        <strong><br \/>\n            <a href=\"https:\/\/actu.fr\/auteur\/zoe-hondt\" title=\"Consulter tous les articles de Zoe Hondt\" rel=\"nofollow noopener\" target=\"_blank\">Zoe Hondt<\/a><br \/>\n        <\/strong><\/p>\n<p>        Publi\u00e9 le<\/p>\n<p>            22 oct. 2025 \u00e0 12h26        <\/p>\n<p>Lundi 20 octobre, un homme de 29 ans et une femme de 24 ans ont \u00e9t\u00e9 jug\u00e9s <b>en comparution imm\u00e9diate<\/b>, au tribunal de <a href=\"https:\/\/actu.fr\/hauts-de-france\/lille_59350\" rel=\"nofollow noopener\" target=\"_blank\">Lille<\/a> (Nord). Le couple est mis en cause pour complicit\u00e9 et <b>violences aggrav\u00e9es<\/b>, \u00e0 l\u2019encontre d\u2019un beau-fr\u00e8re : le conjoint de la s\u0153ur de la pr\u00e9venue. Les faits se sont d\u00e9roul\u00e9s quatre jours plus t\u00f4t, \u00e0 <a href=\"https:\/\/actu.fr\/hauts-de-france\/roubaix_59512\" rel=\"nofollow noopener\" target=\"_blank\">Roubaix<\/a> : <b>\u00e0 la sortie du bus<\/b>, les deux beaux-fr\u00e8res entrent dans une violente altercation, en raison de conflits ant\u00e9rieurs. <b>La compagne du pr\u00e9venu serait alors arriv\u00e9e avec un couteau de cuisine<\/b>, et lui aurait demand\u00e9 de \u00ab\u00a0planter\u00a0\u00bb son beau-fr\u00e8re. R\u00e9cit.<\/p>\n<p>L\u2019arme n\u2019a jamais \u00e9t\u00e9 retrouv\u00e9e, mais la victime a une plaie au niveau du thorax<\/p>\n<p class=\" wall-content\">Le 17 octobre 2025, \u00e0 14h15, un homme d\u2019une vingtaine d\u2019ann\u00e9es se rend au commissariat de Roubaix. Il explique avoir eu un <b>violente altercation<\/b> avec son beau-fr\u00e8re \u00e0 la sortie du bus, la veille vers 19h30. Il souhaitait discuter avec ce dernier, qu\u2019il <b>accuse d\u2019avoir vol\u00e9 sa moto et incendi\u00e9 le domicile de ses parents<\/b>. Les choses s\u2019enveniment et les coups pleuvent entre les deux hommes.<\/p>\n<p class=\" wall-content\">Alert\u00e9e par le bruit, la compagne du pr\u00e9venu serait alors <b>arriv\u00e9e avec \u00ab\u00a0un couteau de dix centim\u00e8tres\u00a0\u00bb<\/b> et aurait demand\u00e9 \u00e0 son conjoint de \u00ab\u00a0planter\u00a0\u00bb le compagnon de sa s\u0153ur. La victime, bless\u00e9e et \u00ab\u00a0en \u00e9tat de choc\u00a0\u00bb, s\u2019enfuit avant d\u2019\u00eatre secourue par une ambulance. L\u2019arme n\u2019a pas \u00e9t\u00e9 retrouv\u00e9e.<\/p>\n<p class=\" wall-content\">\u00ab\u00a0Je n\u2019arrive plus \u00e0 dormir tranquillement\u00a0\u00bb, t\u00e9moigne \u00e0 la barre la victime, \u00ab\u00a0encore traumatis\u00e9e\u00a0\u00bb. L\u2019expertise m\u00e9dicale atteste d\u2019une plaie \u00ab\u00a0en haut du thorax sur le flanc droit, <b>sans trace d\u2019h\u00e9sitation<\/b>\u00ab\u00a0. Avec deux points de suture, l\u2019homme re\u00e7oit dix jours d\u2019interruption totale de travail.<\/p>\n<p class=\" wall-content\">Au tribunal, le pr\u00e9venu de 29 ans admet les insultes et la bagarre mais conteste le coup de couteau. \u00ab\u00a0Il a mis sa main dans sa sacoche, mais je lui ai saut\u00e9 dessus avant de voir ce qu\u2019il sortait.\u00a0\u00bb Selon lui, l\u2019arme appartenait \u00e0 son beau-fr\u00e8re et le coup a \u00e9t\u00e9 <b>port\u00e9 accidentellement<\/b>.<\/p>\n<p class=\" wall-content\">La pr\u00e9venue de 24 ans a la m\u00eame version des faits. Chez elle, \u00e0 quelques m\u00e8tres de l\u2019arr\u00eat de bus, elle aurait \u00e9t\u00e9 alert\u00e9e par les cris. Elle serait alors descendue, mais trop tard\u2026 la victime \u00e9tait d\u00e9j\u00e0 partie. Selon elle, tout ce que son beau-fr\u00e8re raconte est faux : \u00ab\u00a0Il a une haine envers moi car il pense que j\u2019ai une mauvaise influence sur ma petite s\u0153ur, sa compagne. Il a p\u00e9t\u00e9 un c\u00e2ble.\u00a0\u00bb<\/p>\n<p>Votre r\u00e9gion, votre actu !<\/p>\n<p>Recevez chaque jour les infos qui comptent pour vous.<\/p>\n<p>\t<a href=\"https:\/\/actu.fr\/newsletter\" class=\"ac-btn ac-btn--corner ac-btn--medium ac-btn--blue800\" rel=\"nofollow noopener\" target=\"_blank\">S&rsquo;incrire<\/a><br \/>\n\u00ab\u00a0Il y a des doutes, il faut arr\u00eater les b\u00eatises !\u00a0\u00bb<\/p>\n<p class=\" wall-content\">L\u2019avocat de la d\u00e9fense accuse la victime. C\u2019est elle qui a voulu discuter avec le pr\u00e9venu, malgr\u00e9 la \u00ab\u00a0situation extr\u00eamement conflictuelle\u00a0\u00bb. Il rappelle que son client est droitier : comment aurait-il pu donner un coup de couteau au flanc droit ? Selon l\u2019avocat, l\u2019arme appartenait \u00e0 la victime, qui s\u2019est <b>auto inflig\u00e9 la blessure<\/b> dans la bagarre. Quant \u00e0 sa cliente, il pr\u00e9cise qu\u2019elle n\u2019aurait pas \u00ab\u00a0mis en p\u00e9ril sa vie de m\u00e8re\u00a0\u00bb. L\u2019avocat est clair : \u00ab\u00a0Il y a des doutes, il faut arr\u00eater les b\u00eatises !\u00a0\u00bb<\/p>\n<p class=\" wall-content\">C\u00f4t\u00e9 partie civile, l\u2019avocat d\u00e9nonce un \u00ab\u00a0complot\u00a0\u00bb. La doudoune de son client a \u00e9t\u00e9 transperc\u00e9e par la lame du couteau. S\u2019il s\u2019\u00e9tait inflig\u00e9 la blessure, pourquoi trouer son manteau ? L\u2019avocat demande <b>1 000 euros de dommages et int\u00e9r\u00eats<\/b>.<\/p>\n<p>Perplexe, le procureur requiert la prison ferme<\/p>\n<p class=\" wall-content\">Le procureur de la R\u00e9publique en est certain : le coup de couteau a \u00e9t\u00e9 donn\u00e9 \u00ab\u00a0avec franchise\u00a0\u00bb. Il reste peu convaincu face aux explications du couple. Il requiert <b>18 mois d\u2019emprisonnement avec mandat de d\u00e9p\u00f4t<\/b> pour le pr\u00e9venu, et <b>six mois de d\u00e9tention sous bracelet \u00e9lectronique<\/b> pour sa compagne.<\/p>\n<p class=\" wall-content\">Finalement, le tribunal consid\u00e8re ne pas avoir assez d\u2019\u00e9l\u00e9ments \u00e0 charge contre la pr\u00e9venue, et ordonne la <b>relaxe<\/b>. Son conjoint, quant \u00e0 lui, est condamn\u00e9 \u00e0 <b>12<\/b> <b>mois d\u2019emprisonnement avec mandat de d\u00e9p\u00f4t<\/b>. Il a l\u2019interdiction de prendre contact avec la victime pendant trois ans et de d\u00e9tenir une arme pendant cinq ans. Le pr\u00e9venu de 29 ans doit \u00e9galement indemniser la partie civile \u00e0 hauteur de 2 000 euros.<\/p>\n<p class=\" wall-content\">Personnalisez votre actualit\u00e9 en ajoutant vos villes et m\u00e9dias en favori avec <a href=\"https:\/\/moncompte.actu.fr\" title=\"D\u00e9couvez Mon Actu\" rel=\"nofollow noopener\" data-trk=\"{&quot;cta&quot;:{&quot;action&quot;:&quot;https:\\\/\\\/moncompte.actu.fr&quot;,&quot;category&quot;:&quot;mon compte&quot;,&quot;from&quot;:&quot;article footer&quot;,&quot;name&quot;:&quot;Mon actu&quot;,&quot;type&quot;:&quot;cta&quot;}}\" target=\"_blank\">Mon Actu<\/a>.<\/p>\n","protected":false},"excerpt":{"rendered":"Par Zoe Hondt Publi\u00e9 le 22 oct. 2025 \u00e0 12h26 Lundi 20 octobre, un homme de 29 ans&hellip;\n","protected":false},"author":2,"featured_media":481809,"comment_status":"","ping_status":"","sticky":false,"template":"","format":"standard","meta":{"footnotes":""},"categories":[2815],"tags":[1111,11,1777,674,118,1011,27,811,303,1307,12,2694,25],"class_list":{"0":"post-481808","1":"post","2":"type-post","3":"status-publish","4":"format-standard","5":"has-post-thumbnail","7":"category-lille","8":"tag-actu","9":"tag-actualites","10":"tag-eu","11":"tag-europe","12":"tag-faits-divers","13":"tag-fr","14":"tag-france","15":"tag-hauts-de-france","16":"tag-justice","17":"tag-lille","18":"tag-news","19":"tag-proces","20":"tag-republique-francaise"},"share_on_mastodon":{"url":"","error":""},"_links":{"self":[{"href":"https:\/\/www.europesays.com\/fr\/wp-json\/wp\/v2\/posts\/481808","targetHints":{"allow":["GET"]}}],"collection":[{"href":"https:\/\/www.europesays.com\/fr\/wp-json\/wp\/v2\/posts"}],"about":[{"href":"https:\/\/www.europesays.com\/fr\/wp-json\/wp\/v2\/types\/post"}],"author":[{"embeddable":true,"href":"https:\/\/www.europesays.com\/fr\/wp-json\/wp\/v2\/users\/2"}],"replies":[{"embeddable":true,"href":"https:\/\/www.europesays.com\/fr\/wp-json\/wp\/v2\/comments?post=481808"}],"version-history":[{"count":0,"href":"https:\/\/www.europesays.com\/fr\/wp-json\/wp\/v2\/posts\/481808\/revisions"}],"wp:featuredmedia":[{"embeddable":true,"href":"https:\/\/www.europesays.com\/fr\/wp-json\/wp\/v2\/media\/481809"}],"wp:attachment":[{"href":"https:\/\/www.europesays.com\/fr\/wp-json\/wp\/v2\/media?parent=481808"}],"wp:term":[{"taxonomy":"category","embeddable":true,"href":"https:\/\/www.europesays.com\/fr\/wp-json\/wp\/v2\/categories?post=481808"},{"taxonomy":"post_tag","embeddable":true,"href":"https:\/\/www.europesays.com\/fr\/wp-json\/wp\/v2\/tags?post=481808"}],"curies":[{"name":"wp","href":"https:\/\/api.w.org\/{rel}","templated":true}]}}