{"id":481812,"date":"2025-10-22T10:58:09","date_gmt":"2025-10-22T10:58:09","guid":{"rendered":"https:\/\/www.europesays.com\/fr\/481812\/"},"modified":"2025-10-22T10:58:09","modified_gmt":"2025-10-22T10:58:09","slug":"marseille-des-braqueurs-sen-prennent-a-ce-magasin-gifi-un-vol-en-quelques-secondes","status":"publish","type":"post","link":"https:\/\/www.europesays.com\/fr\/481812\/","title":{"rendered":"Marseille. Des braqueurs s&rsquo;en prennent \u00e0 ce magasin Gifi, un vol en quelques secondes"},"content":{"rendered":"<p>            Par<br \/>\n        <strong><br \/>\n            <a href=\"https:\/\/actu.fr\/auteur\/fabien-binacchi\" title=\"Consulter tous les articles de Fabien Binacchi\" target=\"_blank\" rel=\"noopener\">Fabien Binacchi<\/a><br \/>\n        <\/strong><\/p>\n<p>        Publi\u00e9 le<\/p>\n<p>            22 oct. 2025 \u00e0 12h16        <\/p>\n<p>Le magasin n\u2019\u00e9tait <strong>pas encore ferm\u00e9<\/strong> quand ils sont arriv\u00e9s en trombes. Des braqueurs arm\u00e9s et casqu\u00e9s s\u2019en sont pris au magasin Gifi de La Valentine, \u00e0 <a href=\"https:\/\/actu.fr\/marseille\/\" target=\"_blank\" rel=\"noopener\">Marseille<\/a>, ce mardi 21\u00a0octobre 2025, apprend-on de source proche, confirmant une information de <a href=\"https:\/\/www.laprovence.com\/article\/faits-divers-justice\/60366338020417\/le-magasin-gifi-de-la-valentine-a-marseille-cible-par-un-braquage\" target=\"_blank\" rel=\"noopener\">La Provence.<\/a><\/p>\n<p class=\" wall-content\">Ils ont pu repartir avec le contenu de la caisse.<\/p>\n<p>Les trois individus ont pris la fuite<\/p>\n<p class=\" wall-content\">Il est 18h40, soit une vingtaine de minutes avant la fermeture, quand deux individus font irruption dans le commerce d\u2019ameublement et de d\u00e9coration de la zone commerciale du 11e arrondissement. Leur visage est camoufl\u00e9. <strong>L\u2019un d\u2019eux est porteur d\u2019un fusil.<\/strong><\/p>\n<p>    <a href=\"https:\/\/www.google.com\/maps\/embed?pb=!1m18!1m12!1m3!1d2942.1174699522367!2d5.472507517290457!3d43.302497029781385!2m3!1f0!2f0!3f0!3m2!1i1024!2i768!4f13.1!3m3!1m2!1s0x12c9be9ca008bd79%3A0x6d6cc91f4fc43e2e!2sGiFi%20LA%20VALENTINE!5e1!3m2!1sfr!2sfr!4v1761126374274!5m2!1sfr!2sfr\" title=\"Ouvrie le lien\" target=\"_blank\" rel=\"noopener\">Cliquez ici pour visualiser le contenu<\/a><\/p>\n<p class=\" wall-content\">Ils sont l\u00e0 pour repartir avec le contenu de la caisse et repartent au bout de quelques instants seulement. \u00c0 l\u2019ext\u00e9rieur, <strong>une troisi\u00e8me personne les attend au volant d\u2019un v\u00e9hicule,<\/strong> qui finit par repartir aussi vite qu\u2019il est arriv\u00e9.<\/p>\n<p>Une employ\u00e9e choqu\u00e9e transport\u00e9e \u00e0 l\u2019h\u00f4pital<\/p>\n<p class=\" wall-content\">Les trois individus qui ont pris la fuite sont recherch\u00e9s. Une enqu\u00eate a \u00e9t\u00e9 imm\u00e9diatement ouverte. Selon nos informations, leur butin avoisinerait les <strong>1500 euros.<\/strong><\/p>\n<p class=\" wall-content\"><strong>Aucun bless\u00e9 n\u2019est \u00e0 d\u00e9plorer,<\/strong> mais une employ\u00e9e, tr\u00e8s choqu\u00e9e, a \u00e9t\u00e9 prise en charge par les marins-pompiers. Elle a d\u00fb \u00eatre transport\u00e9e dans un h\u00f4pital.<\/p>\n<p class=\" wall-content\">Personnalisez votre actualit\u00e9 en ajoutant vos villes et m\u00e9dias en favori avec <a href=\"https:\/\/moncompte.actu.fr\" title=\"D\u00e9couvez Mon Actu\" rel=\"nofollow noopener\" data-trk=\"{&quot;cta&quot;:{&quot;action&quot;:&quot;https:\\\/\\\/moncompte.actu.fr&quot;,&quot;category&quot;:&quot;mon compte&quot;,&quot;from&quot;:&quot;article footer&quot;,&quot;name&quot;:&quot;Mon actu&quot;,&quot;type&quot;:&quot;cta&quot;}}\" target=\"_blank\">Mon Actu<\/a>.<\/p>\n","protected":false},"excerpt":{"rendered":"Par Fabien Binacchi Publi\u00e9 le 22 oct. 2025 \u00e0 12h16 Le magasin n\u2019\u00e9tait pas encore ferm\u00e9 quand ils&hellip;\n","protected":false},"author":2,"featured_media":7718,"comment_status":"","ping_status":"","sticky":false,"template":"","format":"standard","meta":{"footnotes":""},"categories":[2814],"tags":[1111,11,215,1777,674,118,1011,27,2075,884,12,1072,882,25],"class_list":{"0":"post-481812","1":"post","2":"type-post","3":"status-publish","4":"format-standard","5":"has-post-thumbnail","7":"category-marseille","8":"tag-actu","9":"tag-actualites","10":"tag-commerce","11":"tag-eu","12":"tag-europe","13":"tag-faits-divers","14":"tag-fr","15":"tag-france","16":"tag-gifi","17":"tag-marseille","18":"tag-news","19":"tag-police","20":"tag-provence-alpes-cote-dazur","21":"tag-republique-francaise"},"share_on_mastodon":{"url":"https:\/\/pubeurope.com\/@fr\/115417468358555158","error":""},"_links":{"self":[{"href":"https:\/\/www.europesays.com\/fr\/wp-json\/wp\/v2\/posts\/481812","targetHints":{"allow":["GET"]}}],"collection":[{"href":"https:\/\/www.europesays.com\/fr\/wp-json\/wp\/v2\/posts"}],"about":[{"href":"https:\/\/www.europesays.com\/fr\/wp-json\/wp\/v2\/types\/post"}],"author":[{"embeddable":true,"href":"https:\/\/www.europesays.com\/fr\/wp-json\/wp\/v2\/users\/2"}],"replies":[{"embeddable":true,"href":"https:\/\/www.europesays.com\/fr\/wp-json\/wp\/v2\/comments?post=481812"}],"version-history":[{"count":0,"href":"https:\/\/www.europesays.com\/fr\/wp-json\/wp\/v2\/posts\/481812\/revisions"}],"wp:featuredmedia":[{"embeddable":true,"href":"https:\/\/www.europesays.com\/fr\/wp-json\/wp\/v2\/media\/7718"}],"wp:attachment":[{"href":"https:\/\/www.europesays.com\/fr\/wp-json\/wp\/v2\/media?parent=481812"}],"wp:term":[{"taxonomy":"category","embeddable":true,"href":"https:\/\/www.europesays.com\/fr\/wp-json\/wp\/v2\/categories?post=481812"},{"taxonomy":"post_tag","embeddable":true,"href":"https:\/\/www.europesays.com\/fr\/wp-json\/wp\/v2\/tags?post=481812"}],"curies":[{"name":"wp","href":"https:\/\/api.w.org\/{rel}","templated":true}]}}