{"id":481829,"date":"2025-10-22T11:11:10","date_gmt":"2025-10-22T11:11:10","guid":{"rendered":"https:\/\/www.europesays.com\/fr\/481829\/"},"modified":"2025-10-22T11:11:10","modified_gmt":"2025-10-22T11:11:10","slug":"comment-les-detenus-ont-accueilli-nicolas-sarkozy-en-prison","status":"publish","type":"post","link":"https:\/\/www.europesays.com\/fr\/481829\/","title":{"rendered":"comment les d\u00e9tenus ont accueilli Nicolas Sarkozy en prison"},"content":{"rendered":"<p>            Par<br \/>\n        <strong><br \/>\n            <a href=\"https:\/\/actu.fr\/auteur\/julie-bossart-actu-fr\" title=\"Consulter tous les articles de Julie Bossart\" target=\"_blank\" rel=\"noopener\">Julie Bossart<\/a><br \/>\n        <\/strong><\/p>\n<p>        Publi\u00e9 le<\/p>\n<p>            22 oct. 2025 \u00e0 13h07        <\/p>\n<p>Apr\u00e8s <a href=\"https:\/\/actu.fr\/ile-de-france\/paris_75056\/photos-nicolas-sarkozy-incarcere-a-paris-le-depart-tapageur-de-l-ancien-president-a-la-prison-de-la-sante_63327887.html\" target=\"_blank\" rel=\"noopener\">les acclamations de ses fid\u00e8les<\/a>, les apostrophes de ses cod\u00e9tenus. Mardi 21\u00a0octobre 2025, Nicolas Sarkozy a \u00e9t\u00e9 incarc\u00e9r\u00e9 \u00e0 la prison de la Sant\u00e9, \u00e0 <a href=\"https:\/\/actu.fr\/paris\/\" target=\"_blank\" rel=\"noopener\">Paris<\/a> (14e). <a href=\"https:\/\/actu.fr\/politique\/financement-libyen-nicolas-sarkozy-condamne-a-cinq-ans-de-prison-pour-association-de-malfaiteurs_63211089.html\" target=\"_blank\" rel=\"noopener\">Condamn\u00e9 \u00e0 cinq ans d\u2019emprisonnement ferme<\/a> pour association de malfaiteurs dans l\u2019affaire des soup\u00e7ons de financement libyen de sa campagne pr\u00e9sidentielle en 2007, l\u2019ex-pr\u00e9sident de la R\u00e9publique a fait appel, ce qui n\u2019a pas lev\u00e9 le mandat de d\u00e9p\u00f4t qui assortissait sa peine.<br \/>Si le s\u00e9jour derri\u00e8re les barreaux du premier chef d\u2019\u00c9tat europ\u00e9en \u00e0 \u00eatre incarc\u00e9r\u00e9 <a href=\"https:\/\/actu.fr\/politique\/nicolas-sarkozy-incarcere-peut-etre-pas-pour-longtemps-pourquoi-il-pourrait-sortir-de-prison-tres-vite_63324845.html\" target=\"_blank\" rel=\"noopener\">pourrait ne pas durer<\/a>, en raison de la demande de mise en libert\u00e9 d\u00e9pos\u00e9e d\u00e8s les portes de la maison d\u2019arr\u00eat franchies, il ne sera pas de tout repos.<\/p>\n<p>\u00ab\u2009Rends les milliards\u2009\u00bb<\/p>\n<p class=\" wall-content\">Sur TikTok notamment, des vid\u00e9os rendent compte de l\u2019accueil qui a \u00e9t\u00e9 r\u00e9serv\u00e9 \u00e0 Nicolas Sarkozy mardi. Sur l\u2019<a href=\"https:\/\/www.tiktok.com\/@direct_match\/video\/7563969032152435990?q=sarkozy%20prison%20video&amp;t=1761126274803\" target=\"_blank\" rel=\"noopener\">une d\u2019elles<\/a>, tourn\u00e9e depuis une cellule, on entend un d\u00e9tenu dire\u2009: \u00ab\u2009Sarko, il vient juste d\u2019arriver (..), il va passer une mauvaise d\u00e9tention.\u2009\u00bb L\u2019homme crie alors\u2009: \u00ab\u2009Eh, on va venger <a href=\"https:\/\/actu.fr\/normandie\/_76\/mouammar-kadhafi-mort_512527.html\" target=\"_blank\" rel=\"noopener\">[Mouammar] Kadhafi<\/a>, on est au courant de tout (..) Ziad Takieddine [<a href=\"https:\/\/actu.fr\/politique\/financement-libyen-ziad-takieddine-homme-cle-dans-l-affaire-sarkozy-kadhafi-est-mort_63203395.html\" target=\"_blank\" rel=\"noopener\">homme cl\u00e9<\/a> dans l\u2019affaire dans l\u2019affaire Sarkozy-Kadhafi], on est au courant (..) Rends les milliards de dollars.\u2009\u00bb<\/p>\n<p class=\" wall-content\">Sur <a href=\"https:\/\/www.tiktok.com\/@karim.sebbouh\/video\/7563953453752536342?q=sarkozy%20prison%20video&amp;t=1761126274803\" target=\"_blank\" rel=\"noopener\">une autre vid\u00e9o<\/a>, intitul\u00e9e \u00ab\u2009Premi\u00e8re nuit de Nicolas Sarkozy en prison\u2009\u00bb, tourn\u00e9e de nuit et montrant les murs des fen\u00eatres de la prison, on entend d\u2019autres cris et un d\u00e9tenu qui s\u2019ex\u00e9cute apr\u00e8s qu\u2019un commentaire apparu sur son live demande \u00e0 \u00ab\u2009appeler Sarko\u2009\u00bb: \u00ab\u2009Ouais Nicolas\u2009!\u2009\u00bb<\/p>\n<blockquote class=\"tiktok-embed\" cite=\"https:\/\/www.tiktok.com\/@actu.paris\/video\/7563630853000105218\" data-video-id=\"7563630853000105218\" data-embed-from=\"oembed\" style=\"max-width:605px; min-width:325px;\"><p>\n<a target=\"_blank\" title=\"@actu.paris\" href=\"https:\/\/www.tiktok.com\/@actu.paris?refer=embed\" rel=\"noopener\">@actu.paris<\/a> <\/p>\n<p>\ud83d\udd34 Nicolas Sarkozy a \u00e9t\u00e9 incarc\u00e9r\u00e9 \u00e0 la prison de la Sant\u00e9 \u00e0 Paris, ce mardi 21 octobre 2025. \u00c0 l\u2019appel de ses fils, une manifestation de soutien a \u00e9t\u00e9 organis\u00e9e devant la r\u00e9sidence de l\u2019ancien chef de l\u2019\u00c9tat, condamn\u00e9 dans l\u2019affaire du financement libyen de sa campagne pr\u00e9sidentielle en 2007. C\u2019est la premi\u00e8re fois dans l\u2019histoire de la Ve R\u00e9publique, et dans l\u2019histoire europ\u00e9enne, un ancien pr\u00e9sident va dormir derri\u00e8re les barreaux. Plus d\u2019informations sur notre site. <a title=\"sarkozy\" target=\"_blank\" href=\"https:\/\/www.tiktok.com\/tag\/sarkozy?refer=embed\" rel=\"noopener\">#sarkozy<\/a> <a title=\"politique\" target=\"_blank\" href=\"https:\/\/www.tiktok.com\/tag\/politique?refer=embed\" rel=\"noopener\">#politique<\/a> <a title=\"justice\" target=\"_blank\" href=\"https:\/\/www.tiktok.com\/tag\/justice?refer=embed\" rel=\"noopener\">#justice<\/a> <a title=\"prison\" target=\"_blank\" href=\"https:\/\/www.tiktok.com\/tag\/prison?refer=embed\" rel=\"noopener\">#prison<\/a> <\/p>\n<p> <a target=\"_blank\" title=\"\u266c The Trigger - Soundridemusic\" href=\"https:\/\/www.tiktok.com\/music\/The-Trigger-7418656907508467728?refer=embed\" rel=\"noopener\">\u266c The Trigger \u2013 Soundridemusic<\/a> <\/p>\n<\/blockquote>\n<p>Deux officiers dans la cellule voisine<\/p>\n<p class=\" wall-content\">Pas s\u00fbr que l\u2019int\u00e9ress\u00e9 ait entendu ces interpellations. Selon son avocat, Jean-Michel Darrois, l\u2019ex-chef de l\u2019\u00c9tat s\u2019est pr\u00e9par\u00e9 mentalement \u00e0 son incarc\u00e9ration, mais aussi mat\u00e9riellement, emportant dans un sac des pulls et des boules Qui\u00e8s pour le prot\u00e9ger du bruit. Par ailleurs, Nicolas Sarkozy a \u00e9t\u00e9 plac\u00e9 dans le <a href=\"https:\/\/actu.fr\/ile-de-france\/paris_75056\/condamnation-de-nicolas-sarkozy-c-est-quoi-cette-prison-vip-a-paris-dont-tout-le-monde-parle_63215076.html\" target=\"_blank\" rel=\"noopener\">quartier des personnes vuln\u00e9rables<\/a>, le QB4, r\u00e9serv\u00e9 aux personnes consid\u00e9r\u00e9es par l\u2019administration p\u00e9nitentiaire comme potentiellement en danger au contact avec d\u2019autres prisonniers (des militants d\u2019extr\u00eame droite, des policiers, des personnes transgenres\u2026).\u00a0<\/p>\n<p class=\" wall-content\">Dans cette parcelle de la prison, o\u00f9 ont d\u00e9j\u00e0 log\u00e9 Patrick Balkany ou encore Bernard Tapie, les cellules sont les m\u00eames qu\u2019ailleurs, mais les d\u00e9tenus y vivent en vase clos pour \u00e9viter tout racket ou emb\u00eatement. Une cour de promenade \u00e0 part y est aussi am\u00e9nag\u00e9e. Cette disposition a \u00e9t\u00e9 doubl\u00e9e de l\u2019installation, dans la cellule voisine, de <a href=\"https:\/\/actu.fr\/ile-de-france\/paris_75056\/nicolas-sarkozy-en-prison-a-paris-deux-officiers-de-securite-presents-24h-24-avec-l-ancien-president_63333365.html\" target=\"_blank\" rel=\"noopener\">deux officiers de s\u00e9curit\u00e9<\/a>.<\/p>\n<p class=\" wall-content\">Nicolas Sarkozy b\u00e9n\u00e9ficie en temps normal \u00ab\u2009d\u2019un dispositif de protection eu \u00e9gard \u00e0 son statut et aux menaces qui p\u00e8sent sur lui\u2009\u00bb, a justifi\u00e9 ce mercredi le ministre de l\u2019Int\u00e9rieur, <a href=\"https:\/\/actu.fr\/tag\/laurent-nunez\" target=\"_blank\" rel=\"noopener\">Laurent Nu\u00f1ez<\/a>. Et \u00ab\u2009ce dispositif a effectivement \u00e9t\u00e9 maintenu en d\u00e9tention\u2009\u00bb.\u00a0<\/p>\n<p class=\" wall-content\">Personnalisez votre actualit\u00e9 en ajoutant vos villes et m\u00e9dias en favori avec <a href=\"https:\/\/moncompte.actu.fr\" title=\"D\u00e9couvez Mon Actu\" rel=\"nofollow noopener\" data-trk=\"{&quot;cta&quot;:{&quot;action&quot;:&quot;https:\\\/\\\/moncompte.actu.fr&quot;,&quot;category&quot;:&quot;mon compte&quot;,&quot;from&quot;:&quot;article footer&quot;,&quot;name&quot;:&quot;Mon actu&quot;,&quot;type&quot;:&quot;cta&quot;}}\" target=\"_blank\">Mon Actu<\/a>.<\/p>\n<p>                    <script async src=\"\/\/www.tiktok.com\/embed.js\"><\/script><\/p>\n","protected":false},"excerpt":{"rendered":"Par Julie Bossart Publi\u00e9 le 22 oct. 2025 \u00e0 13h07 Apr\u00e8s les acclamations de ses fid\u00e8les, les apostrophes&hellip;\n","protected":false},"author":2,"featured_media":481830,"comment_status":"","ping_status":"","sticky":false,"template":"","format":"standard","meta":{"footnotes":""},"categories":[1888],"tags":[11,1777,674,118,1011,27,303,12,3091,626,899,25],"class_list":{"0":"post-481829","1":"post","2":"type-post","3":"status-publish","4":"format-standard","5":"has-post-thumbnail","7":"category-paris","8":"tag-actualites","9":"tag-eu","10":"tag-europe","11":"tag-faits-divers","12":"tag-fr","13":"tag-france","14":"tag-justice","15":"tag-news","16":"tag-nicolas-sarkozy","17":"tag-paris","18":"tag-prisons","19":"tag-republique-francaise"},"share_on_mastodon":{"url":"https:\/\/pubeurope.com\/@fr\/115417519580411887","error":""},"_links":{"self":[{"href":"https:\/\/www.europesays.com\/fr\/wp-json\/wp\/v2\/posts\/481829","targetHints":{"allow":["GET"]}}],"collection":[{"href":"https:\/\/www.europesays.com\/fr\/wp-json\/wp\/v2\/posts"}],"about":[{"href":"https:\/\/www.europesays.com\/fr\/wp-json\/wp\/v2\/types\/post"}],"author":[{"embeddable":true,"href":"https:\/\/www.europesays.com\/fr\/wp-json\/wp\/v2\/users\/2"}],"replies":[{"embeddable":true,"href":"https:\/\/www.europesays.com\/fr\/wp-json\/wp\/v2\/comments?post=481829"}],"version-history":[{"count":0,"href":"https:\/\/www.europesays.com\/fr\/wp-json\/wp\/v2\/posts\/481829\/revisions"}],"wp:featuredmedia":[{"embeddable":true,"href":"https:\/\/www.europesays.com\/fr\/wp-json\/wp\/v2\/media\/481830"}],"wp:attachment":[{"href":"https:\/\/www.europesays.com\/fr\/wp-json\/wp\/v2\/media?parent=481829"}],"wp:term":[{"taxonomy":"category","embeddable":true,"href":"https:\/\/www.europesays.com\/fr\/wp-json\/wp\/v2\/categories?post=481829"},{"taxonomy":"post_tag","embeddable":true,"href":"https:\/\/www.europesays.com\/fr\/wp-json\/wp\/v2\/tags?post=481829"}],"curies":[{"name":"wp","href":"https:\/\/api.w.org\/{rel}","templated":true}]}}