{"id":481843,"date":"2025-10-22T11:19:11","date_gmt":"2025-10-22T11:19:11","guid":{"rendered":"https:\/\/www.europesays.com\/fr\/481843\/"},"modified":"2025-10-22T11:19:11","modified_gmt":"2025-10-22T11:19:11","slug":"les-parents-du-premier-ministre-sebastien-lecornu-places-sous-protection-policiere","status":"publish","type":"post","link":"https:\/\/www.europesays.com\/fr\/481843\/","title":{"rendered":"Les parents du Premier ministre S\u00e9bastien Lecornu plac\u00e9s sous protection polici\u00e8re"},"content":{"rendered":"<p>Signe que la violence dans notre soci\u00e9t\u00e9 est de plus en plus pr\u00e9sente, la <a href=\"https:\/\/www.20minutes.fr\/dossier\/insecurite\" class=\"c-link c-link--is-underlined\" target=\"_blank\" rel=\"noopener\">protection polici\u00e8re<\/a> est de plus en plus sollicit\u00e9e. C\u2019est \u00e0 pr\u00e9sent les parents m\u00eame du Premier ministre, <a href=\"https:\/\/www.20minutes.fr\/politique\/sebastien-lecornu\/\" class=\"c-link c-link--is-underlined\" target=\"_blank\" rel=\"noopener\">S\u00e9bastien Lecornu<\/a>, qui ont d\u00fb \u00eatre plac\u00e9s sous protection pour des raisons de s\u00e9curit\u00e9 dans l\u2019Eure o\u00f9 ils r\u00e9sident, a appris mercredi l\u2019AFP aupr\u00e8s du minist\u00e8re de l\u2019Int\u00e9rieur, confirmant une <a href=\"https:\/\/www.leparisien.fr\/faits-divers\/les-parents-de-sebastien-lecornu-places-sous-protection-policiere-21-10-2025-CMX5L4AHRVBX5KLOWWF2GRKPJY.php\" rel=\"nofollow noopener\" target=\"_blank\" class=\"c-link c-link--is-underlined\">information du Parisien<\/a>.<\/p>\n<p>Trois policiers 24 h\/24<\/p>\n<p>Cette mise sous protection a une \u00ab\u00a0raison \u00e9vidente\u00a0\u00bb, \u00ab\u00a0ils en ont besoin\u00a0\u00bb, a ajout\u00e9 le minist\u00e8re, qui s\u2019est refus\u00e9 \u00e0 donner des \u00e9l\u00e9ments plus pr\u00e9cis sur la nature des risques pesant sur les parents du <a href=\"https:\/\/www.20minutes.fr\/dossier\/premier_ministre\" class=\"c-link c-link--is-underlined\" target=\"_blank\" rel=\"noopener\">Premier ministre<\/a>. Selon une source proche du dossier, ce couple de personnes \u00e2g\u00e9es n\u2019\u00e9tait pas demandeur et ce n\u2019\u00e9tait \u00ab\u00a0pas pour leur confort personnel\u00a0\u00bb que cette d\u00e9cision avait \u00e9t\u00e9 prise.<\/p>\n<p>Concr\u00e8tement, ils sont accompagn\u00e9s de trois policiers 24 h\/24, \u00ab\u00a0un chauffeur et deux officiers de <a href=\"https:\/\/www.20minutes.fr\/societe\/securite\/\" class=\"c-link c-link--is-underlined\" target=\"_blank\" rel=\"noopener\">s\u00e9curit\u00e9<\/a>\u00a0\u00bb, indique Le Parisien qui ajoute que ce couple a \u00ab\u00a0fait l\u2019objet d\u2019une \u00e9valuation\u00a0\u00bb par l\u2019Unit\u00e9 de coordination de la lutte antiterroriste (Uclat) au sein de la Direction g\u00e9n\u00e9rale de la s\u00e9curit\u00e9 int\u00e9rieure (<a href=\"https:\/\/www.20minutes.fr\/societe\/dgsi\/\" class=\"c-link c-link--is-underlined\" target=\"_blank\" rel=\"noopener\">DGSI<\/a>). A l\u2019issue, ils ont \u00e9t\u00e9 class\u00e9s en T4, \u00ab\u00a0soit le plus bas niveau de menace sur une \u00e9chelle qui en compte quatre\u00a0\u00bb.<\/p>\n","protected":false},"excerpt":{"rendered":"Signe que la violence dans notre soci\u00e9t\u00e9 est de plus en plus pr\u00e9sente, la protection polici\u00e8re est de&hellip;\n","protected":false},"author":2,"featured_media":481844,"comment_status":"","ping_status":"","sticky":false,"template":"","format":"standard","meta":{"footnotes":""},"categories":[2],"tags":[47,11,33710,9770,1011,27,1147,1014,12,5161,3306,1072,316,3363,4846,25,11067,656,104],"class_list":{"0":"post-481843","1":"post","2":"type-post","3":"status-publish","4":"format-standard","5":"has-post-thumbnail","7":"category-actualites","8":"tag-actualite","9":"tag-actualites","10":"tag-dgsi","11":"tag-eure","12":"tag-fr","13":"tag-france","14":"tag-menace","15":"tag-ministere-de-linterieur","16":"tag-news","17":"tag-normandie","18":"tag-parents","19":"tag-police","20":"tag-politique","21":"tag-premier-ministre","22":"tag-protection","23":"tag-republique-francaise","24":"tag-sebastien-lecornu","25":"tag-securite","26":"tag-societe"},"share_on_mastodon":{"url":"https:\/\/pubeurope.com\/@fr\/115417551061821009","error":""},"_links":{"self":[{"href":"https:\/\/www.europesays.com\/fr\/wp-json\/wp\/v2\/posts\/481843","targetHints":{"allow":["GET"]}}],"collection":[{"href":"https:\/\/www.europesays.com\/fr\/wp-json\/wp\/v2\/posts"}],"about":[{"href":"https:\/\/www.europesays.com\/fr\/wp-json\/wp\/v2\/types\/post"}],"author":[{"embeddable":true,"href":"https:\/\/www.europesays.com\/fr\/wp-json\/wp\/v2\/users\/2"}],"replies":[{"embeddable":true,"href":"https:\/\/www.europesays.com\/fr\/wp-json\/wp\/v2\/comments?post=481843"}],"version-history":[{"count":0,"href":"https:\/\/www.europesays.com\/fr\/wp-json\/wp\/v2\/posts\/481843\/revisions"}],"wp:featuredmedia":[{"embeddable":true,"href":"https:\/\/www.europesays.com\/fr\/wp-json\/wp\/v2\/media\/481844"}],"wp:attachment":[{"href":"https:\/\/www.europesays.com\/fr\/wp-json\/wp\/v2\/media?parent=481843"}],"wp:term":[{"taxonomy":"category","embeddable":true,"href":"https:\/\/www.europesays.com\/fr\/wp-json\/wp\/v2\/categories?post=481843"},{"taxonomy":"post_tag","embeddable":true,"href":"https:\/\/www.europesays.com\/fr\/wp-json\/wp\/v2\/tags?post=481843"}],"curies":[{"name":"wp","href":"https:\/\/api.w.org\/{rel}","templated":true}]}}