{"id":481847,"date":"2025-10-22T11:21:15","date_gmt":"2025-10-22T11:21:15","guid":{"rendered":"https:\/\/www.europesays.com\/fr\/481847\/"},"modified":"2025-10-22T11:21:15","modified_gmt":"2025-10-22T11:21:15","slug":"entre-la-suisse-et-la-france-les-exiles-de-la-classe-moyenne","status":"publish","type":"post","link":"https:\/\/www.europesays.com\/fr\/481847\/","title":{"rendered":"Entre la Suisse et la France, les \u201cexil\u00e9s de la classe moyenne\u201d"},"content":{"rendered":"\n<p>Le couperet est tomb\u00e9 en juin\u00a0: le Conseil d\u2019\u00c9tat genevois ne veut plus des \u00e9l\u00e8ves frontaliers dans les \u00e9coles du canton. Une mesure dont il escompte des \u00e9conomies importantes mais qui d\u00e9stabilise bien des familles suisses du Grand Gen\u00e8ve qui logent de l\u2019autre c\u00f4t\u00e9 de la fronti\u00e8re, <a class=\"ithalc\" data-ithal=\"lien_externe\" data-ithalc=\"[nav_article]\" target=\"_blank\" href=\"https:\/\/www.letemps.ch\/suisse\/geneve\/rentrer-en-suisse-mais-pour-loger-ou-ces-genevois-frontaliers-qui-font-face-a-des-vents-contraires\" rel=\"noopener\">souligne<strong> Le Temps<\/strong><\/a>.<\/p>\n<p>Ils sont plus de 30\u00a0000 \u00e0 avoir quitt\u00e9 le canton pour emm\u00e9nager dans l\u2019Ain ou la Haute-Savoie, le \u201cGenevois fran\u00e7ais\u201d. Parmi eux, nombreux sont ceux qui traversent la fronti\u00e8re tous les matins pour aller au travail. Ils sont \u201cles exil\u00e9s de la classe moyenne, que l\u2019absence de perspective immobili\u00e8re a incit\u00e9s \u00e0 plier bagage pour une maison avec jardin, mais dont le c\u0153ur est solidement arrim\u00e9 au pied du Jet d\u2019eau\u201d.<\/p>\n<p>\u201cNotre logement est en France, mais toute notre vie est en Suisse\u00a0: le travail, l\u2019\u00e9cole, le club de foot d\u2019un de nos fils, le groupe de th\u00e9\u00e2tre du second et le conservatoire o\u00f9 vont nos filles\u201d, t\u00e9moigne une m\u00e8re de famille. \u201cOn se sent rejet\u00e9s par notre pays alors qu\u2019on n\u2019a rien fait de mal. Nous avons tout fait dans les r\u00e8gles\u201d, explique une autre m\u00e8re qui compte bien \u201ctrouver une solution\u201d pour que ses enfants puissent suivre leurs \u00e9tudes secondaires en Suisse, \u201cquitte \u00e0 retourner y vivre pendant quatre ans\u201d.<\/p>\n<p>\u201c\u00c0 l\u2019\u00e9vidence, la difficult\u00e9 du logement et le co\u00fbt de la vie sur Gen\u00e8ve jouent un r\u00f4le d\u00e9cisif\u201d, analyse Le Temps<strong>. <\/strong>Mais si, au moment de quitter la Suisse, \u201cnous n\u2019avions pas su que nous pourrions placer nos enfants \u00e0 l\u2019\u00e9cole \u00e0 Gen\u00e8ve, nous ne serions pas partis\u201d, t\u00e9moigne l\u2019une des frontali\u00e8res interrog\u00e9e par le quotidien.<\/p>\n<p>De fait, la plupart avouent une nette pr\u00e9f\u00e9rence pour le syst\u00e8me \u00e9ducatif suisse. \u201cLe syst\u00e8me fran\u00e7ais ne m\u2019inspire absolument pas confiance, sans compter les diff\u00e9rences dans les mati\u00e8res enseign\u00e9es. Se mettre \u00e0 niveau en arrivant en cours de route ne serait pas simple\u201d, explique une m\u00e8re.<\/p>\n<p>Dans ces conditions, le Grand Gen\u00e8ve va-t-il rester aussi attractif\u00a0? s\u2019interroge Le Temps. Apr\u00e8s un pic atteint au d\u00e9but des ann\u00e9es 2010, le nombre de Genevois qui d\u00e9cident d\u2019aller habiter en France avait d\u00e9j\u00e0 commenc\u00e9 \u00e0 d\u00e9cro\u00eetre. Le mouvement devrait s\u2019acc\u00e9ler.<\/p>\n","protected":false},"excerpt":{"rendered":"Le couperet est tomb\u00e9 en juin\u00a0: le Conseil d\u2019\u00c9tat genevois ne veut plus des \u00e9l\u00e8ves frontaliers dans les&hellip;\n","protected":false},"author":2,"featured_media":481848,"comment_status":"","ping_status":"","sticky":false,"template":"","format":"standard","meta":{"footnotes":""},"categories":[4],"tags":[11,1856,674,1011,27,1908,12,25,3067],"class_list":{"0":"post-481847","1":"post","2":"type-post","3":"status-publish","4":"format-standard","5":"has-post-thumbnail","7":"category-france","8":"tag-actualites","9":"tag-courrier-expat","10":"tag-europe","11":"tag-fr","12":"tag-france","13":"tag-logement","14":"tag-news","15":"tag-republique-francaise","16":"tag-suisse"},"share_on_mastodon":{"url":"https:\/\/pubeurope.com\/@fr\/115417558727439264","error":""},"_links":{"self":[{"href":"https:\/\/www.europesays.com\/fr\/wp-json\/wp\/v2\/posts\/481847","targetHints":{"allow":["GET"]}}],"collection":[{"href":"https:\/\/www.europesays.com\/fr\/wp-json\/wp\/v2\/posts"}],"about":[{"href":"https:\/\/www.europesays.com\/fr\/wp-json\/wp\/v2\/types\/post"}],"author":[{"embeddable":true,"href":"https:\/\/www.europesays.com\/fr\/wp-json\/wp\/v2\/users\/2"}],"replies":[{"embeddable":true,"href":"https:\/\/www.europesays.com\/fr\/wp-json\/wp\/v2\/comments?post=481847"}],"version-history":[{"count":0,"href":"https:\/\/www.europesays.com\/fr\/wp-json\/wp\/v2\/posts\/481847\/revisions"}],"wp:featuredmedia":[{"embeddable":true,"href":"https:\/\/www.europesays.com\/fr\/wp-json\/wp\/v2\/media\/481848"}],"wp:attachment":[{"href":"https:\/\/www.europesays.com\/fr\/wp-json\/wp\/v2\/media?parent=481847"}],"wp:term":[{"taxonomy":"category","embeddable":true,"href":"https:\/\/www.europesays.com\/fr\/wp-json\/wp\/v2\/categories?post=481847"},{"taxonomy":"post_tag","embeddable":true,"href":"https:\/\/www.europesays.com\/fr\/wp-json\/wp\/v2\/tags?post=481847"}],"curies":[{"name":"wp","href":"https:\/\/api.w.org\/{rel}","templated":true}]}}