{"id":481854,"date":"2025-10-22T11:27:10","date_gmt":"2025-10-22T11:27:10","guid":{"rendered":"https:\/\/www.europesays.com\/fr\/481854\/"},"modified":"2025-10-22T11:27:10","modified_gmt":"2025-10-22T11:27:10","slug":"motogp-prometteuse-nouvelle-pour-quartararo-et-yamaha-sur-les-2-des-prochains-grand-prix","status":"publish","type":"post","link":"https:\/\/www.europesays.com\/fr\/481854\/","title":{"rendered":"MotoGP Prometteuse nouvelle pour Quartararo et Yamaha, sur les 2 des prochains Grand-Prix !"},"content":{"rendered":"<p>C\u2019est officiel, Yamaha va bel et bien engager une cinqui\u00e8me moto, dans le championnat MotoGP, pour la fin de la saison en cours. En effet, Augusto Fernandez sera \u00e0 l\u2019oeuvre sur les \u00e9preuves de Sepang et de Valencia, via le principe de wild-card. Le but est clair, concernant le pilote espagnol, qui aura du travail \u00e0 abattre \u00e0 savoir, poursuivre le d\u00e9veloppement du V4.<\/p>\n<p>MotoGP : L\u2019introduction du V4 Yamaha entre les mains de Fernandez<\/p>\n<p>Une excellente nouvelle pour Fabio Quartararo, Alex Rins et <a href=\"https:\/\/lemagsportauto.ouest-france.fr\/tag\/jack-miller\" target=\"_blank\" rel=\"noopener\">Jack Miller<\/a>, qui pourraient ainsi compter, \u00e9ventuellement, sur les d\u00e9buts du nouveau bloc, la saison prochaine. M\u00eame si, parmi ces trois pilotes, FB20 reste le seul \u00e0 \u00eatre peu emball\u00e9, \u00e0 cette heure. Cela pourrait toutefois changer, dans le cas o\u00f9 Augusto Fernandez obtiendrait des r\u00e9sultats et donn\u00e9es convaincantes, apr\u00e8s les deux \u00e9v\u00e9nements nomin\u00e9s.<\/p>\n<blockquote class=\"twitter-tweet\">\n<p dir=\"ltr\" lang=\"en\">Nothing like spending time with fans who bring the noise \ud83c\udde6\ud83c\uddfa\ud83d\udd0a We appreciate the passion and the good vibes all around \ud83d\udc99<a href=\"https:\/\/twitter.com\/hashtag\/MonsterYamaha?src=hash&amp;ref_src=twsrc%5Etfw\" target=\"_blank\" rel=\"noopener\">#MonsterYamaha<\/a> | <a href=\"https:\/\/twitter.com\/hashtag\/YamahaMotoGP?src=hash&amp;ref_src=twsrc%5Etfw\" target=\"_blank\" rel=\"noopener\">#YamahaMotoGP<\/a> | <a href=\"https:\/\/twitter.com\/hashtag\/YamahaFactoryRacing?src=hash&amp;ref_src=twsrc%5Etfw\" target=\"_blank\" rel=\"noopener\">#YamahaFactoryRacing<\/a> | <a href=\"https:\/\/twitter.com\/hashtag\/MotoGP?src=hash&amp;ref_src=twsrc%5Etfw\" target=\"_blank\" rel=\"noopener\">#MotoGP<\/a> | <a href=\"https:\/\/twitter.com\/hashtag\/AustralianGP?src=hash&amp;ref_src=twsrc%5Etfw\" target=\"_blank\" rel=\"noopener\">#AustralianGP<\/a> <a href=\"https:\/\/t.co\/oEEuQCLv0B\">pic.twitter.com\/oEEuQCLv0B<\/a><\/p>\n<p>\u2014 Monster Energy Yamaha MotoGP (@YamahaMotoGP) <a href=\"https:\/\/twitter.com\/YamahaMotoGP\/status\/1980274831665832411?ref_src=twsrc%5Etfw\" target=\"_blank\" rel=\"noopener\">October 20, 2025<\/a><\/p>\n<\/blockquote>\n<p>Article publi\u00e9 le 22\/10\/2025 \u00e0 5h40<\/p>\n<p>                                                            <script async src=\"https:\/\/platform.twitter.com\/widgets.js\" charset=\"utf-8\"><\/script><\/p>\n","protected":false},"excerpt":{"rendered":"C\u2019est officiel, Yamaha va bel et bien engager une cinqui\u00e8me moto, dans le championnat MotoGP, pour la fin&hellip;\n","protected":false},"author":2,"featured_media":481855,"comment_status":"","ping_status":"","sticky":false,"template":"","format":"standard","meta":{"footnotes":""},"categories":[1413],"tags":[1680,1011,27,1457,1456,1458,60],"class_list":{"0":"post-481854","1":"post","2":"type-post","3":"status-publish","4":"format-standard","5":"has-post-thumbnail","7":"category-moto","8":"tag-fabio-quartararo","9":"tag-fr","10":"tag-france","11":"tag-moto","12":"tag-motocycle","13":"tag-motogp","14":"tag-sports"},"share_on_mastodon":{"url":"https:\/\/pubeurope.com\/@fr\/115417582460130344","error":""},"_links":{"self":[{"href":"https:\/\/www.europesays.com\/fr\/wp-json\/wp\/v2\/posts\/481854","targetHints":{"allow":["GET"]}}],"collection":[{"href":"https:\/\/www.europesays.com\/fr\/wp-json\/wp\/v2\/posts"}],"about":[{"href":"https:\/\/www.europesays.com\/fr\/wp-json\/wp\/v2\/types\/post"}],"author":[{"embeddable":true,"href":"https:\/\/www.europesays.com\/fr\/wp-json\/wp\/v2\/users\/2"}],"replies":[{"embeddable":true,"href":"https:\/\/www.europesays.com\/fr\/wp-json\/wp\/v2\/comments?post=481854"}],"version-history":[{"count":0,"href":"https:\/\/www.europesays.com\/fr\/wp-json\/wp\/v2\/posts\/481854\/revisions"}],"wp:featuredmedia":[{"embeddable":true,"href":"https:\/\/www.europesays.com\/fr\/wp-json\/wp\/v2\/media\/481855"}],"wp:attachment":[{"href":"https:\/\/www.europesays.com\/fr\/wp-json\/wp\/v2\/media?parent=481854"}],"wp:term":[{"taxonomy":"category","embeddable":true,"href":"https:\/\/www.europesays.com\/fr\/wp-json\/wp\/v2\/categories?post=481854"},{"taxonomy":"post_tag","embeddable":true,"href":"https:\/\/www.europesays.com\/fr\/wp-json\/wp\/v2\/tags?post=481854"}],"curies":[{"name":"wp","href":"https:\/\/api.w.org\/{rel}","templated":true}]}}