{"id":481858,"date":"2025-10-22T11:29:10","date_gmt":"2025-10-22T11:29:10","guid":{"rendered":"https:\/\/www.europesays.com\/fr\/481858\/"},"modified":"2025-10-22T11:29:10","modified_gmt":"2025-10-22T11:29:10","slug":"une-elite-nationale-se-tourne-vers-les-juniors-actualite","status":"publish","type":"post","link":"https:\/\/www.europesays.com\/fr\/481858\/","title":{"rendered":"Une Elite Nationale se tourne vers les Juniors &#8211; Actualit\u00e9"},"content":{"rendered":"<p style=\"text-align: justify;\">Apr\u00e8s deux \u00e9ditions en Elite Nationale, le Tour des Landes va changer de cat\u00e9gorie. La course, qui a \u00e9t\u00e9 inscrite plusieurs ann\u00e9es en Toutes cat\u00e9gories, va devenir une course F\u00e9d\u00e9rale Juniors en 2026. \u00ab\u00a0Ce choix strat\u00e9gique s\u2019inscrit pleinement dans la politique sportive du Comit\u00e9 D\u00e9partemental et refl\u00e8te l\u2019\u00e9volution du cyclisme \u00e0 l\u2019\u00e9chelle nationale et internationale\u00a0\u00bb, explique Bastien Lamude, pr\u00e9sident du Comit\u00e9 d\u00e9partemental des Landes.<\/p>\n<p>La course par \u00e9tapes change \u00e9galement de format. Le prologue disparait, la course est r\u00e9duite \u00e0 deux jours mais le dimanche, il y aura deux demi-\u00e9tapes : une contre-la-montre et une en ligne. L&rsquo;\u00e9preuve est inscrite au calendrier les 29 et 30 ao\u00fbt 2026.<\/p>\n<p>Le vainqueur <a href=\"https:\/\/www.directvelo.com\/epreuve\/46254\/tour-des-landes-2025#resultats\" target=\"_blank\" rel=\"noopener\"><strong>succ\u00e8dera \u00e0 Max Krasinski<\/strong><\/a>.<\/p>\n<p><strong>Les \u00e9tapes du Tour des Landes 2026<\/strong> :<br \/>29\/08 &#8211; Et. 1 : en ligne<br \/>30\/08 &#8211; Et. 2 : contre-la-montre le matin<br \/>30\/08 &#8211; Et. 3 : en ligne l&rsquo;apr\u00e8s-midi<\/p>\n","protected":false},"excerpt":{"rendered":"Apr\u00e8s deux \u00e9ditions en Elite Nationale, le Tour des Landes va changer de cat\u00e9gorie. La course, qui a&hellip;\n","protected":false},"author":2,"featured_media":481859,"comment_status":"","ping_status":"","sticky":false,"template":"","format":"standard","meta":{"footnotes":""},"categories":[1411],"tags":[834,828,836,829,837,827,83,826,824,823,1154,207,814,817,815,816,822,821,832,211,839,1011,27,820,818,819,835,831,830,833,838,60,212,208,825],"class_list":{"0":"post-481858","1":"post","2":"type-post","3":"status-publish","4":"format-standard","5":"has-post-thumbnail","7":"category-cyclisme","8":"tag-attaque","9":"tag-belgique","10":"tag-braquet","11":"tag-bretagne","12":"tag-chute","13":"tag-competition","14":"tag-coupe-de-france","15":"tag-coureur","16":"tag-course-cyclisme","17":"tag-course-cycliste","18":"tag-cycling","19":"tag-cyclisme","20":"tag-direct","21":"tag-direct-velo","22":"tag-directvelo","23":"tag-directvelo-com","24":"tag-epreuve","25":"tag-epreuve-cycliste","26":"tag-federation-francaise-de-cyclisme","27":"tag-ffc","28":"tag-flandres","29":"tag-fr","30":"tag-france","31":"tag-live","32":"tag-live-course","33":"tag-live-epreuve","34":"tag-peloton","35":"tag-radio-peloton","36":"tag-radio-tour","37":"tag-ravitaillement","38":"tag-relance","39":"tag-sports","40":"tag-uci","41":"tag-velo","42":"tag-velos"},"share_on_mastodon":{"url":"https:\/\/pubeurope.com\/@fr\/115417590388727905","error":""},"_links":{"self":[{"href":"https:\/\/www.europesays.com\/fr\/wp-json\/wp\/v2\/posts\/481858","targetHints":{"allow":["GET"]}}],"collection":[{"href":"https:\/\/www.europesays.com\/fr\/wp-json\/wp\/v2\/posts"}],"about":[{"href":"https:\/\/www.europesays.com\/fr\/wp-json\/wp\/v2\/types\/post"}],"author":[{"embeddable":true,"href":"https:\/\/www.europesays.com\/fr\/wp-json\/wp\/v2\/users\/2"}],"replies":[{"embeddable":true,"href":"https:\/\/www.europesays.com\/fr\/wp-json\/wp\/v2\/comments?post=481858"}],"version-history":[{"count":0,"href":"https:\/\/www.europesays.com\/fr\/wp-json\/wp\/v2\/posts\/481858\/revisions"}],"wp:featuredmedia":[{"embeddable":true,"href":"https:\/\/www.europesays.com\/fr\/wp-json\/wp\/v2\/media\/481859"}],"wp:attachment":[{"href":"https:\/\/www.europesays.com\/fr\/wp-json\/wp\/v2\/media?parent=481858"}],"wp:term":[{"taxonomy":"category","embeddable":true,"href":"https:\/\/www.europesays.com\/fr\/wp-json\/wp\/v2\/categories?post=481858"},{"taxonomy":"post_tag","embeddable":true,"href":"https:\/\/www.europesays.com\/fr\/wp-json\/wp\/v2\/tags?post=481858"}],"curies":[{"name":"wp","href":"https:\/\/api.w.org\/{rel}","templated":true}]}}