{"id":481864,"date":"2025-10-22T11:32:28","date_gmt":"2025-10-22T11:32:28","guid":{"rendered":"https:\/\/www.europesays.com\/fr\/481864\/"},"modified":"2025-10-22T11:32:28","modified_gmt":"2025-10-22T11:32:28","slug":"les-architectes-confrontes-a-un-chantier-particulierement-contraignant","status":"publish","type":"post","link":"https:\/\/www.europesays.com\/fr\/481864\/","title":{"rendered":"les architectes confront\u00e9s \u00e0 un chantier particuli\u00e8rement contraignant"},"content":{"rendered":"<p>\u00c0 Glandieu, le temps s\u2019est arr\u00eat\u00e9 \u00e0 la fin du mois d\u2019ao\u00fbt. Date \u00e0 laquelle le site de la cascade a ferm\u00e9 ses portes de fa\u00e7on symbolique, son acc\u00e8s \u00e9tant interdit aux visiteurs le temps des travaux de r\u00e9habilitation et de s\u00e9curisation.<\/p>\n<p>Une quarantaine de personnes ont profit\u00e9 de l\u2019invitation lanc\u00e9e par le Conseil d\u2019architecture, d\u2019urbanisme et de l\u2019environnement (CAUE) pour visiter le chantier de l\u2019ancienne marbrerie et le r\u00e9am\u00e9nagement du site de la cascade, men\u00e9s par la communaut\u00e9 de communes Bugey Sud et par le cabinet d\u2019architecte Doucerain-Li\u00e8vre-Delziani de Lyon.<\/p>\n<p>La visite \u00e9tait conduite par St\u00e9phane Li\u00e8vre, architecte du projet, qui a pr\u00e9sent\u00e9 les&#8230;<\/p>\n","protected":false},"excerpt":{"rendered":"\u00c0 Glandieu, le temps s\u2019est arr\u00eat\u00e9 \u00e0 la fin du mois d\u2019ao\u00fbt. Date \u00e0 laquelle le site de&hellip;\n","protected":false},"author":2,"featured_media":481865,"comment_status":"","ping_status":"","sticky":false,"template":"","format":"standard","meta":{"footnotes":""},"categories":[1358],"tags":[2738,1348,1384,1385,44658,60529,1386,58,33,3312,59,1011,27,602],"class_list":{"0":"post-481864","1":"post","2":"type-post","3":"status-publish","4":"format-standard","5":"has-post-thumbnail","7":"category-arts-et-design","8":"tag-ain","9":"tag-arts","10":"tag-arts-and-design","11":"tag-arts-et-design","12":"tag-belley-bassin","13":"tag-bregnier-cordon","14":"tag-design","15":"tag-divertissement","16":"tag-economie","17":"tag-edition-ain-est","18":"tag-entertainment","19":"tag-fr","20":"tag-france","21":"tag-tourisme"},"share_on_mastodon":{"url":"https:\/\/pubeurope.com\/@fr\/115417602055208442","error":""},"_links":{"self":[{"href":"https:\/\/www.europesays.com\/fr\/wp-json\/wp\/v2\/posts\/481864","targetHints":{"allow":["GET"]}}],"collection":[{"href":"https:\/\/www.europesays.com\/fr\/wp-json\/wp\/v2\/posts"}],"about":[{"href":"https:\/\/www.europesays.com\/fr\/wp-json\/wp\/v2\/types\/post"}],"author":[{"embeddable":true,"href":"https:\/\/www.europesays.com\/fr\/wp-json\/wp\/v2\/users\/2"}],"replies":[{"embeddable":true,"href":"https:\/\/www.europesays.com\/fr\/wp-json\/wp\/v2\/comments?post=481864"}],"version-history":[{"count":0,"href":"https:\/\/www.europesays.com\/fr\/wp-json\/wp\/v2\/posts\/481864\/revisions"}],"wp:featuredmedia":[{"embeddable":true,"href":"https:\/\/www.europesays.com\/fr\/wp-json\/wp\/v2\/media\/481865"}],"wp:attachment":[{"href":"https:\/\/www.europesays.com\/fr\/wp-json\/wp\/v2\/media?parent=481864"}],"wp:term":[{"taxonomy":"category","embeddable":true,"href":"https:\/\/www.europesays.com\/fr\/wp-json\/wp\/v2\/categories?post=481864"},{"taxonomy":"post_tag","embeddable":true,"href":"https:\/\/www.europesays.com\/fr\/wp-json\/wp\/v2\/tags?post=481864"}],"curies":[{"name":"wp","href":"https:\/\/api.w.org\/{rel}","templated":true}]}}