{"id":481868,"date":"2025-10-22T11:34:10","date_gmt":"2025-10-22T11:34:10","guid":{"rendered":"https:\/\/www.europesays.com\/fr\/481868\/"},"modified":"2025-10-22T11:34:10","modified_gmt":"2025-10-22T11:34:10","slug":"degueulasse-danse-avec-les-stars-une-ancienne-participante-raconte-lhorreur-vecue-en-coulisses","status":"publish","type":"post","link":"https:\/\/www.europesays.com\/fr\/481868\/","title":{"rendered":"\u00ab\u00a0D\u00e9gueulasse\u00a0\u00bb, Danse avec les stars : une ancienne participante raconte l&rsquo;horreur v\u00e9cue en coulisses"},"content":{"rendered":"<p>En 2021, <a href=\"https:\/\/www.public.fr\/lola-dubini-danse-avec-les-stars-je-vais-fermer-des-bouches\" target=\"_blank\" rel=\"noopener\">Lola Dubini participe \u00e0 la onzi\u00e8me saison<\/a> de <strong>\u00ab\u00a0<a href=\"https:\/\/vsd.fr\/tag\/danse-avec-les-stars\/\" target=\"_blank\" rel=\"noopener\">Danse avec les stars<\/a>\u00ab\u00a0<\/strong>. <a href=\"https:\/\/www.public.fr\/lola-dubini-evincee-de-danse-avec-les-stars-elle-annonce-son-depart-en-vacances-avec-son-danseur-joel-luzolo\" target=\"_blank\" rel=\"noopener\">\u00c9limin\u00e9e au bout du deuxi\u00e8me prime<\/a>, la com\u00e9dienne qui appara\u00eet notamment dans <strong>\u00ab\u00a0Demain nous appartient\u00a0\u00bb<\/strong> sur TF1, garde un tr\u00e8s mauvais souvenir de son \u00ab\u00a0apr\u00e8s-Danse avec les stars\u00a0\u00bb.<\/p>\n<p>Alors qu\u2019elle subissait d\u00e9j\u00e0 des remarques grossophobes, la situation n\u2019a fait qu\u2019empirer apr\u00e8s son passage dans l\u2019\u00e9mission. C\u2019est en tout cas ce qu\u2019elle a confi\u00e9 ce lundi 19 octobre 2025 au micro d\u2019Alexandra Roost.<\/p>\n<p>Dans l\u2019\u00e9mission <strong>Boum Boum<\/strong>, Lola Dubini a en effet accept\u00e9 de revenir sur la p\u00e9riode tr\u00e8s difficile qu\u2019elle a v\u00e9cue apr\u00e8s \u00ab\u00a0<strong>Danse avec les stars<\/strong>\u00ab\u00a0. Malgr\u00e9 la situation, elle a tout de m\u00eame r\u00e9ussi \u00e0 se rem\u00e9morer quelques moments, avec humour.\u00a0<\/p>\n<p>\u00ab\u00a0Quand je vais avec mes amis dans un fast-food, et qu\u2019on commande des burgers et des salades, on me donne automatiquement le burger !\u00a0\u00bb, d\u00e9bute-t-elle avant de faire preuve de s\u00e9rieux et d\u00e9plorer les attaques qu\u2019elle a subies et subit encore.<\/p>\n<p>\u00ab\u00a0J\u2019ai port\u00e9 plainte contre des gens qui ont men\u00e9 un raid grossophobe, et <strong>sur les cinq, un seul m\u2019a vers\u00e9 300 euros<\/strong>\u00ab\u00a0, explique-t-elle avant de regretter le comportement de TF1 \u00e0 son \u00e9gard. En effet, selon ses dires, la Une ne l\u2019aurait pas soutenue malgr\u00e9 la situation : \u00ab\u00a0<strong>C\u2019est \u00e9c\u0153urant<\/strong>\u2026 Je m\u2019en suis pris plein la t\u00eate, d\u00e8s l\u2019annonce de ma participation \u00e0 l\u2019\u00e9mission.\u00a0\u00bb<\/p>\n<p>Une diff\u00e9rence de traitement entre les hommes et les femmes<\/p>\n<p>En plus du manque de soutien et des nombreuses attaques auxquelles elle a d\u00fb faire face lors de son passage dans <strong>\u00ab\u00a0Danse avec les stars\u00a0\u00bb<\/strong>, Lola Dubini met \u00e9galement en lumi\u00e8re un autre point qui pose probl\u00e8me selon elle : <strong>la diff\u00e9rence de traitement entre les hommes et les femmes.<br \/><\/strong><br \/>En effet, toujours au micro d\u2019Alexandra Roost, la com\u00e9dienne de <strong>\u00ab\u00a0Demain nous appartient\u00a0\u00bb<\/strong> pointe du doigt la disparit\u00e9 de traitement entre les hommes et les femmes face \u00e0 la grossophobie. Selon l\u2019actrice, les hommes ne recevraient pas le m\u00eame traitement concernant leur poids par rapport aux femmes.<\/p>\n<p>De plus, une grande partie des injures que Lola Dubini re\u00e7oit, proviendrait des hommes. \u00ab\u00a0<strong>Quand c\u2019est arriv\u00e9 \u00e0 Nico Capone, tout le monde s\u2019en est offusqu\u00e9<\/strong>. J\u2019ai trouv\u00e9 \u00e7a un peu d\u00e9gueulasse\u00a0\u00bb, avoue-t-elle \u00e9galement en \u00e9voquant le communiqu\u00e9 de TF1 qui demandait aux internautes de cesser ce comportement et sensibilisait au respect sur Instagram lorsque le cr\u00e9ateur du contenu subissait le m\u00eame sort dans<strong> \u00ab\u00a0Danse avec les stars\u00a0\u00bb<\/strong>. \u00ab\u00a0Il y avait Val\u00e9rie Damidot avant lui, elle en a pris plein la t\u00eate, et pourtant, <strong>personne n\u2019a rien dit<\/strong>\u00ab\u00a0, regrette \u00e0 nouveau la com\u00e9dienne.\u00a0<\/p>\n<p>      Mentionn\u00e9s dans cet article<\/p>\n<p>      Sur le m\u00eame sujet<\/p>\n","protected":false},"excerpt":{"rendered":"En 2021, Lola Dubini participe \u00e0 la onzi\u00e8me saison de \u00ab\u00a0Danse avec les stars\u00ab\u00a0. \u00c9limin\u00e9e au bout du&hellip;\n","protected":false},"author":2,"featured_media":481869,"comment_status":"","ping_status":"","sticky":false,"template":"","format":"standard","meta":{"footnotes":""},"categories":[1356],"tags":[194,58,59,1011,27,44767,252,199,1364],"class_list":{"0":"post-481868","1":"post","2":"type-post","3":"status-publish","4":"format-standard","5":"has-post-thumbnail","7":"category-television","8":"tag-danse-avec-les-stars","9":"tag-divertissement","10":"tag-entertainment","11":"tag-fr","12":"tag-france","13":"tag-grossophobie","14":"tag-television","15":"tag-tf1","16":"tag-tv"},"share_on_mastodon":{"url":"https:\/\/pubeurope.com\/@fr\/115417609951805858","error":""},"_links":{"self":[{"href":"https:\/\/www.europesays.com\/fr\/wp-json\/wp\/v2\/posts\/481868","targetHints":{"allow":["GET"]}}],"collection":[{"href":"https:\/\/www.europesays.com\/fr\/wp-json\/wp\/v2\/posts"}],"about":[{"href":"https:\/\/www.europesays.com\/fr\/wp-json\/wp\/v2\/types\/post"}],"author":[{"embeddable":true,"href":"https:\/\/www.europesays.com\/fr\/wp-json\/wp\/v2\/users\/2"}],"replies":[{"embeddable":true,"href":"https:\/\/www.europesays.com\/fr\/wp-json\/wp\/v2\/comments?post=481868"}],"version-history":[{"count":0,"href":"https:\/\/www.europesays.com\/fr\/wp-json\/wp\/v2\/posts\/481868\/revisions"}],"wp:featuredmedia":[{"embeddable":true,"href":"https:\/\/www.europesays.com\/fr\/wp-json\/wp\/v2\/media\/481869"}],"wp:attachment":[{"href":"https:\/\/www.europesays.com\/fr\/wp-json\/wp\/v2\/media?parent=481868"}],"wp:term":[{"taxonomy":"category","embeddable":true,"href":"https:\/\/www.europesays.com\/fr\/wp-json\/wp\/v2\/categories?post=481868"},{"taxonomy":"post_tag","embeddable":true,"href":"https:\/\/www.europesays.com\/fr\/wp-json\/wp\/v2\/tags?post=481868"}],"curies":[{"name":"wp","href":"https:\/\/api.w.org\/{rel}","templated":true}]}}