{"id":481870,"date":"2025-10-22T11:35:18","date_gmt":"2025-10-22T11:35:18","guid":{"rendered":"https:\/\/www.europesays.com\/fr\/481870\/"},"modified":"2025-10-22T11:35:18","modified_gmt":"2025-10-22T11:35:18","slug":"les-vanniers-de-haute-marne-france-inter","status":"publish","type":"post","link":"https:\/\/www.europesays.com\/fr\/481870\/","title":{"rendered":"Les vanniers de Haute-Marne. | France Inter"},"content":{"rendered":"<p class=\"PopSlotParagraph qg-tx2 qg-xtra-lh svelte-1r0pyek\">Un\u00a0label\u00a0qui va servir de bouclier face \u00e0 la d\u00e9ferlante de paniers fabriqu\u00e9s en Asie. Ces objets utilitaires ou d\u00e9coratifs inondent les grandes surfaces et les enseignes de d\u00e9co et de bricolage sans que le client sache s&rsquo;il s&rsquo;agit de fibres v\u00e9g\u00e9tales ou de plastique.<br \/>\u00a0\u00bb Il \u00e9tait urgent de d\u00e9fendre une tradition ancestrale\u00a0! \u00a0\u00bb\u00a0justifie Guy Thomas Co Pr\u00e9sident du Comit\u00e9 de d\u00e9veloppement et de promotion de la vannerie.\u00a0<br \/>Le voil\u00e0 qui s&#8217;emballe pour vanter la robustesse et l&rsquo;\u00e9lasticit\u00e9 de l&rsquo;osier des environs. Le\u00a0label\u00a0d&rsquo;indication g\u00e9ographique couvre 83 communes en\u00a0Haute-Marne\u00a0et 5 en\u00a0Haute-Sa\u00f4ne.<\/p>\n<p class=\"PopSlotParagraph qg-tx2 qg-xtra-lh svelte-1r0pyek\"><strong>Les paniers en osier sont fabriqu\u00e9s avec des tiges de saules c&rsquo;est bien \u00e7a\u00a0?<\/strong><\/p>\n<p class=\"PopSlotParagraph qg-tx2 qg-xtra-lh svelte-1r0pyek\">Et il existerait autant de vari\u00e9t\u00e9s d&rsquo;osier que de membres de la grande famille de saules la palette des couleurs des \u00ab\u00a0salix\u00a0\u00bb est vari\u00e9e elle aussi. blanc, cr\u00e8me, brun, pourpre, rouge, noir\u00a0!<br \/>A la fin du 19 \u00e8me si\u00e8cle 800 hectares d&rsquo;oseraies \u00e9taient cultiv\u00e9s autour du village de Fayl-Billot&#8230; aujourd&rsquo;hui il en reste \u00e0 peine 50 hectares.<br \/>c&rsquo;est ici sur ces terres humides au sol acide qu&rsquo;a \u00e9t\u00e9 ouverte en 1905 l&rsquo;\u00e9cole nationale d&rsquo;osi\u00e9riculture et de vannerie.<br \/>Apr\u00e8s 1918, l&rsquo;\u00e9tablissement qui recevait des apprentis venus de toute la France a form\u00e9 des bless\u00e9s de guerre ceux en tout cas qui avaient conserv\u00e9 l&rsquo;agilit\u00e9 de leurs poignets et de leurs doigts pour trier, tordre et tresser\u00a0<br \/>Guy Thomas raconte avec fiert\u00e9\u00a0: \u00ab\u00a0Apr\u00e8s l&rsquo;Armistice, mon grand-p\u00e8re le soldat L\u00e9on originaire de Bourg-en-Bresse est venu apprendre le m\u00e9tier ici et n&rsquo;est plus jamais reparti\u00a0!\u00a0\u00bb<\/p>\n<p class=\"PopSlotParagraph qg-tx2 qg-xtra-lh svelte-1r0pyek\"><strong>Et l&rsquo;\u00e9cole de vannerie est toujours en activit\u00e9\u00a0?<\/strong><\/p>\n<p class=\"PopSlotParagraph qg-tx2 qg-xtra-lh svelte-1r0pyek\">Oui\u00a0! V\u00e9ronique Delaby est la nouvelle directrice depuis la rentr\u00e9e.<br \/>Une vingtaine de jeunes sont inscrits en CAP ou Brevet Professionnel, ils c\u00f4toient des adultes en reconversion.<br \/>\u00a0\u00bb Il y a un r\u00e9el engouement pour l&rsquo;osier qui allie \u00e9cologie et durabilit\u00e9\u00a0\u00bb confirme la responsable de cette formation qui d\u00e9pend du lyc\u00e9e agricole.<br \/>La fili\u00e8re repr\u00e9sente entre 150 et 200 vanniers professionnels.<br \/>Deux anciennes \u00e9l\u00e8ves de Fayl-Billot sont devenues des signatures\u00a0! Christine Berthet install\u00e9e \u00e0 Nantes con\u00e7oit des cabas, des malles pour des maroquiniers de luxe et collabore avec des designers en vogue. Catherine Romand premi\u00e8re dipl\u00f4m\u00e9e de l&rsquo;\u00e9cole en ameublement rotin en 1981 est \u00e9tabli \u00e0 Villaines-les-Rochers en Indre et Loire. Un autre territoire\u00a0<br \/>de la vannerie en France o\u00f9 l&rsquo;on trouve une coop\u00e9rative.\u00a0<br \/>Catherine Romand con\u00e7oit des sculptures monumentales et des suspensions lumineuses aux allures de nids d&rsquo;oiseaux.<br \/>L&rsquo;an dernier, elle a \u00e9t\u00e9 co laur\u00e9ate du prestigieux prix Bettencourt de l&rsquo;intelligence de la main.<\/p>\n","protected":false},"excerpt":{"rendered":"Un\u00a0label\u00a0qui va servir de bouclier face \u00e0 la d\u00e9ferlante de paniers fabriqu\u00e9s en Asie. Ces objets utilitaires ou&hellip;\n","protected":false},"author":2,"featured_media":481871,"comment_status":"","ping_status":"","sticky":false,"template":"","format":"standard","meta":{"footnotes":""},"categories":[1355],"tags":[58,59,1011,27,1361,873],"class_list":{"0":"post-481870","1":"post","2":"type-post","3":"status-publish","4":"format-standard","5":"has-post-thumbnail","7":"category-musique","8":"tag-divertissement","9":"tag-entertainment","10":"tag-fr","11":"tag-france","12":"tag-music","13":"tag-musique"},"share_on_mastodon":{"url":"https:\/\/pubeurope.com\/@fr\/115417614247474240","error":""},"_links":{"self":[{"href":"https:\/\/www.europesays.com\/fr\/wp-json\/wp\/v2\/posts\/481870","targetHints":{"allow":["GET"]}}],"collection":[{"href":"https:\/\/www.europesays.com\/fr\/wp-json\/wp\/v2\/posts"}],"about":[{"href":"https:\/\/www.europesays.com\/fr\/wp-json\/wp\/v2\/types\/post"}],"author":[{"embeddable":true,"href":"https:\/\/www.europesays.com\/fr\/wp-json\/wp\/v2\/users\/2"}],"replies":[{"embeddable":true,"href":"https:\/\/www.europesays.com\/fr\/wp-json\/wp\/v2\/comments?post=481870"}],"version-history":[{"count":0,"href":"https:\/\/www.europesays.com\/fr\/wp-json\/wp\/v2\/posts\/481870\/revisions"}],"wp:featuredmedia":[{"embeddable":true,"href":"https:\/\/www.europesays.com\/fr\/wp-json\/wp\/v2\/media\/481871"}],"wp:attachment":[{"href":"https:\/\/www.europesays.com\/fr\/wp-json\/wp\/v2\/media?parent=481870"}],"wp:term":[{"taxonomy":"category","embeddable":true,"href":"https:\/\/www.europesays.com\/fr\/wp-json\/wp\/v2\/categories?post=481870"},{"taxonomy":"post_tag","embeddable":true,"href":"https:\/\/www.europesays.com\/fr\/wp-json\/wp\/v2\/tags?post=481870"}],"curies":[{"name":"wp","href":"https:\/\/api.w.org\/{rel}","templated":true}]}}