{"id":481883,"date":"2025-10-22T11:42:12","date_gmt":"2025-10-22T11:42:12","guid":{"rendered":"https:\/\/www.europesays.com\/fr\/481883\/"},"modified":"2025-10-22T11:42:12","modified_gmt":"2025-10-22T11:42:12","slug":"le-prix-sakharov-decerne-a-deux-journalistes-emprisonnes-du-belarus-et-de-georgie-actualites","status":"publish","type":"post","link":"https:\/\/www.europesays.com\/fr\/481883\/","title":{"rendered":"Le prix Sakharov d\u00e9cern\u00e9 \u00e0 deux journalistes emprisonn\u00e9s du B\u00e9larus et de G\u00e9orgie : Actualit\u00e9s"},"content":{"rendered":"<p class=\"lead \">Deux journalistes emprisonn\u00e9s au B\u00e9larus et en G\u00e9orgie, Andrzej Poczobut et Mzia Amaghlobeli, se sont vu d\u00e9cerner mercredi le prix Sakharov pour la libert\u00e9 de pens\u00e9e.<\/p>\n<p class=\"lead \">\u00ab\u00a0Les deux sont des journalistes actuellement en prison sur la base d&rsquo;accusations invent\u00e9es de toutes pi\u00e8ces, simplement pour avoir fait leur travail et d\u00e9nonc\u00e9 l&rsquo;injustice\u00a0\u00bb, a d\u00e9clar\u00e9 la pr\u00e9sidente du Parlement europ\u00e9en, Roberta Metsola. \u00ab\u00a0Leur courage en a fait des symboles de la lutte pour la libert\u00e9 et la d\u00e9mocratie\u00a0\u00bb.<\/p>\n<p class=\"lead \">Ils \u00e9taient en lice pour le prestigieux prix europ\u00e9en, en m\u00e9moire du dissident sovi\u00e9tique Andre\u00ef Sakharov, aux c\u00f4t\u00e9s des organisations humanitaires et de journalistes op\u00e9rant dans les territoires palestiniens; et des \u00e9tudiants serbes, dont le mouvement de protestation bouscule le pays depuis un an.<\/p>\n<p class=\"lead \">Ils succ\u00e8dent aux opposants v\u00e9n\u00e9zu\u00e9liens Edmundo Gonzalez Urrutia et Maria Corina Machado, cette derni\u00e8re tout juste r\u00e9compens\u00e9e du prix Nobel de la Paix.<\/p>\n<p class=\"lead \">&#8211; \u00ab\u00a0Le journalisme n&rsquo;est pas un crime\u00a0\u00bb &#8211;<\/p>\n<p class=\"lead \">L&rsquo;attribution du prix \u00e0 ces deux journalistes \u00ab\u00a0envoie un message fort \u00e0 tous les prisonniers politiques : que vous n&rsquo;\u00eates pas seuls et que le journalisme n&rsquo;est pas un crime\u00a0\u00bb, a d\u00e9clar\u00e9 devant les eurod\u00e9put\u00e9s l&rsquo;opposante b\u00e9larusse Svetlana Tikhanovska\u00efa, juste apr\u00e8s l&rsquo;attribution du prix.<\/p>\n<p class=\"lead \">\u00ab\u00a0N&rsquo;abandonnez pas, continuez de vous battre quoi qu&rsquo;il arrive !\u00a0\u00bb, a-t-elle lanc\u00e9.<\/p>\n<p class=\"lead \">Mzia Amaghlobeli, journaliste g\u00e9orgienne devenue le symbole de la lutte pour la libert\u00e9 de la presse dans le pays du Caucase, a \u00e9t\u00e9 condamn\u00e9e en ao\u00fbt \u00e0 deux ans de prison pour avoir, selon l&rsquo;accusation, gifl\u00e9 un policier lors d&rsquo;une manifestation le 12 janvier dans la ville de Batoumi, sur la mer Noire.<\/p>\n<p class=\"lead \">\u00c2g\u00e9e de 50 ans, cofondatrice de deux m\u00e9dias ind\u00e9pendants, rares voix critiques dans un paysage m\u00e9diatique polaris\u00e9, elle est sp\u00e9cialis\u00e9e dans les enqu\u00eates sur le gaspillage d&rsquo;argent public et les abus de pouvoir.<\/p>\n<p class=\"lead \">Pour protester contre sa d\u00e9tention apr\u00e8s son interpellation, elle a observ\u00e9 une gr\u00e8ve de la faim une quarantaine de jours, avant de l&rsquo;interrompre pour pr\u00e9server sa sant\u00e9. <\/p>\n<p class=\"lead \">Reporters sans fronti\u00e8res, qui r\u00e9clame sa lib\u00e9ration, a jug\u00e9 que sa peine \u00e9tait un symbole du \u00ab\u00a0glissement autoritaire\u00a0\u00bb \u00e0 l&rsquo;\u0153uvre en G\u00e9orgie depuis la prise de pouvoir du parti R\u00eave g\u00e9orgien.<\/p>\n<p class=\"lead \">Amnesty International a quant \u00e0 elle d\u00e9nonc\u00e9 un proc\u00e8s \u00ab\u00a0entach\u00e9 de violations de proc\u00e9dure et de partialit\u00e9\u00a0\u00bb, et accus\u00e9 la police g\u00e9orgienne d&rsquo;avoir fait subir des violences physiques et verbales \u00e0 Mme Amaghlobeli.<\/p>\n<p class=\"lead \">Elle \u00e9tait aussi en lice cette ann\u00e9e pour pour le prix des droits de l&rsquo;homme Vaclav Havel d\u00e9cern\u00e9 lundi par le Conseil de l&rsquo;Europe, une autre institution europ\u00e9enne. Le prix a \u00e9t\u00e9 remport\u00e9 par le journaliste ukrainien Maxime Boutkevitch, lib\u00e9r\u00e9 l&rsquo;an dernier apr\u00e8s avoir \u00e9t\u00e9 captur\u00e9 par les forces russes.<\/p>\n<p class=\"lead \">&#8211; \u00ab\u00a0Pas oubli\u00e9\u00a0\u00bb &#8211;<\/p>\n<p class=\"lead \">Andrzej Poczobut, journaliste polono-b\u00e9larusse \u00e2g\u00e9 de 52 ans, est membre de la minorit\u00e9 polonaise du B\u00e9larus. Il a \u00e9t\u00e9 condamn\u00e9 en f\u00e9vrier 2023 \u00e0 huit ans de prison dans cette ex-r\u00e9publique sovi\u00e9tique, ce que l&rsquo;opposition a consid\u00e9r\u00e9 \u00eatre une \u00ab\u00a0vengeance personnelle\u00a0\u00bb de l&rsquo;autocrate au pouvoir Alexandre Loukachenko.<\/p>\n<p class=\"lead \">Le gouvernement de Loukachenko m\u00e8ne une r\u00e9pression implacable contre toutes les voix critiques, en particulier depuis un mouvement de contestation sans pr\u00e9c\u00e9dent en 2020.<\/p>\n<p class=\"lead \">Andrzej Poczobut, alors correspondant \u00e0 Minsk du m\u00e9dia polonais Gazeta Wyborcza et militant pour les droits de la minorit\u00e9 polonaise, avait \u00e9t\u00e9 arr\u00eat\u00e9 d\u00e9but 2021 en pleine vague de r\u00e9pression contre les m\u00e9dias accus\u00e9s de propos critiques \u00e0 l&rsquo;\u00e9gard du pouvoir.<\/p>\n<p class=\"lead \">Lors de son proc\u00e8s \u00e0 huis clos deux ans plus tard au tribunal r\u00e9gional de Grodno (ouest) il a \u00e9t\u00e9 reconnu coupable d'\u00a0\u00bbappels publics \u00e0 des actions visant \u00e0 nuire \u00e0 la s\u00e9curit\u00e9 nationale\u00a0\u00bb et d'\u00a0\u00bbincitation \u00e0 la haine\u00a0\u00bb.<\/p>\n<p class=\"lead \">Il se voyait notamment reprocher d&rsquo;avoir appel\u00e9 \u00e0 des sanctions internationales contre le B\u00e9larus.<\/p>\n<p class=\"lead \">\u00ab\u00a0Nous sommes tr\u00e8s heureux que le monde, le Parlement europ\u00e9en, l&rsquo;Union europ\u00e9enne, n&rsquo;aient pas oubli\u00e9 Andrzej Poczobut\u00a0\u00bb, a d\u00e9clar\u00e9 \u00e0 l&rsquo;AFP Roman Imielski, r\u00e9dacteur en chef de la Gazeta Wyborcza. \u00ab\u00a0J&rsquo;esp\u00e8re que l&rsquo;attribution de ce prix marquera une nouvelle ouverture, qu&rsquo;Andrzej Poczobut retrouvera la libert\u00e9.\u00a0\u00bb<\/p>\n<p class=\"lead \">Les laur\u00e9ats du prix sont cens\u00e9s recevoir le prix dans l&rsquo;h\u00e9micycle de Strasbourg le 16 d\u00e9cembre, mais il faudrait pour cela qu&rsquo;ils soient lib\u00e9r\u00e9s.<\/p>\n<p class=\"small font-weight-bold text-gray3 \"> publi\u00e9 le 22 octobre \u00e0 13h01, AFP<\/p>\n<p>                             Partager<\/p>\n","protected":false},"excerpt":{"rendered":"Deux journalistes emprisonn\u00e9s au B\u00e9larus et en G\u00e9orgie, Andrzej Poczobut et Mzia Amaghlobeli, se sont vu d\u00e9cerner mercredi&hellip;\n","protected":false},"author":2,"featured_media":481884,"comment_status":"","ping_status":"","sticky":false,"template":"","format":"standard","meta":{"footnotes":""},"categories":[5],"tags":[11,18610,38953,1011,27,60530,14,12,7621,1050,316,2437,4279,3329,1778,28],"class_list":{"0":"post-481883","1":"post","2":"type-post","3":"status-publish","4":"format-standard","5":"has-post-thumbnail","7":"category-international","8":"tag-actualites","9":"tag-blarus","10":"tag-dmocratie","11":"tag-fr","12":"tag-france","13":"tag-gorgie","14":"tag-international","15":"tag-news","16":"tag-palestiniens","17":"tag-parlement","18":"tag-politique","19":"tag-pologne","20":"tag-rcompense","21":"tag-serbie","22":"tag-ue","23":"tag-world"},"share_on_mastodon":{"url":"https:\/\/pubeurope.com\/@fr\/115417641436019396","error":""},"_links":{"self":[{"href":"https:\/\/www.europesays.com\/fr\/wp-json\/wp\/v2\/posts\/481883","targetHints":{"allow":["GET"]}}],"collection":[{"href":"https:\/\/www.europesays.com\/fr\/wp-json\/wp\/v2\/posts"}],"about":[{"href":"https:\/\/www.europesays.com\/fr\/wp-json\/wp\/v2\/types\/post"}],"author":[{"embeddable":true,"href":"https:\/\/www.europesays.com\/fr\/wp-json\/wp\/v2\/users\/2"}],"replies":[{"embeddable":true,"href":"https:\/\/www.europesays.com\/fr\/wp-json\/wp\/v2\/comments?post=481883"}],"version-history":[{"count":0,"href":"https:\/\/www.europesays.com\/fr\/wp-json\/wp\/v2\/posts\/481883\/revisions"}],"wp:featuredmedia":[{"embeddable":true,"href":"https:\/\/www.europesays.com\/fr\/wp-json\/wp\/v2\/media\/481884"}],"wp:attachment":[{"href":"https:\/\/www.europesays.com\/fr\/wp-json\/wp\/v2\/media?parent=481883"}],"wp:term":[{"taxonomy":"category","embeddable":true,"href":"https:\/\/www.europesays.com\/fr\/wp-json\/wp\/v2\/categories?post=481883"},{"taxonomy":"post_tag","embeddable":true,"href":"https:\/\/www.europesays.com\/fr\/wp-json\/wp\/v2\/tags?post=481883"}],"curies":[{"name":"wp","href":"https:\/\/api.w.org\/{rel}","templated":true}]}}