{"id":481895,"date":"2025-10-22T11:51:18","date_gmt":"2025-10-22T11:51:18","guid":{"rendered":"https:\/\/www.europesays.com\/fr\/481895\/"},"modified":"2025-10-22T11:51:18","modified_gmt":"2025-10-22T11:51:18","slug":"toulon-un-choc-frontal-sur-la-route-emporte-la-vie-dun-enfant-de-7-ans-linfo-re","status":"publish","type":"post","link":"https:\/\/www.europesays.com\/fr\/481895\/","title":{"rendered":"Toulon : un choc frontal sur la route emporte la vie d\u2019un enfant de 7 ans &#8211; LINFO.re"},"content":{"rendered":"<p>La route du mont Faron \u00e0 Toulon (Var) a \u00e9t\u00e9 le th\u00e9\u00e2tre d\u2019un accident mortel le dimanche 19 octobre. Un petit gar\u00e7on de 7 ans est d\u00e9c\u00e9d\u00e9 dans un choc frontal entre deux voitures.<\/p>\n<p>\t\t\t\t\t\t<strong>Accident tragique \u00e0 Toulon<\/strong><\/p>\n<p>Dimanche 19 octobre, en soir\u00e9e, un drame a eu lieu sur la route du mont Faron, \u00e0 <strong>Toulon<\/strong>, dans le <a href=\"https:\/\/www.linfo.re\/tags\/var\" target=\"_blank\" rel=\"noopener\"><strong>Var<\/strong><\/a>. Un violent <strong>accident <\/strong>a co\u00fbt\u00e9 la vie \u00e0 un enfant de 7 ans apr\u00e8s une collision frontale entre deux v\u00e9hicules. Les secours ont imm\u00e9diatement r\u00e9agi, envoyant pompiers, Samu et forces de l\u2019ordre sur les lieux du sinistre.<\/p>\n<p>&gt; \u00c0 lire aussi\u00a0: <a href=\"https:\/\/www.linfo.re\/france\/faits-divers\/toulon-un-homme-meurt-poignarde-par-sa-compagne-apres-des-violences-conjugales\" target=\"_blank\" rel=\"noopener\"><strong>Toulon\u00a0: un homme meurt poignard\u00e9 par sa compagne apr\u00e8s des violences conjugales<\/strong><\/a><\/p>\n<p><strong>Bilan et enqu\u00eate en cours<\/strong><\/p>\n<p>L\u2019<strong>accident<\/strong> impliquait une m\u00e8re et ses trois enfants, dont la victime, ainsi qu\u2019un autre v\u00e9hicule transportant plusieurs individus. Sept personnes ont \u00e9t\u00e9 bless\u00e9es et hospitalis\u00e9es. Les autorit\u00e9s ont ouvert une enqu\u00eate pour \u00e9claircir les circonstances de l\u2019incident. Des auditions ont d\u00e9but\u00e9 dans la nuit, et les investigateurs cherchent \u00e0 d\u00e9terminer les responsabilit\u00e9s de chaque conducteur. Ce drame est survenu sur un axe fr\u00e9quemment accidentog\u00e8ne, sachant aussi que cette route avait r\u00e9cemment fait l\u2019objet de travaux.<\/p>\n<p>&gt; Toute l\u2019<a href=\"https:\/\/www.linfo.re\/france\" target=\"_blank\" rel=\"noopener\"><strong>actualit\u00e9 en France sur LINFO.re<\/strong><\/a><\/p>\n<p>Sources\u00a0: Var-Matin, 20 Minutes<\/p>\n","protected":false},"excerpt":{"rendered":"La route du mont Faron \u00e0 Toulon (Var) a \u00e9t\u00e9 le th\u00e9\u00e2tre d\u2019un accident mortel le dimanche 19&hellip;\n","protected":false},"author":2,"featured_media":481896,"comment_status":"","ping_status":"","sticky":false,"template":"","format":"standard","meta":{"footnotes":""},"categories":[9619],"tags":[1111,47,11,1777,674,118,1011,27,1922,12,882,25,2310,7506],"class_list":{"0":"post-481895","1":"post","2":"type-post","3":"status-publish","4":"format-standard","5":"has-post-thumbnail","7":"category-toulon","8":"tag-actu","9":"tag-actualite","10":"tag-actualites","11":"tag-eu","12":"tag-europe","13":"tag-faits-divers","14":"tag-fr","15":"tag-france","16":"tag-info","17":"tag-news","18":"tag-provence-alpes-cote-dazur","19":"tag-republique-francaise","20":"tag-toulon","21":"tag-var"},"share_on_mastodon":{"url":"https:\/\/pubeurope.com\/@fr\/115417676812148165","error":""},"_links":{"self":[{"href":"https:\/\/www.europesays.com\/fr\/wp-json\/wp\/v2\/posts\/481895","targetHints":{"allow":["GET"]}}],"collection":[{"href":"https:\/\/www.europesays.com\/fr\/wp-json\/wp\/v2\/posts"}],"about":[{"href":"https:\/\/www.europesays.com\/fr\/wp-json\/wp\/v2\/types\/post"}],"author":[{"embeddable":true,"href":"https:\/\/www.europesays.com\/fr\/wp-json\/wp\/v2\/users\/2"}],"replies":[{"embeddable":true,"href":"https:\/\/www.europesays.com\/fr\/wp-json\/wp\/v2\/comments?post=481895"}],"version-history":[{"count":0,"href":"https:\/\/www.europesays.com\/fr\/wp-json\/wp\/v2\/posts\/481895\/revisions"}],"wp:featuredmedia":[{"embeddable":true,"href":"https:\/\/www.europesays.com\/fr\/wp-json\/wp\/v2\/media\/481896"}],"wp:attachment":[{"href":"https:\/\/www.europesays.com\/fr\/wp-json\/wp\/v2\/media?parent=481895"}],"wp:term":[{"taxonomy":"category","embeddable":true,"href":"https:\/\/www.europesays.com\/fr\/wp-json\/wp\/v2\/categories?post=481895"},{"taxonomy":"post_tag","embeddable":true,"href":"https:\/\/www.europesays.com\/fr\/wp-json\/wp\/v2\/tags?post=481895"}],"curies":[{"name":"wp","href":"https:\/\/api.w.org\/{rel}","templated":true}]}}