{"id":481899,"date":"2025-10-22T11:53:16","date_gmt":"2025-10-22T11:53:16","guid":{"rendered":"https:\/\/www.europesays.com\/fr\/481899\/"},"modified":"2025-10-22T11:53:16","modified_gmt":"2025-10-22T11:53:16","slug":"mohed-altrad-fustige-michael-delafosse-maire-de-montpellier-a-propos-du-match-entre-les-all-blacks-xv-et-luruguay","status":"publish","type":"post","link":"https:\/\/www.europesays.com\/fr\/481899\/","title":{"rendered":"Mohed Altrad fustige Micha\u00ebl Delafosse, maire de Montpellier, \u00e0 propos du match entre les All Blacks XV et l\u2019Uruguay"},"content":{"rendered":"<p>\n    Dans une lettre communiqu\u00e9e par le club, Mohed Altrad, pr\u00e9sident du Montpellier Rugby Club, adresse un message piquant \u00e0 la m\u00e9tropole. Il d\u00e9nonce une clause in\u00e9dite visant \u00e0 d\u00e9localiser le match entre les All Blacks XV et l\u2019Uruguay.<\/p>\n<p class=\"fig-paragraph\">Coup de tonnerre dans\u00a0<a href=\"https:\/\/www.lefigaro.fr\/sports\/rugby\/live\/top-14\/2026\/947968\/montpellier-lyon?msockid=2338e949ff1a6caa28edff13fe766dd0\" target=\"_blank\" rel=\"sponsored noopener nofollow\" data-gtm-custom-categorie=\"navigation\" data-gtm-custom-action=\"crossclick\" data-gtm-custom-label=\"Contextuel\" data-gtm-event=\"customEventSPE\">le monde sportif Montpellierain<\/a>\u00a0! Alors que le GGL Stadium, stade de Montpellier, devait accueillir un match de gala entre les All Blacks XV et l\u2019\u00e9quipe nationale de l\u2019Uruguay, le maire de Montpelier, Micha\u00ebl Delafosse, en a d\u00e9cid\u00e9 autrement. La m\u00e9tropole, propri\u00e9taire du stade, aurait demand\u00e9 au club de Rugby d\u2019assumer la responsabilit\u00e9 de la pelouse et de prendre la charge la r\u00e9paration si elle venait \u00e0 \u00eatre d\u00e9t\u00e9rior\u00e9e, clause totalement in\u00e9dite .\u00a0<a href=\"https:\/\/www.lefigaro.fr\/sports\/rugby\/top-14\/top-14-mohed-altrad-menace-de-ne-plus-jouer-a-montpellier-20250608?msockid=2338e949ff1a6caa28edff13fe766dd0\" target=\"_blank\" data-fig-type=\"NewsFlash\" rel=\"sponsored noopener nofollow\" data-gtm-custom-categorie=\"navigation\" data-gtm-custom-action=\"crossclick\" data-gtm-custom-label=\"Contextuel\" data-gtm-event=\"customEventSPE\" data-fig-domain=\"LEFIGARO\">Mohed Altrad<\/a>, pr\u00e9sident du\u00a0<a href=\"http:\/\/www.lefigaro.fr\/sports\/rugby\/top-14\/top-14-grands-debuts-a-montpellier-pour-l-argentin-justo-piccardo-revelation-du-rugby-championship-20251017\" data-fig-type=\"NewsFlash\" data-gtm-custom-categorie=\"navigation\" data-gtm-custom-action=\"crossclick\" data-gtm-custom-label=\"Contextuel\" data-gtm-event=\"customEventSPE\" data-fig-domain=\"LEFIGARO\" rel=\"nofollow noopener\" target=\"_blank\">Montpellier Rugby Club<\/a>, ne comprend pas\u00a0: \u00abPourquoi en serait-il ainsi alors que le club paie d\u00e9j\u00e0 pour cette pelouse, et que les matchs du Top 14 comme ceux de coupe d\u2019Europe, s\u2019y d\u00e9roulent sans qu\u2019il soit question de cette clause.\u00bb<\/p>\n<p class=\"fig-paragraph\">Le pr\u00e9sident remet m\u00eame en cause la volont\u00e9 de la m\u00e9tropole d\u2019accueillir le match\u00a0: \u00ab Cette clause servirait-elle \u00e0 faire payer au club la r\u00e9fection d\u2019une pelouse que la m\u00e9tropole, propri\u00e9taire du stade, est cens\u00e9e lui remettre en bon \u00e9tat\u00a0? Servirait-elle \u00e0 donner \u00e0 la m\u00e9tropole comme argument, si la pelouse venait \u00e0 ne pas tenir cet hiver\u00a0: C\u2019est \u00e0 cause du match des All Blacks\u00a0? Ou n\u2019a-t-elle pour objet que d\u2019importuner le club, et l\u2019emp\u00eacher d\u2019accueillir les All Blacks\u00a0?\u00bb<\/p>\n<p>                                    <a class=\"fig-a11y-skip a11y-hidden\" href=\"#fig-a11y-skip-main-inarticle\"><br \/>\n        Passer la publicit\u00e9<br \/>\n    <\/a><\/p>\n<p class=\"fig-paragraph\">R\u00e9sultat\u00a0: l\u2019\u00e9v\u00e9nement est finalement d\u00e9localis\u00e9 \u00e0 B\u00e9ziers. Le pr\u00e9sident assure dans la lettre que \u00ab la m\u00e9tropole ne fait rien pour nous aider, au contraire\u00bb.\u00a0 Mais ces d\u00e9saccords entre le club et la m\u00e9tropole ne sont pas nouveaux. Mohed Altrad avait m\u00eame annonc\u00e9 qu\u2019il \u00e9tait pr\u00eat \u00e0 quitter le GGL Stadium et jou\u00e9 \u00e0 B\u00e9ziers. Le club milite depuis plus d\u2019un an pour une am\u00e9lioration des infrastructures du complexe Yves-du-Manoir notamment sa pelouse\u00a0: \u00abNous savons tous que la pelouse est en piteux \u00e9tat ; et un match de plus ou de moins n\u2019y changera rien.\u00bb Mohed Altrad et le club souhaitent acqu\u00e9rir le stade depuis d\u00e9j\u00e0 longtemps, mais la mairie refuse sans cesse. \u00abSi nous voulons\u00a0gagner plus de titres et briser notre plafond de verre, nous devons rendre nos infrastructures plus professionnelles.\u00bb avait assur\u00e9 le pr\u00e9sident du club dans les colonnes de\u00a0<a href=\"https:\/\/www.midilibre.fr\/2025\/06\/08\/bras-de-fer-entre-mohed-altrad-et-la-ville-le-president-du-mhr-pret-a-quitter-le-stade-yves-du-manoir-a-montpellier-12747723.php\" target=\"_blank\" rel=\"sponsored noopener nofollow\" data-gtm-custom-categorie=\"navigation\" data-gtm-custom-action=\"crossclick\" data-gtm-custom-label=\"Contextuel\" data-gtm-event=\"customEventSPE\">Midi Libre.\u00a0<\/a><\/p>\n","protected":false},"excerpt":{"rendered":"Dans une lettre communiqu\u00e9e par le club, Mohed Altrad, pr\u00e9sident du Montpellier Rugby Club, adresse un message piquant&hellip;\n","protected":false},"author":2,"featured_media":481900,"comment_status":"","ping_status":"","sticky":false,"template":"","format":"standard","meta":{"footnotes":""},"categories":[9599],"tags":[1111,11,1777,674,1011,27,14987,2208,12,2680,25],"class_list":{"0":"post-481899","1":"post","2":"type-post","3":"status-publish","4":"format-standard","5":"has-post-thumbnail","7":"category-montpellier","8":"tag-actu","9":"tag-actualites","10":"tag-eu","11":"tag-europe","12":"tag-fr","13":"tag-france","14":"tag-mhr","15":"tag-montpellier","16":"tag-news","17":"tag-occitanie","18":"tag-republique-francaise"},"share_on_mastodon":{"url":"https:\/\/pubeurope.com\/@fr\/115417684693218651","error":""},"_links":{"self":[{"href":"https:\/\/www.europesays.com\/fr\/wp-json\/wp\/v2\/posts\/481899","targetHints":{"allow":["GET"]}}],"collection":[{"href":"https:\/\/www.europesays.com\/fr\/wp-json\/wp\/v2\/posts"}],"about":[{"href":"https:\/\/www.europesays.com\/fr\/wp-json\/wp\/v2\/types\/post"}],"author":[{"embeddable":true,"href":"https:\/\/www.europesays.com\/fr\/wp-json\/wp\/v2\/users\/2"}],"replies":[{"embeddable":true,"href":"https:\/\/www.europesays.com\/fr\/wp-json\/wp\/v2\/comments?post=481899"}],"version-history":[{"count":0,"href":"https:\/\/www.europesays.com\/fr\/wp-json\/wp\/v2\/posts\/481899\/revisions"}],"wp:featuredmedia":[{"embeddable":true,"href":"https:\/\/www.europesays.com\/fr\/wp-json\/wp\/v2\/media\/481900"}],"wp:attachment":[{"href":"https:\/\/www.europesays.com\/fr\/wp-json\/wp\/v2\/media?parent=481899"}],"wp:term":[{"taxonomy":"category","embeddable":true,"href":"https:\/\/www.europesays.com\/fr\/wp-json\/wp\/v2\/categories?post=481899"},{"taxonomy":"post_tag","embeddable":true,"href":"https:\/\/www.europesays.com\/fr\/wp-json\/wp\/v2\/tags?post=481899"}],"curies":[{"name":"wp","href":"https:\/\/api.w.org\/{rel}","templated":true}]}}