{"id":481901,"date":"2025-10-22T11:54:10","date_gmt":"2025-10-22T11:54:10","guid":{"rendered":"https:\/\/www.europesays.com\/fr\/481901\/"},"modified":"2025-10-22T11:54:10","modified_gmt":"2025-10-22T11:54:10","slug":"meteo-la-tempete-benjamin-arrive-en-seine-maritime-a-quoi-faut-il-sattendre","status":"publish","type":"post","link":"https:\/\/www.europesays.com\/fr\/481901\/","title":{"rendered":"M\u00e9t\u00e9o. La temp\u00eate Benjamin arrive en Seine-Maritime : \u00e0 quoi faut-il s&rsquo;attendre\u00a0?"},"content":{"rendered":"<p>            Par<br \/>\n        <strong><br \/>\n            <a href=\"https:\/\/actu.fr\/auteur\/yann-rivallan\" title=\"Consulter tous les articles de Yann Rivallan\" target=\"_blank\" rel=\"noopener\">Yann Rivallan<\/a><br \/>\n        <\/strong><\/p>\n<p>        Publi\u00e9 le<\/p>\n<p>            22 oct. 2025 \u00e0 12h08        <\/p>\n<p>Prudence jeudi 23\u00a0octobre 2025 en <a href=\"https:\/\/actu.fr\/normandie\/seine-maritime_76\" target=\"_blank\" rel=\"noopener\">Seine-Maritime<\/a>\u2009! <strong>La temp\u00eate Benjamin<\/strong> va balayer notre d\u00e9partement tout au long de la journ\u00e9e, selon les pr\u00e9visions de M\u00e9t\u00e9o France. La Seine-Maritime est d\u2019ailleurs plac\u00e9e <a href=\"https:\/\/vigilance.meteofrance.fr\/fr\/seine-maritime\/demain\" target=\"_blank\" rel=\"noopener\">en vigilance orange<\/a> <strong>vagues-submersion<\/strong> sur la c\u00f4te et en <strong>vigilance jaune pour le vent<\/strong> sur l\u2019ensemble du d\u00e9partement.<\/p>\n<p>Une mer d\u00e9cha\u00een\u00e9e sur la c\u00f4te<\/p>\n<p class=\" wall-content\">D\u2019apr\u00e8s le dernier bulletin de M\u00e9t\u00e9o France, toute la fa\u00e7ade maritime<strong> entre \u00c9tretat et le\u00a0Tr\u00e9port<\/strong> est plac\u00e9e en vigilance orange vagues-submersion. Une mer d\u00e9cha\u00een\u00e9e est attendue et elle pourrait d\u00e9border. Le\u00a0Havre et son port restent de leur c\u00f4t\u00e9 en vigilance jaune.<\/p>\n<p class=\" wall-content\">Selon les pr\u00e9visions, c\u2019est <strong>en fin de matin\u00e9e<\/strong>, peu avant midi, que l\u2019\u00e9pisode de vagues-submersion va d\u00e9buter. Il devrait se poursuivre jusqu\u2019\u00e0 16h, avant de se calmer dans la soir\u00e9e.<\/p>\n<p>Des rafales de vent jusqu\u2019\u00e0 115\u00a0km\/h<\/p>\n<p class=\" wall-content\">\u00c7a risque aussi de souffler fort sur la c\u00f4te. Dans l\u2019apr\u00e8s-midi de jeudi, des rafales pouvant aller <strong>jusqu\u2019\u00e0 115\u00a0km\/h<\/strong> sont attendues. Elles pourront atteindre <strong>les 90\u00a0km\/h<\/strong> dans les terres, notamment dans l\u2019agglom\u00e9ration de Rouen.<\/p>\n<p class=\" wall-content\">En cons\u00e9quence, plusieurs dispositions ont \u00e9t\u00e9 prises. Par exemple, <a href=\"https:\/\/actu.fr\/normandie\/le-havre_76351\/tempete-benjamin-le-village-de-la-transat-cafe-l-or-ferme-ce-jeudi-a-cause-du-vent_63333319.html\" target=\"_blank\" rel=\"noopener\">le village de la Transat<\/a> Caf\u00e9 l\u2019Or au\u00a0Havre sera <strong>ferm\u00e9 toute la journ\u00e9e<\/strong>.<\/p>\n<p class=\" wall-content\">Par ailleurs, M\u00e9t\u00e9o France annonce <strong>des averses orageuses<\/strong> dans l\u2019apr\u00e8s-midi de jeudi sur l\u2019ensemble du d\u00e9partement.<\/p>\n<p class=\" wall-content\">Personnalisez votre actualit\u00e9 en ajoutant vos villes et m\u00e9dias en favori avec <a href=\"https:\/\/moncompte.actu.fr\" title=\"D\u00e9couvez Mon Actu\" rel=\"nofollow noopener\" data-trk=\"{&quot;cta&quot;:{&quot;action&quot;:&quot;https:\\\/\\\/moncompte.actu.fr&quot;,&quot;category&quot;:&quot;mon compte&quot;,&quot;from&quot;:&quot;article footer&quot;,&quot;name&quot;:&quot;Mon actu&quot;,&quot;type&quot;:&quot;cta&quot;}}\" target=\"_blank\">Mon Actu<\/a>.<\/p>\n","protected":false},"excerpt":{"rendered":"Par Yann Rivallan Publi\u00e9 le 22 oct. 2025 \u00e0 12h08 Prudence jeudi 23\u00a0octobre 2025 en Seine-Maritime\u2009! La temp\u00eate&hellip;\n","protected":false},"author":2,"featured_media":481902,"comment_status":"","ping_status":"","sticky":false,"template":"","format":"standard","meta":{"footnotes":""},"categories":[9587],"tags":[1111,11,1777,674,1011,27,3059,2487,2357,12,5161,25,9590],"class_list":{"0":"post-481901","1":"post","2":"type-post","3":"status-publish","4":"format-standard","5":"has-post-thumbnail","7":"category-rouen","8":"tag-actu","9":"tag-actualites","10":"tag-eu","11":"tag-europe","12":"tag-fr","13":"tag-france","14":"tag-intemperies","15":"tag-meteo","16":"tag-meteo-france","17":"tag-news","18":"tag-normandie","19":"tag-republique-francaise","20":"tag-rouen"},"share_on_mastodon":{"url":"https:\/\/pubeurope.com\/@fr\/115417688525254440","error":""},"_links":{"self":[{"href":"https:\/\/www.europesays.com\/fr\/wp-json\/wp\/v2\/posts\/481901","targetHints":{"allow":["GET"]}}],"collection":[{"href":"https:\/\/www.europesays.com\/fr\/wp-json\/wp\/v2\/posts"}],"about":[{"href":"https:\/\/www.europesays.com\/fr\/wp-json\/wp\/v2\/types\/post"}],"author":[{"embeddable":true,"href":"https:\/\/www.europesays.com\/fr\/wp-json\/wp\/v2\/users\/2"}],"replies":[{"embeddable":true,"href":"https:\/\/www.europesays.com\/fr\/wp-json\/wp\/v2\/comments?post=481901"}],"version-history":[{"count":0,"href":"https:\/\/www.europesays.com\/fr\/wp-json\/wp\/v2\/posts\/481901\/revisions"}],"wp:featuredmedia":[{"embeddable":true,"href":"https:\/\/www.europesays.com\/fr\/wp-json\/wp\/v2\/media\/481902"}],"wp:attachment":[{"href":"https:\/\/www.europesays.com\/fr\/wp-json\/wp\/v2\/media?parent=481901"}],"wp:term":[{"taxonomy":"category","embeddable":true,"href":"https:\/\/www.europesays.com\/fr\/wp-json\/wp\/v2\/categories?post=481901"},{"taxonomy":"post_tag","embeddable":true,"href":"https:\/\/www.europesays.com\/fr\/wp-json\/wp\/v2\/tags?post=481901"}],"curies":[{"name":"wp","href":"https:\/\/api.w.org\/{rel}","templated":true}]}}