{"id":481903,"date":"2025-10-22T11:56:01","date_gmt":"2025-10-22T11:56:01","guid":{"rendered":"https:\/\/www.europesays.com\/fr\/481903\/"},"modified":"2025-10-22T11:56:01","modified_gmt":"2025-10-22T11:56:01","slug":"sm-caen-comment-regarder-le-match-entre-le-stade-malherbe-et-le-fc-rouen-en-national","status":"publish","type":"post","link":"https:\/\/www.europesays.com\/fr\/481903\/","title":{"rendered":"SM Caen. Comment regarder le match entre le Stade Malherbe et le FC Rouen en National\u00a0?"},"content":{"rendered":"<p>            Par<br \/>\n        <strong><br \/>\n            <a href=\"https:\/\/actu.fr\/auteur\/redaction-sportacaen\" title=\"Consulter tous les articles de R\u00e9daction Sport \u00e0 Caen\" target=\"_blank\" rel=\"noopener\">R\u00e9daction Sport \u00e0 Caen<\/a><br \/>\n        <\/strong><\/p>\n<p>        Publi\u00e9 le<\/p>\n<p>            21 oct. 2025 \u00e0 15h21        <\/p>\n<p>Plus de <a href=\"https:\/\/actu.fr\/normandie\/caen_14118\/sm-caen-le-derby-attire-vers-un-record-dinfluence-pour-la-reception-de-rouen_63311544.html\" target=\"_blank\" rel=\"noopener\">17 000 spectateurs<\/a> sont attendus au stade Michel-d\u2019Ornano, ce mardi 21 octobre 2025 (coup d\u2019envoi \u00e0 20h00), pour assister <a href=\"https:\/\/actu.fr\/normandie\/caen_14118\/sm-caen-maxime-dornano-on-sest-dit-les-choses-clairement-et-ca-piquait_63325744.html\" target=\"_blank\" rel=\"noopener\"><b>au derby entre le SM Caen et le FC Rouen<\/b><\/a>. Deux possibilit\u00e9s s\u2019offrent aux autres, ceux qui ne seront pas dans l\u2019enceinte, de regarder gratuitement cette onzi\u00e8me journ\u00e9e de National sur leurs \u00e9crans.<\/p>\n<p class=\" wall-content\"><b>France 3 retransmettra la rencontre <\/b>en direct avec Boris Letondeur aux commentaires. Prise d\u2019antenne \u00e0 19h50.<\/p>\n<p>    <a href=\"https:\/\/www.facebook.com\/plugins\/video.php?height=476&amp;href=https%3A%2F%2Fwww.facebook.com%2Freel%2F778201051718984%2F&amp;show_text=false&amp;width=350&amp;t=0\" title=\"Ouvrie le lien\" target=\"_blank\" rel=\"noopener\">Cliquez ici pour visualiser le contenu<\/a><\/p>\n<p class=\" wall-content\">Comme \u00e0 chaque journ\u00e9e, la F\u00e9d\u00e9ration fran\u00e7aise de football diffusera \u00e9galement <b>les d\u00e9bats sur YouTube.\u00a0<\/b><\/p>\n<p class=\" wall-content\">\n<p class=\" wall-content\">Personnalisez votre actualit\u00e9 en ajoutant vos villes et m\u00e9dias en favori avec <a href=\"https:\/\/moncompte.actu.fr\" title=\"D\u00e9couvez Mon Actu\" rel=\"nofollow noopener\" data-trk=\"{&quot;cta&quot;:{&quot;action&quot;:&quot;https:\\\/\\\/moncompte.actu.fr&quot;,&quot;category&quot;:&quot;mon compte&quot;,&quot;from&quot;:&quot;article footer&quot;,&quot;name&quot;:&quot;Mon actu&quot;,&quot;type&quot;:&quot;cta&quot;}}\" target=\"_blank\">Mon Actu<\/a>.<\/p>\n","protected":false},"excerpt":{"rendered":"Par R\u00e9daction Sport \u00e0 Caen Publi\u00e9 le 21 oct. 2025 \u00e0 15h21 Plus de 17 000 spectateurs sont&hellip;\n","protected":false},"author":2,"featured_media":481904,"comment_status":"","ping_status":"","sticky":false,"template":"","format":"standard","meta":{"footnotes":""},"categories":[9587],"tags":[1111,11,1777,674,63,1011,27,12,5161,25,9590,15104,1745,60,266],"class_list":{"0":"post-481903","1":"post","2":"type-post","3":"status-publish","4":"format-standard","5":"has-post-thumbnail","7":"category-rouen","8":"tag-actu","9":"tag-actualites","10":"tag-eu","11":"tag-europe","12":"tag-football","13":"tag-fr","14":"tag-france","15":"tag-news","16":"tag-normandie","17":"tag-republique-francaise","18":"tag-rouen","19":"tag-sm-caen","20":"tag-sport-caen","21":"tag-sports","22":"tag-stade-malherbe-de-caen"},"share_on_mastodon":{"url":"","error":""},"_links":{"self":[{"href":"https:\/\/www.europesays.com\/fr\/wp-json\/wp\/v2\/posts\/481903","targetHints":{"allow":["GET"]}}],"collection":[{"href":"https:\/\/www.europesays.com\/fr\/wp-json\/wp\/v2\/posts"}],"about":[{"href":"https:\/\/www.europesays.com\/fr\/wp-json\/wp\/v2\/types\/post"}],"author":[{"embeddable":true,"href":"https:\/\/www.europesays.com\/fr\/wp-json\/wp\/v2\/users\/2"}],"replies":[{"embeddable":true,"href":"https:\/\/www.europesays.com\/fr\/wp-json\/wp\/v2\/comments?post=481903"}],"version-history":[{"count":0,"href":"https:\/\/www.europesays.com\/fr\/wp-json\/wp\/v2\/posts\/481903\/revisions"}],"wp:featuredmedia":[{"embeddable":true,"href":"https:\/\/www.europesays.com\/fr\/wp-json\/wp\/v2\/media\/481904"}],"wp:attachment":[{"href":"https:\/\/www.europesays.com\/fr\/wp-json\/wp\/v2\/media?parent=481903"}],"wp:term":[{"taxonomy":"category","embeddable":true,"href":"https:\/\/www.europesays.com\/fr\/wp-json\/wp\/v2\/categories?post=481903"},{"taxonomy":"post_tag","embeddable":true,"href":"https:\/\/www.europesays.com\/fr\/wp-json\/wp\/v2\/tags?post=481903"}],"curies":[{"name":"wp","href":"https:\/\/api.w.org\/{rel}","templated":true}]}}