{"id":481905,"date":"2025-10-22T11:59:18","date_gmt":"2025-10-22T11:59:18","guid":{"rendered":"https:\/\/www.europesays.com\/fr\/481905\/"},"modified":"2025-10-22T11:59:18","modified_gmt":"2025-10-22T11:59:18","slug":"un-nouveau-directeur-a-la-tete-du-cluster-de-lia-de-grenoble","status":"publish","type":"post","link":"https:\/\/www.europesays.com\/fr\/481905\/","title":{"rendered":"Un nouveau directeur \u00e0 la t\u00eate du cluster de l&rsquo;IA de Grenoble"},"content":{"rendered":"<p>Jusqu&rsquo;\u00e0 pr\u00e9sent, il \u00e9tait le directeur innovation et expert intelligence artificielle au sein du p\u00f4le de comp\u00e9titivit\u00e9 <a href=\"https:\/\/mesinfos.fr\/auvergne-rhone-alpes\/decarbonation-des-pme-du-numerique-un-nouveau-service-du-pole-de-competitivite-minalogic-221123.html\" rel=\"noopener nofollow\" target=\"_blank\">Minalogic<\/a>. Depuis le 21 octobre, il est le nouveau directeur du <a href=\"https:\/\/mesinfos.fr\/38000-grenoble\/intelligence-artificielle-grenoble-dans-le-top-3-francais-des-poles-de-reference-216266.html\" rel=\"noopener nofollow\" target=\"_blank\">MIAI cluster<\/a>, l&rsquo;institut interdisciplinaire d&rsquo;<strong>intelligence artificielle <\/strong>de Grenoble. <strong>Philippe Wieczorek<\/strong> succ\u00e8de \u00e0 <strong>Eric Gaussier<\/strong> qui a occup\u00e9 ce poste durant sept ans. <\/p>\n<p>Philippe Wieczorek est le nouveau directeur de l&rsquo;institut interdisciplinaire de l&rsquo;intelligence artificielle de Grenoble <img decoding=\"async\" alt=\"\" class=\"img-align-center\" data-zoomable=\"\" height=\"233\" loading=\"lazy\" src=\"https:\/\/www.europesays.com\/fr\/wp-content\/uploads\/2025\/10\/wieczorek.jpg\" title=\"\u00a9Emilie Wieczorek \" width=\"216\"\/> \u00a9 Emilie Wieczorek &#8211; Philippe Wieczorek est le nouveau directeur du MIAI Cluster de Grenoble. <\/p>\n<p>Sous l\u2019impulsion de son nouveau directeur, le MIAI Cluster entend \u00ab\u00a0renforcer encore ses liens avec le monde socio-\u00e9conomique, consolider ses partenariats industriels et d\u00e9velopper ses actions de m\u00e9diation et de sensibilisation du grand public aux enjeux de l\u2019intelligence artificielle\u00a0\u00bb.<\/p>\n<p>Dipl\u00f4m\u00e9 de l\u2019INSA de Lyon (ing\u00e9nieur en informatique) et titulaire d\u2019un Master of Science de l\u2019Universit\u00e9 McGill de Montr\u00e9al, <a href=\"https:\/\/mesinfos.fr\/auvergne-rhone-alpes\/philippe-wieczorek-la-region-s-est-emparee-du-ces-de-las-vegas-88920.html\" rel=\"noopener nofollow\" target=\"_blank\">Philippe Wieczorek<\/a> a d\u00e9but\u00e9 sa carri\u00e8re\u00a0dans des start-ups technologiques, il a dirig\u00e9 des \u00e9quipes internationales de R&amp;D chez Capgemini, puis chez HP, o\u00f9 il a exerc\u00e9 des fonctions de direction dans le d\u00e9veloppement de produits innovants avant de devenir secr\u00e9taire g\u00e9n\u00e9ral du comit\u00e9 de direction des sites internationaux d\u2019HP en France.<\/p>\n<p> MIAI Cluster de Grenoble : un budget de 212 millions d&rsquo;euros depuis 2019 <\/p>\n<p>Il rejoint Minalogic en 2012, o\u00f9 il occupe successivement les fonctions de directeur logiciel, puis de directeur innovation. Expert reconnu en intelligence artificielle, il accompagne depuis plus d\u2019une d\u00e9cennie 30 \u00e0 40 start-ups r\u00e9gionales chaque ann\u00e9e au <strong>CES de Las Vegas<\/strong>, en tant que seul juge non am\u00e9ricain des CES Innovation Awards. <\/p>\n<p>Port\u00e9 par l&rsquo;<a href=\"https:\/\/mesinfos.fr\/38000-grenoble\/comment-l-universite-grenoble-alpes-veut-ameliorer-l-acces-aux-soins-des-etudiants-229734.html\" rel=\"noopener nofollow\" target=\"_blank\">Universit\u00e9 Grenoble Alpes<\/a>, l&rsquo;institut MIAI a \u00e9t\u00e9 cr\u00e9\u00e9 en 2019 et a obtenu le label Cluster IA en mai 2024. Son <strong>budget <\/strong>s&rsquo;\u00e9l\u00e8ve \u00e0 <strong>212 millions d&rsquo;euros<\/strong> depuis 2019 en incluant les subventions de l&rsquo;Agence nationale de la recherche, les apports des partenaires industriels et les apports des partenaires acad\u00e9miques. 17 start-up ont \u00e9t\u00e9 cr\u00e9\u00e9es, plus de 6 000 \u00e9tudiants form\u00e9s et plus de 1 850 publications r\u00e9alis\u00e9es depuis 2019.<\/p>\n","protected":false},"excerpt":{"rendered":"Jusqu&rsquo;\u00e0 pr\u00e9sent, il \u00e9tait le directeur innovation et expert intelligence artificielle au sein du p\u00f4le de comp\u00e9titivit\u00e9 Minalogic.&hellip;\n","protected":false},"author":2,"featured_media":481906,"comment_status":"","ping_status":"","sticky":false,"template":"","format":"standard","meta":{"footnotes":""},"categories":[9566],"tags":[1111,11,2430,25859,1777,674,1011,27,2731,223,12,25,24284],"class_list":{"0":"post-481905","1":"post","2":"type-post","3":"status-publish","4":"format-standard","5":"has-post-thumbnail","7":"category-grenoble","8":"tag-actu","9":"tag-actualites","10":"tag-auvergne-rhone-alpes","11":"tag-cluster","12":"tag-eu","13":"tag-europe","14":"tag-fr","15":"tag-france","16":"tag-grenoble","17":"tag-intelligence-artificielle","18":"tag-news","19":"tag-republique-francaise","20":"tag-universitu00e9-grenoble-alpes"},"share_on_mastodon":{"url":"https:\/\/pubeurope.com\/@fr\/115417708804046220","error":""},"_links":{"self":[{"href":"https:\/\/www.europesays.com\/fr\/wp-json\/wp\/v2\/posts\/481905","targetHints":{"allow":["GET"]}}],"collection":[{"href":"https:\/\/www.europesays.com\/fr\/wp-json\/wp\/v2\/posts"}],"about":[{"href":"https:\/\/www.europesays.com\/fr\/wp-json\/wp\/v2\/types\/post"}],"author":[{"embeddable":true,"href":"https:\/\/www.europesays.com\/fr\/wp-json\/wp\/v2\/users\/2"}],"replies":[{"embeddable":true,"href":"https:\/\/www.europesays.com\/fr\/wp-json\/wp\/v2\/comments?post=481905"}],"version-history":[{"count":0,"href":"https:\/\/www.europesays.com\/fr\/wp-json\/wp\/v2\/posts\/481905\/revisions"}],"wp:featuredmedia":[{"embeddable":true,"href":"https:\/\/www.europesays.com\/fr\/wp-json\/wp\/v2\/media\/481906"}],"wp:attachment":[{"href":"https:\/\/www.europesays.com\/fr\/wp-json\/wp\/v2\/media?parent=481905"}],"wp:term":[{"taxonomy":"category","embeddable":true,"href":"https:\/\/www.europesays.com\/fr\/wp-json\/wp\/v2\/categories?post=481905"},{"taxonomy":"post_tag","embeddable":true,"href":"https:\/\/www.europesays.com\/fr\/wp-json\/wp\/v2\/tags?post=481905"}],"curies":[{"name":"wp","href":"https:\/\/api.w.org\/{rel}","templated":true}]}}