{"id":481907,"date":"2025-10-22T12:00:23","date_gmt":"2025-10-22T12:00:23","guid":{"rendered":"https:\/\/www.europesays.com\/fr\/481907\/"},"modified":"2025-10-22T12:00:23","modified_gmt":"2025-10-22T12:00:23","slug":"le-dernier-centre-dencaissement-des-cheques-fermera-le-1er-septembre-2027","status":"publish","type":"post","link":"https:\/\/www.europesays.com\/fr\/481907\/","title":{"rendered":"Le dernier centre d&rsquo;encaissement des ch\u00e8ques fermera le 1er septembre 2027"},"content":{"rendered":"<p class=\"block date\" id=\"dateEtAuteur\">Publi\u00e9 : 10h52 &#8211; Modifi\u00e9 : 11h14 No\u00eblline  GARON <\/p>\n<p><img decoding=\"async\" class=\"\" style=\"width:100%\" src=\"https:\/\/www.europesays.com\/fr\/wp-content\/uploads\/2025\/10\/cheque1761122862654.jpg\" alt=\"Le centre d'encaissement des ch\u00e8ques de Rennes fermera en 2027\"\/>Au 1er septembre 2027, le centre d&rsquo;encaissement de ch\u00e8ques de Rennes fermera ses portes. Il s&rsquo;agit du dernier de France. 50 personnes travaillent \u00e0 cet endroit et seront reclass\u00e9es.  <\/p>\n<p>Des machines obsol\u00e8tes qui seraient trop co\u00fbteuses \u00e0 renouveler et surtout une baisse de l\u2019activit\u00e9, de 15% chaque ann\u00e9e. Autant de raisons qui expliquent la fermeture prochaine du dernier centre d&rsquo;encaissement de ch\u00e8ques. Situ\u00e9 \u00e0 Rennes, <strong>il fermera ses portes le 1e septembre 2027<\/strong>. Les 50 agents qui travaillent l\u00e0 l&rsquo;ont appris il y a peu. Qu&rsquo;on se rassure, il sera encore possible de r\u00e9gler nos factures en sortant notre ch\u00e9quier : \u00ab\u00a0Quand vous recevrez vos factures de cantine, la facture de l&rsquo;EHPAD, vos imp\u00f4ts, vous aurez un talon de paiement qui ne renverra plus vers le centre d&rsquo;encaissement comme c&rsquo;\u00e9tait le cas, mais vers votre poste local, votre service des imp\u00f4ts en particulier, votre service de gestion comptable. Donc c&rsquo;est nos coll\u00e8gues en local qui vont devoir traiter manuellement tous ces ch\u00e8ques. Et c&rsquo;est un travail qui est quatre fois plus long que l&rsquo;encaissement industriel\u00a0\u00bb, d\u00e9taille Anth\u00e9a Martinez, secr\u00e9taire d\u00e9partementale CFDT Finances en Ille-et-Vilaine.\u00a0<\/p>\n<p>Anth\u00e9a Martinez Anth\u00e9a Martinez <\/p>\n<p>Cr\u00e9dit : No\u00eblline Garon<\/p>\n<blockquote>\n<p><strong>Quel avenir pour ces fonctionnaires ?\u00a0<\/strong><\/p>\n<\/blockquote>\n<p>Les 50 fonctionnaires qui travaillent au centre d&rsquo;encaissement rennais vont \u00eatre reclass\u00e9s. Mais ce n&rsquo;est pas si simple pour Anth\u00e9a Martinez : \u00ab\u00a0Ils ont vraiment un statut qui est particulier parce que ce sont des vrais ouvriers, ils travaillent sur des machines, certains depuis plus de 20 ans. L&rsquo;ensemble des postes sur le d\u00e9partement n&rsquo;est pas du tout adapt\u00e9 aux t\u00e2ches qu&rsquo;ils font eux, donc \u00e7a va n\u00e9cessiter un reclassement important et beaucoup d&rsquo;investissement de leur part. Il y a d\u00e9j\u00e0 des ch\u00e8ques qui sont trait\u00e9s dans ces Postes l\u00e0, tous les ch\u00e8ques sans talon optique, qui ne remplissaient pas l&rsquo;exigence d&rsquo;un centre d&rsquo;encaissement, donc nos agents savent le faire. Par contre, ce qu&rsquo;il faut quantifier maintenant, c&rsquo;est combien d&rsquo;agents il va falloir pour remplacer l&rsquo;encaissement industriel des ch\u00e8ques\u00a0\u00bb. Une rencontre entre ces agents et la direction g\u00e9n\u00e9rale des finances publiques est pr\u00e9vue d\u2019ici la fin de l\u2019ann\u00e9e.<\/p>\n<p>Anth\u00e9a MartinezAnth\u00e9a Martinez<\/p>\n<p>Cr\u00e9dit : No\u00eblline Garon<\/p>\n","protected":false},"excerpt":{"rendered":"Publi\u00e9 : 10h52 &#8211; Modifi\u00e9 : 11h14 No\u00eblline GARON Au 1er septembre 2027, le centre d&rsquo;encaissement de ch\u00e8ques&hellip;\n","protected":false},"author":2,"featured_media":481908,"comment_status":"","ping_status":"","sticky":false,"template":"","format":"standard","meta":{"footnotes":""},"categories":[2821],"tags":[1111,11,60532,829,60531,60533,1270,1777,674,6329,1274,6248,1011,27,848,12,584,25],"class_list":{"0":"post-481907","1":"post","2":"type-post","3":"status-publish","4":"format-standard","5":"has-post-thumbnail","7":"category-rennes","8":"tag-actu","9":"tag-actualites","10":"tag-anthea-martinez","11":"tag-bretagne","12":"tag-centre-encaissement-cheques","13":"tag-centre-encaissement-cheques-rennes","14":"tag-cfdt","15":"tag-eu","16":"tag-europe","17":"tag-finances-publiques","18":"tag-fonction-publique","19":"tag-fonctionnaire","20":"tag-fr","21":"tag-france","22":"tag-ille-et-vilaine","23":"tag-news","24":"tag-rennes","25":"tag-republique-francaise"},"share_on_mastodon":{"url":"https:\/\/pubeurope.com\/@fr\/115417712629571295","error":""},"_links":{"self":[{"href":"https:\/\/www.europesays.com\/fr\/wp-json\/wp\/v2\/posts\/481907","targetHints":{"allow":["GET"]}}],"collection":[{"href":"https:\/\/www.europesays.com\/fr\/wp-json\/wp\/v2\/posts"}],"about":[{"href":"https:\/\/www.europesays.com\/fr\/wp-json\/wp\/v2\/types\/post"}],"author":[{"embeddable":true,"href":"https:\/\/www.europesays.com\/fr\/wp-json\/wp\/v2\/users\/2"}],"replies":[{"embeddable":true,"href":"https:\/\/www.europesays.com\/fr\/wp-json\/wp\/v2\/comments?post=481907"}],"version-history":[{"count":0,"href":"https:\/\/www.europesays.com\/fr\/wp-json\/wp\/v2\/posts\/481907\/revisions"}],"wp:featuredmedia":[{"embeddable":true,"href":"https:\/\/www.europesays.com\/fr\/wp-json\/wp\/v2\/media\/481908"}],"wp:attachment":[{"href":"https:\/\/www.europesays.com\/fr\/wp-json\/wp\/v2\/media?parent=481907"}],"wp:term":[{"taxonomy":"category","embeddable":true,"href":"https:\/\/www.europesays.com\/fr\/wp-json\/wp\/v2\/categories?post=481907"},{"taxonomy":"post_tag","embeddable":true,"href":"https:\/\/www.europesays.com\/fr\/wp-json\/wp\/v2\/tags?post=481907"}],"curies":[{"name":"wp","href":"https:\/\/api.w.org\/{rel}","templated":true}]}}