{"id":481911,"date":"2025-10-22T12:02:10","date_gmt":"2025-10-22T12:02:10","guid":{"rendered":"https:\/\/www.europesays.com\/fr\/481911\/"},"modified":"2025-10-22T12:02:10","modified_gmt":"2025-10-22T12:02:10","slug":"le-marche-de-noel-et-son-sapin-seront-authentiques-et-chaleureux","status":"publish","type":"post","link":"https:\/\/www.europesays.com\/fr\/481911\/","title":{"rendered":"le march\u00e9 de No\u00ebl et son sapin seront \u00ab\u00a0authentiques et chaleureux\u00a0\u00bb"},"content":{"rendered":"<p class=\"insetTitle\">\u00c9lectriciens, cordistes, paysagistes, peintres\u2026<\/p>\n<p>\u25ba <a href=\"https:\/\/www.dna.fr\/edition-de-strasbourg\/2015\/05\/02\/il-met-le-son-et-la-lumiere\" target=\"_blank\" rel=\"noopener\">Bas\u00e9e \u00e0 La Wantzenau, l\u2019entreprise Sigmatech r\u00e9alise l\u2019animation de la place Kl\u00e9ber depuis 2007<\/a>. Jusqu\u2019en 2013, la conception \u00e9tait de la d\u00e9coratrice strasbourgeoise Antoinette Pflimlin, avant que la soci\u00e9t\u00e9 ne la prenne en charge \u00e9galement \u2013 en un lot g\u00e9n\u00e9ral, sur appel d\u2019offres annuel.<\/p>\n<p>\u25ba <a href=\"https:\/\/www.dna.fr\/economie\/2022\/11\/27\/achats-de-noel-ils-rognent-sur-le-budget-sans-gacher-la-fete\" target=\"_blank\" rel=\"noopener\">Le budget<\/a> de la d\u00e9coration du sapin et de la place est inconnu, la Ville ne communiquant pas \u00e0 date sur cette op\u00e9ration. Pour un ordre d\u2019id\u00e9e, l\u2019an dernier, le chiffre global de \u00ab\u00a0540\u00a0000\u00a0euros pour les illuminations de No\u00ebl\u00a0\u00bb avait \u00e9t\u00e9 donn\u00e9.<\/p>\n<p>\u25ba C\u00f4t\u00e9 personnel, \u00e9lectriciens, cordistes, paysagistes, peintres\u2026 Ce sont chaque jour de cinq \u00e0 dix ouvriers qui travailleront \u00e0 embellir le centre n\u00e9vralgique du march\u00e9.<\/p>\n","protected":false},"excerpt":{"rendered":"\u00c9lectriciens, cordistes, paysagistes, peintres\u2026 \u25ba Bas\u00e9e \u00e0 La Wantzenau, l\u2019entreprise Sigmatech r\u00e9alise l\u2019animation de la place Kl\u00e9ber depuis&hellip;\n","protected":false},"author":2,"featured_media":481912,"comment_status":"","ping_status":"","sticky":false,"template":"","format":"standard","meta":{"footnotes":""},"categories":[2820],"tags":[1111,11,4749,1687,33,2880,1777,674,3326,107,1011,27,775,2089,12,15830,2661,5889,25,104,3140,640,2879,602,1631,216],"class_list":{"0":"post-481911","1":"post","2":"type-post","3":"status-publish","4":"format-standard","5":"has-post-thumbnail","7":"category-strasbourg","8":"tag-actu","9":"tag-actualites","10":"tag-btp-et-chantiers","11":"tag-culture-loisirs","12":"tag-economie","13":"tag-edition-strasbourg","14":"tag-eu","15":"tag-europe","16":"tag-fete-locale","17":"tag-fil-info","18":"tag-fr","19":"tag-france","20":"tag-grand-est","21":"tag-marche","22":"tag-news","23":"tag-noel","24":"tag-patrimoine-culturel","25":"tag-religion-croyance","26":"tag-republique-francaise","27":"tag-societe","28":"tag-spectacle","29":"tag-strasbourg","30":"tag-strasbourg-ville","31":"tag-tourisme","32":"tag-vie-associative","33":"tag-vie-des-entreprises"},"share_on_mastodon":{"url":"https:\/\/pubeurope.com\/@fr\/115417720078161880","error":""},"_links":{"self":[{"href":"https:\/\/www.europesays.com\/fr\/wp-json\/wp\/v2\/posts\/481911","targetHints":{"allow":["GET"]}}],"collection":[{"href":"https:\/\/www.europesays.com\/fr\/wp-json\/wp\/v2\/posts"}],"about":[{"href":"https:\/\/www.europesays.com\/fr\/wp-json\/wp\/v2\/types\/post"}],"author":[{"embeddable":true,"href":"https:\/\/www.europesays.com\/fr\/wp-json\/wp\/v2\/users\/2"}],"replies":[{"embeddable":true,"href":"https:\/\/www.europesays.com\/fr\/wp-json\/wp\/v2\/comments?post=481911"}],"version-history":[{"count":0,"href":"https:\/\/www.europesays.com\/fr\/wp-json\/wp\/v2\/posts\/481911\/revisions"}],"wp:featuredmedia":[{"embeddable":true,"href":"https:\/\/www.europesays.com\/fr\/wp-json\/wp\/v2\/media\/481912"}],"wp:attachment":[{"href":"https:\/\/www.europesays.com\/fr\/wp-json\/wp\/v2\/media?parent=481911"}],"wp:term":[{"taxonomy":"category","embeddable":true,"href":"https:\/\/www.europesays.com\/fr\/wp-json\/wp\/v2\/categories?post=481911"},{"taxonomy":"post_tag","embeddable":true,"href":"https:\/\/www.europesays.com\/fr\/wp-json\/wp\/v2\/tags?post=481911"}],"curies":[{"name":"wp","href":"https:\/\/api.w.org\/{rel}","templated":true}]}}