{"id":481921,"date":"2025-10-22T12:07:10","date_gmt":"2025-10-22T12:07:10","guid":{"rendered":"https:\/\/www.europesays.com\/fr\/481921\/"},"modified":"2025-10-22T12:07:10","modified_gmt":"2025-10-22T12:07:10","slug":"arretes-alors-quils-allaient-catapulter-des-kebabs-pour-des-detenus-de-la-prison","status":"publish","type":"post","link":"https:\/\/www.europesays.com\/fr\/481921\/","title":{"rendered":"Arr\u00eat\u00e9s alors qu\u2019ils allaient catapulter des kebabs pour des d\u00e9tenus de la prison"},"content":{"rendered":"<p>Une pratique d\u00e9j\u00e0 vue, une marchandise qui l\u2019est moins. Les forces de l\u2019ordre ont surpris une op\u00e9ration de catapultage d\u2019objets \u00e0 des d\u00e9tenus depuis l\u2019ext\u00e9rieur de la prison de <a href=\"https:\/\/www.20minutes.fr\/nantes\/\" class=\"c-link c-link--is-underlined\" target=\"_blank\" rel=\"noopener\">Nantes<\/a> (Loire-Atlantique) ce samedi en fin d\u2019apr\u00e8s-midi. Deux personnes ont \u00e9t\u00e9 interpell\u00e9es par <a href=\"https:\/\/www.20minutes.fr\/dossier\/policier\" class=\"c-link c-link--is-underlined\" target=\"_blank\" rel=\"noopener\">les policiers<\/a>, qui surveillaient justement le secteur pour mettre fin \u00e0 ce type de largage, rapporte <a href=\"https:\/\/www.ouest-france.fr\/societe\/prison\/ils-ont-tente-de-delivrer-18-kebabs-a-des-detenus-de-la-maison-darret-de-nantes-8cac13dc-acce-11f0-a829-eb0d2e70677d\" rel=\"nofollow noopener\" target=\"_blank\" class=\"c-link c-link--is-underlined\">Ouest-France<\/a>.<\/p>\n<p>Deux lanceurs \u00e9chappent \u00e0 la police<\/p>\n<p>Les fonctionnaires avaient vu une voiture suspecte s\u2019approcher et quatre individus en sortir avant d\u2019utiliser une fronde pour lancer des paquets au-dessus de l\u2019enceinte du centre p\u00e9nitentiaire. Lorsque les policiers sont intervenus, deux des suspects ont toutefois r\u00e9ussi \u00e0 prendre la fuite. Les deux hommes interpell\u00e9s se sont r\u00e9v\u00e9l\u00e9s \u00eatre des adolescents de 17 ans. Autre surprise\u00a0: le contenu des colis qu\u2019ils avaient l\u2019intention de lancer dans <a href=\"https:\/\/www.20minutes.fr\/dossier\/prison\" class=\"c-link c-link--is-underlined\" target=\"_blank\" rel=\"noopener\">la prison<\/a>.<\/p>\n<\/p>\n<p>Dans la voiture des suspects, les forces de l\u2019ordre ont en effet retrouv\u00e9 18 kebabs. <a href=\"https:\/\/www.midilibre.fr\/2024\/05\/20\/ils-envoyaient-des-colis-a-des-detenus-trois-hommes-arretes-pour-avoir-lance-des-kebabs-et-des-telephones-dans-une-prison-11962417.php\" rel=\"nofollow noopener\" target=\"_blank\" class=\"c-link c-link--is-underlined\">Midi Libre<\/a> indique que les jeunes gens avaient aussi l\u2019intention de catapulter des t\u00e9l\u00e9phones mobiles destin\u00e9s \u00e0 des d\u00e9tenus. Pour de tels faits, le Code p\u00e9nal pr\u00e9voit une peine pouvant aller jusqu\u2019\u00e0 15.000 euros d\u2019amende et un an de prison ferme.<\/p>\n","protected":false},"excerpt":{"rendered":"Une pratique d\u00e9j\u00e0 vue, une marchandise qui l\u2019est moins. Les forces de l\u2019ordre ont surpris une op\u00e9ration de&hellip;\n","protected":false},"author":2,"featured_media":481922,"comment_status":"","ping_status":"","sticky":false,"template":"","format":"standard","meta":{"footnotes":""},"categories":[2818],"tags":[1111,47,11,1777,674,118,1011,27,10286,3047,766,12,2636,806,25],"class_list":{"0":"post-481921","1":"post","2":"type-post","3":"status-publish","4":"format-standard","5":"has-post-thumbnail","7":"category-nantes","8":"tag-actu","9":"tag-actualite","10":"tag-actualites","11":"tag-eu","12":"tag-europe","13":"tag-faits-divers","14":"tag-fr","15":"tag-france","16":"tag-kebab","17":"tag-loire-atlantique","18":"tag-nantes","19":"tag-news","20":"tag-pays-de-la-loire","21":"tag-prison","22":"tag-republique-francaise"},"share_on_mastodon":{"url":"https:\/\/pubeurope.com\/@fr\/115417739663873686","error":""},"_links":{"self":[{"href":"https:\/\/www.europesays.com\/fr\/wp-json\/wp\/v2\/posts\/481921","targetHints":{"allow":["GET"]}}],"collection":[{"href":"https:\/\/www.europesays.com\/fr\/wp-json\/wp\/v2\/posts"}],"about":[{"href":"https:\/\/www.europesays.com\/fr\/wp-json\/wp\/v2\/types\/post"}],"author":[{"embeddable":true,"href":"https:\/\/www.europesays.com\/fr\/wp-json\/wp\/v2\/users\/2"}],"replies":[{"embeddable":true,"href":"https:\/\/www.europesays.com\/fr\/wp-json\/wp\/v2\/comments?post=481921"}],"version-history":[{"count":0,"href":"https:\/\/www.europesays.com\/fr\/wp-json\/wp\/v2\/posts\/481921\/revisions"}],"wp:featuredmedia":[{"embeddable":true,"href":"https:\/\/www.europesays.com\/fr\/wp-json\/wp\/v2\/media\/481922"}],"wp:attachment":[{"href":"https:\/\/www.europesays.com\/fr\/wp-json\/wp\/v2\/media?parent=481921"}],"wp:term":[{"taxonomy":"category","embeddable":true,"href":"https:\/\/www.europesays.com\/fr\/wp-json\/wp\/v2\/categories?post=481921"},{"taxonomy":"post_tag","embeddable":true,"href":"https:\/\/www.europesays.com\/fr\/wp-json\/wp\/v2\/tags?post=481921"}],"curies":[{"name":"wp","href":"https:\/\/api.w.org\/{rel}","templated":true}]}}