{"id":481931,"date":"2025-10-22T12:12:14","date_gmt":"2025-10-22T12:12:14","guid":{"rendered":"https:\/\/www.europesays.com\/fr\/481931\/"},"modified":"2025-10-22T12:12:14","modified_gmt":"2025-10-22T12:12:14","slug":"quartiers-en-resonances-2-explorez-votre-quartier-autrement","status":"publish","type":"post","link":"https:\/\/www.europesays.com\/fr\/481931\/","title":{"rendered":"Quartiers en R\u00e9sonances #2 : explorez votre quartier autrement"},"content":{"rendered":"<p class=\"introduction\">Apr\u00e8s une premi\u00e8re \u00e9dition r\u00e9ussie dans les quartiers du Pile et de l\u2019\u00c9peule, l\u2019ARA \u2013 Autour des Rythmes Actuels, poursuit l\u2019aventure avec Quartiers en R\u00e9sonances #2 dans deux nouveaux secteurs. Ce projet artistique et participatif invite les habitants de Roubaix \u00e0 red\u00e9couvrir leur environnement \u00e0 travers le son et l\u2019image.<\/p>\n<p data-start=\"729\" data-end=\"1011\">Chaque quartier a sa propre m\u00e9lodie : bruits, rires, murmures et rythmes qui lui sont uniques. Et si nous les enregistrions pour en faire une cr\u00e9ation collective ? C\u2019est le pari de ce projet qui transforme les paysages urbains et humains en une v\u00e9ritable \u0153uvre collective.<\/p>\n<p data-start=\"1013\" data-end=\"1330\">Accompagn\u00e9s d\u2019un musicien et d\u2019une plasticienne, les participants partent \u00e0 la chasse aux sons lors de balades sonores et captent \u00e9galement les ambiances visuelles de leur quartier \u2013 couleurs, motifs, impressions \u2013 pour cr\u00e9er une cartographie participative, \u00e0 la fois sonore et visuelle.<\/p>\n<p data-start=\"1332\" data-end=\"1591\">Une premi\u00e8re balade permet de collecter ces sons et images, puis les ateliers organis\u00e9s dans les structures partenaires transforment ces captures en v\u00e9ritables cr\u00e9ations artistiques : musique, peinture et exp\u00e9rimentations ludiques sont au programme.<\/p>\n<p>Les prochains rendez-vous \u00e0 venirQuartier Moulin Potennerie<\/p>\n<p data-start=\"2047\" data-end=\"2068\"><strong data-start=\"2047\" data-end=\"2066\">Atelier musique<\/strong><\/p>\n<p data-start=\"2124\" data-end=\"2153\"><strong data-start=\"2124\" data-end=\"2151\">Atelier arts plastiques<\/strong><\/p>\n<p>Quartier ECHO<\/p>\n<p data-start=\"2249\" data-end=\"2280\"><strong data-start=\"2249\" data-end=\"2278\">Balade sonore et ateliers<\/strong><\/p>\n<p data-start=\"2341\" data-end=\"2382\"><strong data-start=\"2341\" data-end=\"2380\">Ateliers arts plastiques et musique<\/strong><\/p>\n<p>F\u00eate de cl\u00f4ture<\/p>\n<p data-start=\"2554\" data-end=\"2732\">Un atelier cuisine sera propos\u00e9 en d\u00e9but d\u2019apr\u00e8s-midi, avec la complicit\u00e9 du com\u00e9dien-cuistot St\u00e9phane Kushar, au Centre social Assia Djebar, pour pr\u00e9parer la f\u00eate.<\/p>\n<p>\u00a9 Photos : ARA \u2013 Autour des Rythmes Actuels \u2013 Roubaix<\/p>\n","protected":false},"excerpt":{"rendered":"Apr\u00e8s une premi\u00e8re \u00e9dition r\u00e9ussie dans les quartiers du Pile et de l\u2019\u00c9peule, l\u2019ARA \u2013 Autour des Rythmes&hellip;\n","protected":false},"author":2,"featured_media":481932,"comment_status":"","ping_status":"","sticky":false,"template":"","format":"standard","meta":{"footnotes":""},"categories":[2815],"tags":[1111,11,53761,1777,674,1011,27,811,1307,12,25],"class_list":{"0":"post-481931","1":"post","2":"type-post","3":"status-publish","4":"format-standard","5":"has-post-thumbnail","7":"category-lille","8":"tag-actu","9":"tag-actualites","10":"tag-ara","11":"tag-eu","12":"tag-europe","13":"tag-fr","14":"tag-france","15":"tag-hauts-de-france","16":"tag-lille","17":"tag-news","18":"tag-republique-francaise"},"share_on_mastodon":{"url":"https:\/\/pubeurope.com\/@fr\/115417759296074294","error":""},"_links":{"self":[{"href":"https:\/\/www.europesays.com\/fr\/wp-json\/wp\/v2\/posts\/481931","targetHints":{"allow":["GET"]}}],"collection":[{"href":"https:\/\/www.europesays.com\/fr\/wp-json\/wp\/v2\/posts"}],"about":[{"href":"https:\/\/www.europesays.com\/fr\/wp-json\/wp\/v2\/types\/post"}],"author":[{"embeddable":true,"href":"https:\/\/www.europesays.com\/fr\/wp-json\/wp\/v2\/users\/2"}],"replies":[{"embeddable":true,"href":"https:\/\/www.europesays.com\/fr\/wp-json\/wp\/v2\/comments?post=481931"}],"version-history":[{"count":0,"href":"https:\/\/www.europesays.com\/fr\/wp-json\/wp\/v2\/posts\/481931\/revisions"}],"wp:featuredmedia":[{"embeddable":true,"href":"https:\/\/www.europesays.com\/fr\/wp-json\/wp\/v2\/media\/481932"}],"wp:attachment":[{"href":"https:\/\/www.europesays.com\/fr\/wp-json\/wp\/v2\/media?parent=481931"}],"wp:term":[{"taxonomy":"category","embeddable":true,"href":"https:\/\/www.europesays.com\/fr\/wp-json\/wp\/v2\/categories?post=481931"},{"taxonomy":"post_tag","embeddable":true,"href":"https:\/\/www.europesays.com\/fr\/wp-json\/wp\/v2\/tags?post=481931"}],"curies":[{"name":"wp","href":"https:\/\/api.w.org\/{rel}","templated":true}]}}