{"id":481937,"date":"2025-10-22T12:16:13","date_gmt":"2025-10-22T12:16:13","guid":{"rendered":"https:\/\/www.europesays.com\/fr\/481937\/"},"modified":"2025-10-22T12:16:13","modified_gmt":"2025-10-22T12:16:13","slug":"course-pedestre-marseille-cassis-en-remission-ils-se-lancent-a-lassaut-de-la-gineste","status":"publish","type":"post","link":"https:\/\/www.europesays.com\/fr\/481937\/","title":{"rendered":"Course p\u00e9destre &#8211; Marseille-Cassis : en r\u00e9mission, ils se lancent \u00e0 l&rsquo;assaut de la Gineste"},"content":{"rendered":"<p>Il y a toujours une histoire, derri\u00e8re chacun des 20\u00a0000 coureurs \u00e0 s&rsquo;\u00e9lancer du boulevard Michelet en direction de Cassis, mais celle-ci pourrait bien \u00eatre la plus belle de cette 46e \u00e9dition. Dans l&rsquo;immense peloton qui s&rsquo;\u00e9tirera le long de la Gineste, un petit groupe de 13 personnes courra pour quelque chose de bien plus grand qu&rsquo;un simple d\u00e9fi sportif\u00a0: pour raconter une le\u00e7on de vie, inspirante et \u00e9mouvante.<\/p>\n<p>Six patients en r\u00e9mission d&rsquo;un cancer, quatre jeunes hommes et deux jeunes femmes, se lanceront \u00e0 l&rsquo;assaut des 20 bornes de Marseille-Cassis, accompagn\u00e9s par du personnel du dispositif CAP&rsquo;AJA (pour cellule d&rsquo;accompagnement personnalis\u00e9 pour les adolescents et jeunes adultes) de l&rsquo;institut Paoli-Calmettes (IPC) et des \u00e9tudiants en activit\u00e9s physiques adapt\u00e9es (APA) d&rsquo;Aix-Marseille universit\u00e9 qui les ont entra\u00een\u00e9s. Une \u00ab\u00a0id\u00e9e un peu folle\u00a0\u00bb, n\u00e9e fin\u00a02024, qui s&rsquo;inscrit parfaitement dans la mission de CAP&rsquo;AJA aupr\u00e8s des jeunes patients. \u00ab\u00a0Les adolescents et les jeunes adultes sont une population particuli\u00e8re, en pleine construction, explique Fanny Alvarez, l&rsquo;infirmi\u00e8re coordinatrice au c\u0153ur du projet. La maladie est un moment compliqu\u00e9, on travaille \u00e0 leurs c\u00f4t\u00e9s pendant et apr\u00e8s le traitement sur la reprise de confiance en eux, l&rsquo;estime de soi et le rapport au corps.\u00a0\u00bb Le projet de s&rsquo;attaquer \u00e0 une course \u00e0 pied est lanc\u00e9, et quitte \u00e0 y aller, quelle autre \u00e9preuve choisir que le mythique Marseille-Cassis\u00a0?<\/p>\n<p>Un marqueur du retour \u00e0 une vie normale<\/p>\n<p>Quand on lui en parle, Nascimo Pourchet n&rsquo;h\u00e9site pas\u00a0: c&rsquo;est banco. Le jeune homme (26\u00a0ans) n&rsquo;a pourtant pas eu un parcours de vie facile. \u00ab\u00a0J&rsquo;ai un d\u00e9ficit immunitaire depuis l&rsquo;\u00e2ge de 1\u00a0an, j&rsquo;ai toujours \u00e9t\u00e9 sous traitement, \u00e9voque-t-il pudiquement. En\u00a02023, on m&rsquo;a diagnostiqu\u00e9 un cancer des ganglions. J&rsquo;ai fait six mois de chimios, pendant deux ans je n&rsquo;ai connu que le milieu hospitalier.\u00a0\u00bb Deux ans de \u00ab\u00a0lutte contre la maladie\u00a0\u00bb o\u00f9 il se retrouve \u00ab\u00a0coup\u00e9 du monde\u00a0\u00bb et doit encaisser \u00ab\u00a0la perte de beaucoup d&rsquo;amis, se voir chauve dans le miroir, presque perdre mon boulot\u00a0\u00bb&#8230; Nascimo tient le coup gr\u00e2ce \u00e0 sa famille et au personnel de l&rsquo;IPC, jusqu&rsquo;\u00e0 une greffe de moelle osseuse, qui lui permet de \u00ab\u00a0retrouver une vie normale\u00a0\u00bb, enfin.<\/p>\n<p>Il se lance donc dans la pr\u00e9paration, qui lui \u00ab\u00a0permet de penser uniquement \u00e0 \u00e7a\u00a0\u00bb, avec cinq autres jeunes. Pendant ce temps-l\u00e0, Fanny Alvarez s&rsquo;est \u00ab\u00a0mis en relation avec l&rsquo;AMU\u00a0\u00bb, et des \u00e9tudiants en APA viennent encadrer le petit groupe, notamment lors d&rsquo;un \u00ab\u00a0week-end sportif\u00a0\u00bb au mois de mai. \u00ab\u00a0Je suis \u00e9pat\u00e9e par leur volont\u00e9 de s&rsquo;entra\u00eener, et de finir ce Marseille-Cassis, admire l&rsquo;infirmi\u00e8re coordinatrice. \u00c0 cet \u00e2ge-l\u00e0, c&rsquo;est tr\u00e8s dur de se tenir \u00e0 quelque chose, et encore plus avec la maladie. C&rsquo;est bluffant.\u00a0\u00bb Pas d&rsquo;objectif de chrono, juste l&rsquo;envie de le faire \u00ab\u00a0ensemble, par solidarit\u00e9\u00a0\u00bb. \u00ab\u00a0Il reste de l&rsquo;entra\u00eenement \u00e0 faire, en rigole le jeune homme. Mais \u00e7a va \u00eatre une journ\u00e9e extraordinaire, qui va nous faire beaucoup de bien.\u00a0\u00bb<\/p>\n<p>Le sport comme th\u00e9rapie, ici peut-\u00eatre encore plus qu&rsquo;ailleurs. Et comme exemple, aussi. \u00ab\u00a0\u00c7a leur prouve qu&rsquo;ils sont capables de le faire, et \u00e7a montre aux autres que l&rsquo;apr\u00e8s-maladie peut ressembler \u00e0 \u00e7a\u00a0\u00bb, esp\u00e8re Fanny Alvarez.<\/p>\n<p>Un r\u00f4le de mod\u00e8le, m\u00eame si le jeune homme \u00ab\u00a0n&rsquo;aime pas trop ce mot\u00a0\u00bb\u00a0: \u00ab\u00a0Je pr\u00e9f\u00e8re dire qu&rsquo;on repr\u00e9sente les gens du groupe hospitalier.\u00a0\u00bb Ils le feront au sein d&rsquo;un peloton d\u00e9j\u00e0 bien fourni en belles histoires, dans lequel ils seront totalement \u00e0 leur place. Parce que pour laisser la maladie derri\u00e8re soi une bonne fois pour toutes, autant courir vers un avenir radieux.<\/p>\n","protected":false},"excerpt":{"rendered":"Il y a toujours une histoire, derri\u00e8re chacun des 20\u00a0000 coureurs \u00e0 s&rsquo;\u00e9lancer du boulevard Michelet en direction&hellip;\n","protected":false},"author":2,"featured_media":481938,"comment_status":"","ping_status":"","sticky":false,"template":"","format":"standard","meta":{"footnotes":""},"categories":[2814],"tags":[17,1111,11,6466,1777,674,1011,27,6085,5409,9089,884,54068,12,16882,882,49941,25,60],"class_list":{"0":"post-481937","1":"post","2":"type-post","3":"status-publish","4":"format-standard","5":"has-post-thumbnail","7":"category-marseille","8":"tag-17","9":"tag-actu","10":"tag-actualites","11":"tag-course","12":"tag-eu","13":"tag-europe","14":"tag-fr","15":"tag-france","16":"tag-ils","17":"tag-lassaut","18":"tag-lancent","19":"tag-marseille","20":"tag-marseille-cassis","21":"tag-news","22":"tag-pedestre","23":"tag-provence-alpes-cote-dazur","24":"tag-remission","25":"tag-republique-francaise","26":"tag-sports"},"share_on_mastodon":{"url":"https:\/\/pubeurope.com\/@fr\/115417775120797965","error":""},"_links":{"self":[{"href":"https:\/\/www.europesays.com\/fr\/wp-json\/wp\/v2\/posts\/481937","targetHints":{"allow":["GET"]}}],"collection":[{"href":"https:\/\/www.europesays.com\/fr\/wp-json\/wp\/v2\/posts"}],"about":[{"href":"https:\/\/www.europesays.com\/fr\/wp-json\/wp\/v2\/types\/post"}],"author":[{"embeddable":true,"href":"https:\/\/www.europesays.com\/fr\/wp-json\/wp\/v2\/users\/2"}],"replies":[{"embeddable":true,"href":"https:\/\/www.europesays.com\/fr\/wp-json\/wp\/v2\/comments?post=481937"}],"version-history":[{"count":0,"href":"https:\/\/www.europesays.com\/fr\/wp-json\/wp\/v2\/posts\/481937\/revisions"}],"wp:featuredmedia":[{"embeddable":true,"href":"https:\/\/www.europesays.com\/fr\/wp-json\/wp\/v2\/media\/481938"}],"wp:attachment":[{"href":"https:\/\/www.europesays.com\/fr\/wp-json\/wp\/v2\/media?parent=481937"}],"wp:term":[{"taxonomy":"category","embeddable":true,"href":"https:\/\/www.europesays.com\/fr\/wp-json\/wp\/v2\/categories?post=481937"},{"taxonomy":"post_tag","embeddable":true,"href":"https:\/\/www.europesays.com\/fr\/wp-json\/wp\/v2\/tags?post=481937"}],"curies":[{"name":"wp","href":"https:\/\/api.w.org\/{rel}","templated":true}]}}