{"id":481952,"date":"2025-10-22T12:24:19","date_gmt":"2025-10-22T12:24:19","guid":{"rendered":"https:\/\/www.europesays.com\/fr\/481952\/"},"modified":"2025-10-22T12:24:19","modified_gmt":"2025-10-22T12:24:19","slug":"candidat-a-paris-emmanuel-gregoire-se-pose-en-anti-bollore","status":"publish","type":"post","link":"https:\/\/www.europesays.com\/fr\/481952\/","title":{"rendered":"Candidat \u00e0 Paris, Emmanuel Gr\u00e9goire se pose en anti-Bollor\u00e9"},"content":{"rendered":"<p>      <img fetchpriority=\"high\" decoding=\"async\" class=\"mx-auto\" src=\"data:image\/svg+xml,%3Csvg%20xmlns%3D%27http%3A%2F%2Fwww.w3.org%2F2000%2Fsvg%27%20fill%3D%22%23e4e4e4%22%20viewBox%3D%270%200%20510%20340%27%20width%3D%22510%22%20height%3D%22340%22%3E%3Cpath%20d%3D%27M0%200h510v340H0z%27%2F%3E%3C%2Fsvg%3E\"  loading=\"eager\" width=\"510\" height=\"340\" data-oncrawl-image-size=\"510x340\" alt=\"Emmanuel Gr\u00e9goire, candidat du Parti socialiste \u00e0 la Mairie de Paris, lors du lancement de Parlons Paris,  le 4\u00a0octobre 2025.\"\/>      <\/p>\n<p class=\"latino-100m text-grey-600\">\n            Emmanuel Gr\u00e9goire, candidat du Parti socialiste \u00e0 la Mairie de Paris, lors du lancement de Parlons Paris,  le 4\u00a0octobre 2025.\u00a0AMAURY CORNU \/ HANS LUCAS VIA AFP        <\/p>\n<p>        Lire\u00a0plus\u00a0tard      <\/p>\n<p><a aria-label=\"Nous suivre sur Google News\" href=\"https:\/\/news.google.com\/publications\/CAAqBwgKMJe4nQkw3dFs?hl=fr&amp;gl=FR&amp;ceid=FR%3Afr\" target=\"_blank\" data-piano=\"Page_Article,Sous_date_publi,Nous_suivre_sur_google_news,1er_clic,action\" class=\"btn btn--small btn--tertiary btn--icon-only\" rel=\"noopener\"><\/p>\n<p>      Google Actualit\u00e9s<br \/>\n  <\/a><\/p>\n<p>  Partager<\/p>\n<p>        Facebook<\/p>\n<p>        Bluesky<\/p>\n<p>        E-mail<\/p>\n<p>        Copier le lien<\/p>\n<p>      Envoyer<\/p>\n<p>      S\u2019abonner pour lire    <\/p>\n<p class=\"node__paragraphe antonia-750r text-grey-800 pb-24 pb-md-32\">\n<a href=\"https:\/\/www.nouvelobs.com\/politique\/20250701.OBS105486\/si-elle-souhaite-s-impliquer-dans-la-campagne-je-serai-ravi-emmanuel-gregoire-l-affranchi-d-anne-hidalgo-desormais-candidat-pour-lui-succeder.html\" target=\"_blank\" rel=\"noopener\">Emmanuel Gr\u00e9goire, candidat socialiste \u00e0 la Mairie de Paris,<\/a> se pose en protecteur des journalistes au moment o\u00f9 sa rivale de droite Rachida Dati les insulte et <a href=\"https:\/\/www.nouvelobs.com\/economie\/20250915.OBS107695\/rachida-dati-perd-un-nouveau-proces-en-diffamation-contre-le-nouvel-obs.html\" target=\"_blank\" rel=\"noopener\">les poursuit en justice.<\/a> Le d\u00e9put\u00e9 PS entend dresser un rempart contre le magnat ultraconservateur Vincent Bollor\u00e9, tandis que la ministre de la Culture LR, rigolarde, fait copain-copine sur sa cha\u00eene CNews, au lendemain des vols au Louvre, sur le plateau de Pascal Praud. Elle y annonce m\u00eame sa venue prochaine, sur la m\u00eame cha\u00eene, chez Sonia Mabrouk. C\u2019est le feuilleton autour de <a href=\"https:\/\/www.nouvelobs.com\/medias\/20250909.OBS107481\/vincent-bollore-en-pole-position-pour-racheter-le-parisien-a-bernard-arnault.html\" target=\"_blank\" rel=\"noopener\">la possible vente du \u00ab\u00a0Parisien\u00a0\u00bb<\/a> qui a donn\u00e9 \u00e0 Gr\u00e9goire cette opportunit\u00e9. Il y a encore quelques jours, le titre semblait tr\u00e8s s\u00e9rieusement sur le point de basculer du groupe de Bernard Arnault (LVMH) \u00e0 celui de Vincent Bollor\u00e9.<\/p>\n<p class=\"node__paragraphe antonia-750r text-grey-800 pb-8\">\nBien que l\u2019hypoth\u00e8se semble s\u2019\u00e9loigner, Emmanuel Gr\u00e9goire, d\u00e9put\u00e9 de Paris, vient de d\u00e9poser une proposition de loi de circonstance. Un, elle limiterait la concentration en interdisant formellement la propri\u00e9t\u00e9 simultan\u00e9e des trois types de m\u00e9dias (t\u00e9l\u00e9, radio et presse quotidienne). Elle emp\u00eacherai\u2026<\/p>\n<p class=\"latino-100m text-blue-400\">Article r\u00e9serv\u00e9 aux abonn\u00e9s.<\/p>\n<p>        Se connecter      <\/p>\n<p class=\"text-center antonia-1550b antonia-lg-1850c\" style=\"margin-bottom:4px;\">Envie de lire la suite\u00a0?<\/p>\n<p class=\"description text-center pb-16\">Tous nos contenus exclusifs en acc\u00e8s illimit\u00e9<\/p>\n<p>            S\u2019abonner 7,99\u20ac 3,99\u20ac\/mois                          pendant 1 an                      <\/p>\n<p class=\"text-grey-700 or d-none d-md-flex\">ou<\/p>\n<p>                        <img width=\"164\" height=\"20\" src=\"data:image\/svg+xml,%3Csvg%20xmlns%3D%27http%3A%2F%2Fwww.w3.org%2F2000%2Fsvg%27%20fill%3D%22%23e4e4e4%22%20viewBox%3D%270%200%20282%2054%27%20width%3D%22282%22%20height%3D%2254%22%3E%3Cpath%20d%3D%27M0%200h282v54H0z%27%2F%3E%3C%2Fsvg%3E\"  class=\"js-swg-placeholder\" alt=\"Subscribe with Google\" loading=\"lazy\" decoding=\"async\"\/><\/p>\n","protected":false},"excerpt":{"rendered":"Emmanuel Gr\u00e9goire, candidat du Parti socialiste \u00e0 la Mairie de Paris, lors du lancement de Parlons Paris, le&hellip;\n","protected":false},"author":2,"featured_media":481953,"comment_status":"","ping_status":"","sticky":false,"template":"","format":"standard","meta":{"footnotes":""},"categories":[1888],"tags":[17,11,12690,426,33,11513,1777,674,1011,27,17261,500,12,626,18062,25,1022],"class_list":{"0":"post-481952","1":"post","2":"type-post","3":"status-publish","4":"format-standard","5":"has-post-thumbnail","7":"category-paris","8":"tag-17","9":"tag-actualites","10":"tag-anti","11":"tag-candidat","12":"tag-economie","13":"tag-emmanuel","14":"tag-eu","15":"tag-europe","16":"tag-fr","17":"tag-france","18":"tag-gregoire","19":"tag-medias","20":"tag-news","21":"tag-paris","22":"tag-pose","23":"tag-republique-francaise","24":"tag-vincent-bollore"},"share_on_mastodon":{"url":"https:\/\/pubeurope.com\/@fr\/115417806581133874","error":""},"_links":{"self":[{"href":"https:\/\/www.europesays.com\/fr\/wp-json\/wp\/v2\/posts\/481952","targetHints":{"allow":["GET"]}}],"collection":[{"href":"https:\/\/www.europesays.com\/fr\/wp-json\/wp\/v2\/posts"}],"about":[{"href":"https:\/\/www.europesays.com\/fr\/wp-json\/wp\/v2\/types\/post"}],"author":[{"embeddable":true,"href":"https:\/\/www.europesays.com\/fr\/wp-json\/wp\/v2\/users\/2"}],"replies":[{"embeddable":true,"href":"https:\/\/www.europesays.com\/fr\/wp-json\/wp\/v2\/comments?post=481952"}],"version-history":[{"count":0,"href":"https:\/\/www.europesays.com\/fr\/wp-json\/wp\/v2\/posts\/481952\/revisions"}],"wp:featuredmedia":[{"embeddable":true,"href":"https:\/\/www.europesays.com\/fr\/wp-json\/wp\/v2\/media\/481953"}],"wp:attachment":[{"href":"https:\/\/www.europesays.com\/fr\/wp-json\/wp\/v2\/media?parent=481952"}],"wp:term":[{"taxonomy":"category","embeddable":true,"href":"https:\/\/www.europesays.com\/fr\/wp-json\/wp\/v2\/categories?post=481952"},{"taxonomy":"post_tag","embeddable":true,"href":"https:\/\/www.europesays.com\/fr\/wp-json\/wp\/v2\/tags?post=481952"}],"curies":[{"name":"wp","href":"https:\/\/api.w.org\/{rel}","templated":true}]}}