{"id":481962,"date":"2025-10-22T12:29:10","date_gmt":"2025-10-22T12:29:10","guid":{"rendered":"https:\/\/www.europesays.com\/fr\/481962\/"},"modified":"2025-10-22T12:29:10","modified_gmt":"2025-10-22T12:29:10","slug":"des-elus-dextreme-droite-soupconnes-despionner-pour-la-russie","status":"publish","type":"post","link":"https:\/\/www.europesays.com\/fr\/481962\/","title":{"rendered":"des \u00e9lus d\u2019extr\u00eame droite soup\u00e7onn\u00e9s d\u2019espionner pour la Russie"},"content":{"rendered":"<p>\n    Des responsables allemands s\u2019inqui\u00e8tent de questions pos\u00e9es par l\u2019AfD sur des sujets jug\u00e9s sensibles pour la s\u00e9curit\u00e9 nationale.<\/p>\n<p class=\"fig-paragraph\">Le parti d&rsquo;extr\u00eame droite Alternative pour l&rsquo;Allemagne (AfD), en plein essor, se voit mercredi accus\u00e9 d&rsquo;espionnage au profit de la Russie et d&rsquo;autres \u00c9tats autoritaires, des adversaires politiques pointant du doigt ses demandes parlementaires \u00abprobl\u00e9matiques\u00bb.<\/p>\n<p class=\"fig-paragraph\">\u00ab<a href=\"https:\/\/video.lefigaro.fr\/figaro\/international\/le-gouvernement-polonais-se-montre-hostile-face-la-presence-dun-conseiller-du-president-a-une-conference-de-lafd-20251005\" data-fig-type=\"Video\" data-gtm-custom-categorie=\"navigation\" data-gtm-custom-action=\"crossclick\" data-gtm-custom-label=\"Contextuel\" data-gtm-event=\"customEventSPE\" data-fig-domain=\"LEFIGARO\" rel=\"nofollow noopener\" target=\"_blank\">L&rsquo;AfD\u00a0<\/a> abuse du droit parlementaire de poser des questions pour enqu\u00eater manifestement sur nos infrastructures critiques\u00bb, a affirm\u00e9 Georg Maier, le ministre de l&rsquo;Int\u00e9rieur du Land de Thuringe, partageant son \u00abinqui\u00e9tude croissante\u00bb avec le journal \u00e9conomique Handelsblatt. \u00abL&rsquo;impression qui se d\u00e9gage est que l&rsquo;AfD travaille, avec ses questions, \u00e0 partir d&rsquo;une liste command\u00e9e par le Kremlin\u00bb, selon lui.<\/p>\n<p>                                    <a class=\"fig-a11y-skip a11y-hidden\" href=\"#fig-a11y-skip-main-inarticle\"><br \/>\n        Passer la publicit\u00e9<br \/>\n    <\/a><\/p>\n<p class=\"fig-paragraph\">\u00abL&rsquo;AfD a form\u00e9 une alliance avec plusieurs\u00a0<a href=\"http:\/\/www.lefigaro.fr\/international\/aux-etats-unis-la-cour-supreme-fragile-rempart-face-aux-derives-autoritaires-de-donald-trump-20250627\" data-fig-type=\"Article\" data-gtm-custom-categorie=\"navigation\" data-gtm-custom-action=\"crossclick\" data-gtm-custom-label=\"Contextuel\" data-gtm-event=\"customEventSPE\" data-fig-domain=\"LEFIGARO\" rel=\"nofollow noopener\" target=\"_blank\">\u00c9tats autoritaires<\/a> \u00a0et collabore avec la Russie, la Chine et la Cor\u00e9e du Nord pour nuire gravement \u00e0 notre pays\u00bb, affirme dans une r\u00e9ponse \u00e0 l&rsquo;AFP le d\u00e9put\u00e9 Konstantin von Notz, vice-pr\u00e9sident de la commission de contr\u00f4le des services secrets au Bundestag.<\/p>\n<p class=\"fig-paragraph\">En avril 2024, lors d&rsquo;un d\u00e9bat \u00e0 la chambre des d\u00e9put\u00e9s, des \u00abquestions parlementaires probl\u00e9matiques\u00bb de l&rsquo;AfD avaient \u00e9t\u00e9 signal\u00e9es, avec le soup\u00e7on qu&rsquo;elles soient pos\u00e9es au nom \u00abd&rsquo;\u00c9tats autoritaires\u00bb, souligne Konstantin von Notz. Et ce, selon lui, \u00abafin de les aider d\u00e9lib\u00e9r\u00e9ment \u00e0 affaiblir notre pays, \u00e0 espionner nos infrastructures critiques et \u00e0 les saboter\u00bb.<\/p>\n<p>\u00abPrincipal adversaire\u00bb<\/p>\n<p class=\"fig-paragraph\">D&rsquo;apr\u00e8s Georg Maier, issu du parti social-d\u00e9mocrate (SPD), l&rsquo;AfD en\u00a0<a href=\"http:\/\/www.lefigaro.fr\/international\/en-thuringe-bjoern-hoecke-fait-triompher-l-aile-radicale-de-l-afd-20240902\" data-fig-type=\"Article\" data-gtm-custom-categorie=\"navigation\" data-gtm-custom-action=\"crossclick\" data-gtm-custom-label=\"Contextuel\" data-gtm-event=\"customEventSPE\" data-fig-domain=\"LEFIGARO\" rel=\"nofollow noopener\" target=\"_blank\">Thuringe\u00a0<\/a>a pos\u00e9 ces 12 derniers mois 47 questions sur les infrastructures critiques, avec \u00abune intensit\u00e9 et une pr\u00e9cision croissantes\u00bb. Infrastructures de transport ou num\u00e9riques, approvisionnement \u00e9nerg\u00e9tique ou en eau&#8230; Le parti montre notamment \u00abun int\u00e9r\u00eat particulier pour les technologies et \u00e9quipements de la police, notamment dans le domaine de la d\u00e9tection et de la d\u00e9fense antidrones\u00bb, mais aussi pour l&rsquo;arm\u00e9e et la protection civile, souligne Georg Maier.<\/p>\n<p class=\"fig-paragraph\">Georg Maier a \u00abpeur des questions\u00bb et remet en question \u00abun pilier fondamental du contr\u00f4le d\u00e9mocratique\u00bb, a r\u00e9pliqu\u00e9 Ringo M\u00fchlmann, un porte-parole du groupe parlementaire r\u00e9gional AfD. Le premier secr\u00e9taire du groupe AfD au Bundestag, Bernd Baumann, a qualifi\u00e9 ces accusations d&rsquo;\u00ababsurdes\u00bb, insistant sur la responsabilit\u00e9 de ses opposants qui ont, au pouvoir, \u00ablaiss\u00e9 nos infrastructures allemandes se d\u00e9grader pendant des d\u00e9cennies\u00bb. \u00abAvec nos questions, nous mettons en lumi\u00e8re ces lacunes dans l&rsquo;int\u00e9r\u00eat des citoyens\u00bb, a-t-il ajout\u00e9.<\/p>\n<p class=\"fig-paragraph\">Le chancelier allemand\u00a0<a href=\"http:\/\/www.lefigaro.fr\/flash-eco\/se-financer-mieux-et-plus-rapidement-friedrich-merz-appelle-a-la-creation-d-une-bourse-europeenne-20251016\" data-fig-type=\"NewsFlash\" data-gtm-custom-categorie=\"navigation\" data-gtm-custom-action=\"crossclick\" data-gtm-custom-label=\"Contextuel\" data-gtm-event=\"customEventSPE\" data-fig-domain=\"LEFIGARO\" rel=\"nofollow noopener\" target=\"_blank\">Friedrich Merz<\/a>\u00a0a d\u00e9sign\u00e9 lundi l&rsquo;AfD comme son \u00abprincipal adversaire\u00bb \u00e0 l&rsquo;aube d&rsquo;une ann\u00e9e \u00e9lectorale charg\u00e9e. Fond\u00e9e en 2013, cette formation, arriv\u00e9e deuxi\u00e8me aux l\u00e9gislatives de f\u00e9vrier dernier, distance d\u00e9sormais dans plusieurs sondages la CDU de M. Merz.<\/p>\n","protected":false},"excerpt":{"rendered":"Des responsables allemands s\u2019inqui\u00e8tent de questions pos\u00e9es par l\u2019AfD sur des sujets jug\u00e9s sensibles pour la s\u00e9curit\u00e9 nationale.&hellip;\n","protected":false},"author":2,"featured_media":481963,"comment_status":"","ping_status":"","sticky":false,"template":"","format":"standard","meta":{"footnotes":""},"categories":[1587],"tags":[11,1862,672,1804,1805,1803,4777,1777,674,1801,12,1802],"class_list":{"0":"post-481962","1":"post","2":"type-post","3":"status-publish","4":"format-standard","5":"has-post-thumbnail","7":"category-allemagne","8":"tag-actualites","9":"tag-afd","10":"tag-allemagne","11":"tag-bundesrepublik-deutschland","12":"tag-de","13":"tag-deutschland","14":"tag-espionnage","15":"tag-eu","16":"tag-europe","17":"tag-germany","18":"tag-news","19":"tag-republique-federale-dallemagne"},"share_on_mastodon":{"url":"https:\/\/pubeurope.com\/@fr\/115417826251534594","error":""},"_links":{"self":[{"href":"https:\/\/www.europesays.com\/fr\/wp-json\/wp\/v2\/posts\/481962","targetHints":{"allow":["GET"]}}],"collection":[{"href":"https:\/\/www.europesays.com\/fr\/wp-json\/wp\/v2\/posts"}],"about":[{"href":"https:\/\/www.europesays.com\/fr\/wp-json\/wp\/v2\/types\/post"}],"author":[{"embeddable":true,"href":"https:\/\/www.europesays.com\/fr\/wp-json\/wp\/v2\/users\/2"}],"replies":[{"embeddable":true,"href":"https:\/\/www.europesays.com\/fr\/wp-json\/wp\/v2\/comments?post=481962"}],"version-history":[{"count":0,"href":"https:\/\/www.europesays.com\/fr\/wp-json\/wp\/v2\/posts\/481962\/revisions"}],"wp:featuredmedia":[{"embeddable":true,"href":"https:\/\/www.europesays.com\/fr\/wp-json\/wp\/v2\/media\/481963"}],"wp:attachment":[{"href":"https:\/\/www.europesays.com\/fr\/wp-json\/wp\/v2\/media?parent=481962"}],"wp:term":[{"taxonomy":"category","embeddable":true,"href":"https:\/\/www.europesays.com\/fr\/wp-json\/wp\/v2\/categories?post=481962"},{"taxonomy":"post_tag","embeddable":true,"href":"https:\/\/www.europesays.com\/fr\/wp-json\/wp\/v2\/tags?post=481962"}],"curies":[{"name":"wp","href":"https:\/\/api.w.org\/{rel}","templated":true}]}}