{"id":481996,"date":"2025-10-22T12:49:15","date_gmt":"2025-10-22T12:49:15","guid":{"rendered":"https:\/\/www.europesays.com\/fr\/481996\/"},"modified":"2025-10-22T12:49:15","modified_gmt":"2025-10-22T12:49:15","slug":"qui-est-stella-banderas-la-fille-dantonio-banderas-et-melanie-griffith-qui-vient-de-se-marier-en-grande-pompe","status":"publish","type":"post","link":"https:\/\/www.europesays.com\/fr\/481996\/","title":{"rendered":"Qui est Stella Banderas, la fille d\u2019Antonio Banderas et Melanie Griffith qui vient de se marier en grande pompe ?"},"content":{"rendered":"<p>\n    Samedi 18 octobre, Antonio Banderas a mari\u00e9 sa fille, Stella, n\u00e9e de son union avec Melanie Griffith. Contrairement aux membres de sa famille, la jeune mari\u00e9e m\u00e8ne une vie discr\u00e8te loin de la fr\u00e9n\u00e9sie hollywoodienne.<\/p>\n<p class=\"fig-paragraph\">La fille d\u2019<a href=\"https:\/\/madame.lefigaro.fr\/tag\/antonio-banderas\" target=\"_blank\" data-fig-type=\"Keyword\" rel=\"sponsored noopener\" data-gtm-custom-categorie=\"navigation\" data-gtm-custom-action=\"crossclick\" data-gtm-custom-label=\"Contextuel\" data-gtm-event=\"customEventSPE\" data-fig-domain=\"MADAME\">Antonio Banderas<\/a>\u00a0et de Melanie Griffith vient de c\u00e9l\u00e9brer ses noces. Samedi 18 octobre, Stella Banderas a \u00e9pous\u00e9 son compagnon de longue date, l\u2019entrepreneur am\u00e9ricain Alex Gruszynsky. La c\u00e9r\u00e9monie, tr\u00e8s priv\u00e9e, s\u2019est d\u00e9roul\u00e9e pr\u00e8s de Valladolid en Espagne \u00e0 l\u2019Abad\u00eda Retuerta LeDomaine, un ancien monast\u00e8re du XIIe si\u00e8cle, transform\u00e9 en h\u00f4tel de luxe. La jeune femme de 29 ans a pu c\u00e9l\u00e9brer ce jour si important entour\u00e9e de sa famille, dont ses parents, divorc\u00e9s depuis 2015. Mais aussi sa demi-s\u0153ur,\u00a0<a href=\"https:\/\/madame.lefigaro.fr\/tag\/dakota-johnson\" target=\"_blank\" data-fig-type=\"Keyword\" rel=\"sponsored noopener\" data-gtm-custom-categorie=\"navigation\" data-gtm-custom-action=\"crossclick\" data-gtm-custom-label=\"Contextuel\" data-gtm-event=\"customEventSPE\" data-fig-domain=\"MADAME\">Dakota Johnson,<\/a>\u00a0issue du mariage entre Melanie Griffith et Don Johnson, et de son demi-fr\u00e8re, Alexander Griffith-Bauer, n\u00e9 lorsque sa m\u00e8re \u00e9tait mari\u00e9e avec Steven Bauer.<\/p>\n<p class=\"fig-paragraph\"><a href=\"http:\/\/madame.lefigaro.fr\/celebrites\/actu-people\/melanie-griffith-et-antonio-banderas-au-diapason-pour-celebrer-les-fiancailles-de-leur-fille-stella-20240823\" data-fig-type=\"Article\" data-gtm-custom-categorie=\"navigation\" data-gtm-custom-action=\"crossclick\" data-gtm-custom-label=\"Contextuel\" data-gtm-event=\"customEventSPE\" data-fig-domain=\"MADAME\" target=\"_blank\" rel=\"noopener\">Stella Banderas avait annonc\u00e9 ses fian\u00e7ailles en ao\u00fbt 2024 sur Instagram<\/a>. \u00abJe vais pouvoir passer du temps avec ma personne pr\u00e9f\u00e9r\u00e9e au monde pour toujours\u00a0!!!!\u00bb, avait-elle \u00e9crit en\u00a0<a href=\"https:\/\/www.instagram.com\/p\/C-3yas5y-GU\/?utm_source=ig_web_copy_link&amp;igsh=MzRlODBiNWFlZA==\" target=\"_blank\" rel=\"sponsored noopener\" data-gtm-custom-categorie=\"navigation\" data-gtm-custom-action=\"crossclick\" data-gtm-custom-label=\"Contextuel\" data-gtm-event=\"customEventSPE\">l\u00e9gende d\u2019une s\u00e9rie de photo<\/a>s sur laquelle elle d\u00e9voilait sa bague de fian\u00e7ailles, mais aussi des clich\u00e9s d\u2019elle et son futur mari lorsqu\u2019ils \u00e9taient plus jeunes. En effet, Alex Gruszynsky et Stella Banderas se sont rencontr\u00e9s lorsqu\u2019ils \u00e9taient enfants, \u00e0 l\u2019\u00e9cole maternelle Wagon Wheel School, \u00e0 Los Angeles. Lieu o\u00f9 l\u2019entrepreneur am\u00e9ricain aurait fait sa demande \u00e0 sa future femme, rapporte\u00a0<a href=\"https:\/\/people.com\/stella-banderas-marries-alex-gruszynski-8748974\" target=\"_blank\" rel=\"sponsored noopener\" data-gtm-custom-categorie=\"navigation\" data-gtm-custom-action=\"crossclick\" data-gtm-custom-label=\"Contextuel\" data-gtm-event=\"customEventSPE\">People<\/a> .<\/p>\n<p class=\"fig-body-link&#10;    \">\n            \u00c0 lire aussi<br \/>\n        <a class=\"fig-body-link__link\" href=\"http:\/\/madame.lefigaro.fr\/mariage\/robes-tenues\/dentelle-et-transparence-selena-gomez-devoile-sa-deuxieme-robe-de-mariee-et-le-detail-romantique-brode-dessus-20251001\" data-fig-type=\"Article\" data-gtm-custom-categorie=\"navigation\" data-gtm-custom-action=\"crossclick\" data-gtm-custom-label=\"Contextuel\" data-gtm-event=\"customEventSPE\" data-fig-domain=\"MADAME\" target=\"_blank\" rel=\"noopener\">Dentelle et transparence, Selena Gomez d\u00e9voile sa deuxi\u00e8me robe de mari\u00e9e et le d\u00e9tail romantique brod\u00e9 dessus<\/a>\n<\/p>\n<p>                                    <a class=\"fig-a11y-skip a11y-hidden\" href=\"#fig-a11y-skip-main-inarticle\"><br \/>\n        Passer la publicit\u00e9<br \/>\n    <\/a><\/p>\n<p>Entre Marbella et Los Angeles<\/p>\n<p class=\"fig-paragraph\">Stella Banderas est n\u00e9e le 24 septembre 1996, \u00e0 Marbella, en Espagne, quelques mois apr\u00e8s le mariage de ses parents. Si tr\u00e8s jeune, elle d\u00e9m\u00e9nage avec sa famille \u00e0 Los Angeles, dans le quartier hupp\u00e9 de Hancock Park, elle continue de passer ses \u00e9t\u00e9s dans la ville andalousienne o\u00f9 Antonio Banderas poss\u00e8de une magnifique villa appel\u00e9e La Gaviota. Stella grandi dans le prestige hollywoodien que lui apporte la c\u00e9l\u00e9brit\u00e9 de ses parents. \u00c0 l\u2019\u00e2ge de 3 ans, elle appara\u00eet pour la premi\u00e8re fois \u00e0 l\u2019\u00e9cran , dans le film Crazy in Alabama, r\u00e9alis\u00e9 par son p\u00e8re et dans lequel joue aussi sa m\u00e8re et sa demi-s\u0153ur, Dakota Johnson. Si cette derni\u00e8re aura, plus tard, une carri\u00e8re prolifique au cin\u00e9ma, ce ne sera pas le cas de Stella, de 7 ans sa cadette.<\/p>\n<p class=\"fig-paragraph\">La c\u00e9l\u00e9brit\u00e9 d\u2019Antonio Banderas et de Melanie Griffith p\u00e8se sur les \u00e9paules de la jeune fille, surtout lorsqu\u2019elle d\u00e9m\u00e9nage \u00e0 New York pour poursuivre ses \u00e9tudes, en 2015. \u00abJ\u2019ai pu occulter qui j\u2019\u00e9tais jusqu\u2019\u00e0 la fin du lyc\u00e9e, puis je suis arriv\u00e9e dans une nouvelle ville pour aller \u00e0 l\u2019universit\u00e9 et la premi\u00e8re phrase que tout le monde me sortait c\u2019\u00e9tait \u201cTon p\u00e8re c\u2019est Antonio Banderas\u00a0?!\u201d. On chuchotait derri\u00e8re mon dos en mode \u201cC\u2019est la fille de Melanie Griffith\u00a0!\u201d\u00bb, confiait la jeune mari\u00e9e \u00e0\u00a0<a href=\"https:\/\/www.vanityfair.fr\/article\/la-vie-discrete-de-stella-del-carmen-la-fille-dantonio-banderas-et-melanie-griffith\" target=\"_blank\" rel=\"sponsored noopener\" data-gtm-custom-categorie=\"navigation\" data-gtm-custom-action=\"crossclick\" data-gtm-custom-label=\"Contextuel\" data-gtm-event=\"customEventSPE\">Vanity Fair.<\/a> \u00a0\u00ab\u00c7a m\u2019a appris \u00e0 appr\u00e9cier les choses avec calme, \u00e0 observer, plut\u00f4t que de r\u00e9agir du tac au tac. Je consid\u00e8re ma vie comme un cadeau extraordinaire, je n\u2019ai jamais pris les choses pour acquises, d\u2019o\u00f9 ma fa\u00e7on d\u2019\u00eatre, de profiter \u00e0 fond.\u00bb<\/p>\n<p>    Stella Banderas et son p\u00e8re, Antonio Banderas, pour la premi\u00e8re de la com\u00e9die musicale Company . (Malaga, le 17 novembre 2021.)<br \/>\n                GTres\/ABACA<\/p>\n<p>Une vie discr\u00e8te<\/p>\n<p class=\"fig-paragraph\">C\u2019est d\u2019ailleurs pour cela qu\u2019elle a choisi de mener une vie plus discr\u00e8te que celle de ses parents ou de sa demi-s\u0153ur. Apr\u00e8s avoir \u00e9tudi\u00e9 un an \u00e0 New York, elle retourne \u00e0 Los Angeles pour suivre des cours d\u2019art dramatique et de cin\u00e9ma \u00e0 l\u2019universit\u00e9 de Californie du Sud. Mais au lieu de se retrouver sur sc\u00e8ne, elle pr\u00e9f\u00e9rera \u0153uvrer en coulisses ou encore derri\u00e8re la cam\u00e9ra. \u00abJe me suis essay\u00e9e \u00e0 beaucoup de choses, dans beaucoup de domaines, mais je reviens toujours \u00e0 la r\u00e9alisation\u00bb, expliquait Stella \u00e0 Vanity Fair, ajoutant qu\u2019elle cr\u00e9ait d\u00e9j\u00e0 ses propres films lorsqu\u2019elle \u00e9tait plus jeune. En 2021, elle d\u00e9cide alors de s\u2019installer \u00e0 Malaga, la ville espagnole dont est originaire son p\u00e8re, situ\u00e9e non loin de Marbella. L\u00e0-bas, elle devient assistante \u00e0 la mise en sc\u00e8ne de la com\u00e9die musicale Company, de Stephen Sondheim, aux c\u00f4t\u00e9s d\u2019Antonio Banderas. \u00abElle faisait partie int\u00e9grante de la troupe. Voir la complicit\u00e9 entre elle et son p\u00e8re est tr\u00e8s \u00e9mouvant\u00bb, avait confi\u00e9 Azahara Marg\u00f3n, une amie proche de l\u2019interpr\u00e8te de Zorro \u00e0\u00a0<a href=\"https:\/\/people.com\/all-about-stella-banderas-melanie-griffith-antonio-banderas-daughter-7502610\" target=\"_blank\" rel=\"sponsored noopener\" data-gtm-custom-categorie=\"navigation\" data-gtm-custom-action=\"crossclick\" data-gtm-custom-label=\"Contextuel\" data-gtm-event=\"customEventSPE\">People<\/a> .\u00a0<\/p>\n<p class=\"fig-paragraph\">Si elle adore passer du temps en Espagne, Stella Banderas d\u00e9cide finalement de rentrer \u00e0 Los Angeles, o\u00f9 elle s\u2019installe avec celui qui est d\u00e9sormais son mari. En 2021, elle fonde sa propre marque de beaut\u00e9, Lightbound, confectionnant des huiles parfum\u00e9es. Et elle n\u2019h\u00e9site pas \u00e0 passer du temps avec ses parents, lorsqu\u2019elle en a l\u2019occasion. \u00abJe vois ma fille une fois par semaine. Je l\u2019emm\u00e8ne d\u00eener, ce qui nous permet de discuter, de profiter d\u2019avoir un moment ensemble. On essaie d\u2019\u00eatre assez libres dans notre mani\u00e8re d\u2019envisager la famille, on s\u2019amuse beaucoup\u00a0\u00bb, expliquait Antonio Banderas \u00e0 People. Aussi tr\u00e8s proche de sa m\u00e8re, elle avait collabor\u00e9 avec elle en 2021 dans un court-m\u00e9trage pour Vogue et le joaillier Bulgari. Malgr\u00e9 la s\u00e9paration de ses parents, Stella Banderas reste tr\u00e8s proche d\u2019eux et semblait tr\u00e8s heureuse de pouvoir passer le plus beau jour de sa vie \u00e0 leurs c\u00f4t\u00e9s.<\/p>\n<p>                                        <script async src=\"\/\/www.instagram.com\/embed.js\"><\/script><\/p>\n","protected":false},"excerpt":{"rendered":"Samedi 18 octobre, Antonio Banderas a mari\u00e9 sa fille, Stella, n\u00e9e de son union avec Melanie Griffith. Contrairement&hellip;\n","protected":false},"author":2,"featured_media":481997,"comment_status":"","ping_status":"","sticky":false,"template":"","format":"standard","meta":{"footnotes":""},"categories":[1354],"tags":[45131,28365,58,2773,59,1346,1011,27,1360],"class_list":{"0":"post-481996","1":"post","2":"type-post","3":"status-publish","4":"format-standard","5":"has-post-thumbnail","7":"category-films","8":"tag-antonio-banderas","9":"tag-dakota-johnson","10":"tag-divertissement","11":"tag-enfants-de","12":"tag-entertainment","13":"tag-films","14":"tag-fr","15":"tag-france","16":"tag-movies"},"share_on_mastodon":{"url":"https:\/\/pubeurope.com\/@fr\/115417907736367905","error":""},"_links":{"self":[{"href":"https:\/\/www.europesays.com\/fr\/wp-json\/wp\/v2\/posts\/481996","targetHints":{"allow":["GET"]}}],"collection":[{"href":"https:\/\/www.europesays.com\/fr\/wp-json\/wp\/v2\/posts"}],"about":[{"href":"https:\/\/www.europesays.com\/fr\/wp-json\/wp\/v2\/types\/post"}],"author":[{"embeddable":true,"href":"https:\/\/www.europesays.com\/fr\/wp-json\/wp\/v2\/users\/2"}],"replies":[{"embeddable":true,"href":"https:\/\/www.europesays.com\/fr\/wp-json\/wp\/v2\/comments?post=481996"}],"version-history":[{"count":0,"href":"https:\/\/www.europesays.com\/fr\/wp-json\/wp\/v2\/posts\/481996\/revisions"}],"wp:featuredmedia":[{"embeddable":true,"href":"https:\/\/www.europesays.com\/fr\/wp-json\/wp\/v2\/media\/481997"}],"wp:attachment":[{"href":"https:\/\/www.europesays.com\/fr\/wp-json\/wp\/v2\/media?parent=481996"}],"wp:term":[{"taxonomy":"category","embeddable":true,"href":"https:\/\/www.europesays.com\/fr\/wp-json\/wp\/v2\/categories?post=481996"},{"taxonomy":"post_tag","embeddable":true,"href":"https:\/\/www.europesays.com\/fr\/wp-json\/wp\/v2\/tags?post=481996"}],"curies":[{"name":"wp","href":"https:\/\/api.w.org\/{rel}","templated":true}]}}