{"id":48202,"date":"2025-04-24T03:45:12","date_gmt":"2025-04-24T03:45:12","guid":{"rendered":"https:\/\/www.europesays.com\/fr\/48202\/"},"modified":"2025-04-24T03:45:12","modified_gmt":"2025-04-24T03:45:12","slug":"la-sonde-lucy-devoile-le-premier-portrait-de-lasteroide-donaldjohanson","status":"publish","type":"post","link":"https:\/\/www.europesays.com\/fr\/48202\/","title":{"rendered":"La sonde Lucy d\u00e9voile le premier portrait de l\u2019ast\u00e9ro\u00efde Donaldjohanson"},"content":{"rendered":"<p><strong>D\u00c9CRYPTAGE <\/strong>&#8211; Le vaisseau de la Nasa a profit\u00e9 de son voyage vers l\u2019orbite de Jupiter pour faire une image de cet objet situ\u00e9 dans la ceinture d\u2019ast\u00e9ro\u00efdes.<\/p>\n<p class=\"fig-paragraph\">En 1974, le pal\u00e9oanthropologue am\u00e9ricain Donald Johanson faisait la d\u00e9couverte en \u00c9thiopie du fossile de\u00a0<a href=\"http:\/\/www.lefigaro.fr\/sciences\/prehistoire-il-y-a-3-millions-d-annees-les-freres-de-lucy-etaient-vegetariens-20250401\" data-fig-type=\"Article\" data-gtm-custom-categorie=\"navigation\" data-gtm-custom-action=\"crossclick\" data-gtm-custom-label=\"Contextuel\" data-gtm-event=\"customEventSPE\" data-fig-domain=\"LEFIGARO\" target=\"_blank\" rel=\"noopener\">Lucy<\/a>, une australopith\u00e8que vieille de 3,2\u00a0millions d\u2019ann\u00e9es qui r\u00e9volutionnait l\u2019histoire de l\u2019humanit\u00e9 en d\u00e9montrant que la bip\u00e9die \u00e9tait bien plus ancienne que pr\u00e9vu. Cinquante ans plus tard, c\u2019est au tour de Lucy de d\u00e9couvrir Donaldjohanson. \u00c0 cette diff\u00e9rence que dans cette nouvelle aventure scientifique, Lucy n\u2019est pas un hominine mais une sonde spatiale, et Donaldjohanson n\u2019est pas un \u00eatre humain, mais un ast\u00e9ro\u00efde.<\/p>\n<p class=\"fig-paragraph\">La rencontre a eu lieu dimanche apr\u00e8s-midi dans le Syst\u00e8me solaire, \u00e0 plus de 200\u00a0millions de kilom\u00e8tres de la Terre, dans la ceinture d\u2019ast\u00e9ro\u00efdes coinc\u00e9e entre les orbites de Mars et de\u00a0<a href=\"http:\/\/www.lefigaro.fr\/sciences\/nasa-quel-est-l-objectif-d-europa-clipper-20241014\" data-fig-type=\"Article\" data-gtm-custom-categorie=\"navigation\" data-gtm-custom-action=\"crossclick\" data-gtm-custom-label=\"Contextuel\" data-gtm-event=\"customEventSPE\" data-fig-domain=\"LEFIGARO\" target=\"_blank\" rel=\"noopener\">Jupiter<\/a>. La sonde est pass\u00e9e \u00e0 un peu moins de 1000\u00a0km de l\u2019ast\u00e9ro\u00efde, prenant une s\u00e9rie d\u2019images qui ont r\u00e9v\u00e9l\u00e9 son apparence \u00e9tonnante. Comme attendu il est tr\u00e8s allong\u00e9, un peu plus de 8\u00a0km de long pour 3\u00a0km de large, mais il semble surtout form\u00e9 de deux corps distincts ayant fusionn\u00e9\u2026<\/p>\n<p class=\"fig-premium-paywall__infos\">\n        Cet article est r\u00e9serv\u00e9 aux abonn\u00e9s.        Il vous reste 80% \u00e0 d\u00e9couvrir.\n    <\/p>\n<p>                <img  data- alt=\"Le Figaro\" class=\"fig-img--complete fig-img\"\/><\/p>\n<p class=\"fig-premium-paywall__title\">Vous avez envie de lire la suite ?<\/p>\n<p class=\"fig-premium-paywall__subtitle\">D\u00e9bloquez tous les articles imm\u00e9diatement.<\/p>\n<p class=\"fig-premium-paywall__connect\">\n                D\u00e9j\u00e0 abonn\u00e9\u00a0?                <a class=\"fig-premium-paywall__connect-link\" href=\"https:\/\/connect.lefigaro.fr\/login?client=horizon_web&amp;type=main&amp;redirect_uri=https%3A%2F%2Fwww.lefigaro.fr%2Fsciences%2Fla-sonde-lucy-devoile-le-premier-portrait-de-l-asteroide-donaldjohanson-20250423\" data-js-gtm=\"{&quot;customCategorie&quot;: &quot;conversion&quot;, &quot;customAction&quot;: &quot;before_Landing_Connexion_paywall_auto&quot;, &quot;customLabel&quot;: &quot;bGVmaWdhcm8uZnJfXzFmMDFmODA2LTJlMmUtNjUyMC05YjVmLWU1ZjAyM2YxOGFjY19fQXJ0aWNsZQ==_La sonde Lucy d\u00e9voile le premier portrait de l\u2019ast\u00e9ro\u00efde Donaldjohanson_470&quot;, &quot;customIDSPE&quot;: &quot;bGVmaWdhcm8uZnJfXzFmMDFmODA2LTJlMmUtNjUyMC05YjVmLWU1ZjAyM2YxOGFjY19fQXJ0aWNsZQ==&quot;, &quot;event&quot;: &quot;customEventSPE&quot;}\" target=\"_blank\" rel=\"noopener\"><br \/>\n                    Connectez-vous<br \/>\n                <\/a>\n            <\/p>\n","protected":false},"excerpt":{"rendered":"D\u00c9CRYPTAGE &#8211; Le vaisseau de la Nasa a profit\u00e9 de son voyage vers l\u2019orbite de Jupiter pour faire&hellip;\n","protected":false},"author":2,"featured_media":48203,"comment_status":"","ping_status":"","sticky":false,"template":"","format":"standard","meta":{"footnotes":""},"categories":[7],"tags":[47,49,11,527,48,51,54,1011,27,52,43,40,41,39,50,42,44,53],"class_list":{"0":"post-48202","1":"post","2":"type-post","3":"status-publish","4":"format-standard","5":"has-post-thumbnail","7":"category-sciences-et-technologies","8":"tag-actualite","9":"tag-actualite-scientifique","10":"tag-actualites","11":"tag-asteroide","12":"tag-astronomie","13":"tag-ecologie","14":"tag-faune-et-flore","15":"tag-fr","16":"tag-france","17":"tag-planete","18":"tag-science","19":"tag-science-and-technology","20":"tag-sciences","21":"tag-sciences-et-technologies","22":"tag-sciences-humaines","23":"tag-technologies","24":"tag-technology","25":"tag-zoologie"},"share_on_mastodon":{"url":"https:\/\/pubeurope.com\/@fr\/114390887585266440","error":""},"_links":{"self":[{"href":"https:\/\/www.europesays.com\/fr\/wp-json\/wp\/v2\/posts\/48202","targetHints":{"allow":["GET"]}}],"collection":[{"href":"https:\/\/www.europesays.com\/fr\/wp-json\/wp\/v2\/posts"}],"about":[{"href":"https:\/\/www.europesays.com\/fr\/wp-json\/wp\/v2\/types\/post"}],"author":[{"embeddable":true,"href":"https:\/\/www.europesays.com\/fr\/wp-json\/wp\/v2\/users\/2"}],"replies":[{"embeddable":true,"href":"https:\/\/www.europesays.com\/fr\/wp-json\/wp\/v2\/comments?post=48202"}],"version-history":[{"count":0,"href":"https:\/\/www.europesays.com\/fr\/wp-json\/wp\/v2\/posts\/48202\/revisions"}],"wp:featuredmedia":[{"embeddable":true,"href":"https:\/\/www.europesays.com\/fr\/wp-json\/wp\/v2\/media\/48203"}],"wp:attachment":[{"href":"https:\/\/www.europesays.com\/fr\/wp-json\/wp\/v2\/media?parent=48202"}],"wp:term":[{"taxonomy":"category","embeddable":true,"href":"https:\/\/www.europesays.com\/fr\/wp-json\/wp\/v2\/categories?post=48202"},{"taxonomy":"post_tag","embeddable":true,"href":"https:\/\/www.europesays.com\/fr\/wp-json\/wp\/v2\/tags?post=48202"}],"curies":[{"name":"wp","href":"https:\/\/api.w.org\/{rel}","templated":true}]}}