{"id":482029,"date":"2025-10-22T13:07:14","date_gmt":"2025-10-22T13:07:14","guid":{"rendered":"https:\/\/www.europesays.com\/fr\/482029\/"},"modified":"2025-10-22T13:07:14","modified_gmt":"2025-10-22T13:07:14","slug":"un-magasin-de-deco-centrakor-ouvre-ce-mercredi-pres-de-rouen-voici-ou","status":"publish","type":"post","link":"https:\/\/www.europesays.com\/fr\/482029\/","title":{"rendered":"Un magasin de d\u00e9co Centrakor ouvre ce mercredi pr\u00e8s de Rouen : voici o\u00f9"},"content":{"rendered":"<p>            Par<br \/>\n        <strong><br \/>\n            <a href=\"https:\/\/actu.fr\/auteur\/fmass\" title=\"Consulter tous les articles de Fabien Massin\" target=\"_blank\" rel=\"noopener\">Fabien Massin<\/a><br \/>\n        <\/strong><\/p>\n<p>        Publi\u00e9 le<\/p>\n<p>            22 oct. 2025 \u00e0 14h30        <\/p>\n<p>La zone commerciale du Bois-Cany, au <a href=\"https:\/\/actu.fr\/normandie\/le-grand-quevilly_76322\" target=\"_blank\" rel=\"noopener\">Grand-Quevilly (Seine-Maritime)<\/a>, le long de la <a href=\"https:\/\/actu.fr\/tag\/sud-3-rouen\" target=\"_blank\" rel=\"noopener\">Sud 3<\/a> dans l\u2019agglo de Rouen, s\u2019enrichit d\u2019une nouvelle offre, avec l\u2019ouverture mercredi 22 octobre d\u2019un<strong> magasin Centrakor<\/strong>.\u00a0<\/p>\n<p>Mercerie, luminaires, arts de la table\u2026<\/p>\n<p class=\" wall-content\">L\u2019enseigne de d\u00e9coration s\u2019installe dans un espace de 1540 m\u00b2. Dans les all\u00e9es, on trouvera des rayons d\u00e9co, mercerie, luminaires et cuisine et arts de la table.<\/p>\n<p class=\" wall-content\">Dans ce dernier, \u00ab\u00a0des ustensiles de p\u00e2tisserie en collaboration exclusive avec la c\u00e9l\u00e8bre <strong>cheffe p\u00e2tissi\u00e8re No\u00ebmie Honiat<\/strong>\u00a0\u00bb seront propos\u00e9s, d\u00e9taille la service communication de l\u2019entreprise, qui compte 470 magasins en France, dont 12 suppl\u00e9mentaires cette ann\u00e9e.\u00a0<\/p>\n<p>Le troisi\u00e8me Centrakor de l\u2019agglo<\/p>\n<p class=\" wall-content\">Dans l\u2019agglo rouennaise, il existe d\u00e9j\u00e0 un magasin Centrakor, de l\u2019autre c\u00f4t\u00e9 de la Seine, avenue Bernard-Bicheray <strong>(en allant vers Canteleu, en face du MIN)<\/strong>, ainsi que sur le plateau Est, \u00e0 <strong>Franqueville-Saint-Pierre<\/strong>. Et dans le secteur du nouveau magasin, il fera face \u00e0 la concurrence de Stockomani et Action.<\/p>\n<p class=\" wall-content\">Dans la zone commerciale du Bois-Cany, une autre enseigne a r\u00e9cemment ouvert, dans un autre registre : <a href=\"https:\/\/actu.fr\/normandie\/le-grand-quevilly_76322\/le-600e-restaurant-burger-king-de-france-va-ouvrir-pres-de-rouen-on-vous-dit-ou-et-quand_63297911.html\" target=\"_blank\" rel=\"noopener\">le 600e restaurant Burger King de France<\/a>.<\/p>\n<p>Suivez l\u2019actualit\u00e9 de Rouen sur notre<a href=\"https:\/\/www.whatsapp.com\/channel\/0029VaKfnf99hXF2ddApFB1D\" target=\"_blank\" rel=\"noopener\"> cha\u00eene WhatsApp<\/a> et sur notre <a href=\"https:\/\/www.tiktok.com\/@76actu.fr?lang=fr\" target=\"_blank\" rel=\"noopener\">compte TikTok<\/a><\/p>\n<p class=\" wall-content\">Personnalisez votre actualit\u00e9 en ajoutant vos villes et m\u00e9dias en favori avec <a href=\"https:\/\/moncompte.actu.fr\" title=\"D\u00e9couvez Mon Actu\" rel=\"nofollow noopener\" data-trk=\"{&quot;cta&quot;:{&quot;action&quot;:&quot;https:\\\/\\\/moncompte.actu.fr&quot;,&quot;category&quot;:&quot;mon compte&quot;,&quot;from&quot;:&quot;article footer&quot;,&quot;name&quot;:&quot;Mon actu&quot;,&quot;type&quot;:&quot;cta&quot;}}\" target=\"_blank\">Mon Actu<\/a>.<\/p>\n<p>                    <script async src=\"\/\/www.tiktok.com\/embed.js\"><\/script><\/p>\n","protected":false},"excerpt":{"rendered":"Par Fabien Massin Publi\u00e9 le 22 oct. 2025 \u00e0 14h30 La zone commerciale du Bois-Cany, au Grand-Quevilly (Seine-Maritime),&hellip;\n","protected":false},"author":2,"featured_media":482030,"comment_status":"","ping_status":"","sticky":false,"template":"","format":"standard","meta":{"footnotes":""},"categories":[9587],"tags":[1111,11,9086,215,1777,674,1011,27,1652,12,5161,3147,25,9590],"class_list":{"0":"post-482029","1":"post","2":"type-post","3":"status-publish","4":"format-standard","5":"has-post-thumbnail","7":"category-rouen","8":"tag-actu","9":"tag-actualites","10":"tag-bon-plan-a-rouen","11":"tag-commerce","12":"tag-eu","13":"tag-europe","14":"tag-fr","15":"tag-france","16":"tag-loisirs-culture","17":"tag-news","18":"tag-normandie","19":"tag-nouveaux-commerces","20":"tag-republique-francaise","21":"tag-rouen"},"share_on_mastodon":{"url":"https:\/\/pubeurope.com\/@fr\/115417975532202104","error":""},"_links":{"self":[{"href":"https:\/\/www.europesays.com\/fr\/wp-json\/wp\/v2\/posts\/482029","targetHints":{"allow":["GET"]}}],"collection":[{"href":"https:\/\/www.europesays.com\/fr\/wp-json\/wp\/v2\/posts"}],"about":[{"href":"https:\/\/www.europesays.com\/fr\/wp-json\/wp\/v2\/types\/post"}],"author":[{"embeddable":true,"href":"https:\/\/www.europesays.com\/fr\/wp-json\/wp\/v2\/users\/2"}],"replies":[{"embeddable":true,"href":"https:\/\/www.europesays.com\/fr\/wp-json\/wp\/v2\/comments?post=482029"}],"version-history":[{"count":0,"href":"https:\/\/www.europesays.com\/fr\/wp-json\/wp\/v2\/posts\/482029\/revisions"}],"wp:featuredmedia":[{"embeddable":true,"href":"https:\/\/www.europesays.com\/fr\/wp-json\/wp\/v2\/media\/482030"}],"wp:attachment":[{"href":"https:\/\/www.europesays.com\/fr\/wp-json\/wp\/v2\/media?parent=482029"}],"wp:term":[{"taxonomy":"category","embeddable":true,"href":"https:\/\/www.europesays.com\/fr\/wp-json\/wp\/v2\/categories?post=482029"},{"taxonomy":"post_tag","embeddable":true,"href":"https:\/\/www.europesays.com\/fr\/wp-json\/wp\/v2\/tags?post=482029"}],"curies":[{"name":"wp","href":"https:\/\/api.w.org\/{rel}","templated":true}]}}