{"id":482031,"date":"2025-10-22T13:10:12","date_gmt":"2025-10-22T13:10:12","guid":{"rendered":"https:\/\/www.europesays.com\/fr\/482031\/"},"modified":"2025-10-22T13:10:12","modified_gmt":"2025-10-22T13:10:12","slug":"pro-d2-fcg-giorgi-javakhia-sur-le-depart-pour-toulon","status":"publish","type":"post","link":"https:\/\/www.europesays.com\/fr\/482031\/","title":{"rendered":"Pro D2. FCG\u00a0: Giorgi Javakhia sur le d\u00e9part\u2026 pour Toulon"},"content":{"rendered":"<p>  Toulon en manque de 2e ligne, Grenoble bien fourni<\/p>\n<p>Ce transfert en cours de saison s\u2019explique par les difficult\u00e9s du RCT en 2e ligne, avec les absences de Mathias Halagahu et de Corentin Mezou.<\/p>\n<p>Au FCG, Javakhia a d\u00e9j\u00e0 jou\u00e9 cinq matches cette saison, dont trois titularisations, avec trois essais \u00e0 son actif. Il est clairement l&rsquo;un des \u00e9l\u00e9ments forts \u00e0 son poste, m\u00eame s\u2019il fait au moins deux allers-retours par saison avec sa s\u00e9lection de G\u00e9orgie.<\/p>\n<p><strong><a href=\"https:\/\/www.ledauphine.com\/sport\/2025\/10\/20\/pro-d2-sur-quelle-chaine-regarder-fcg-carcassonne\" target=\"_blank\" rel=\"noopener\">&gt;&gt; O\u00f9 suivre FCG &#8211; Carcassonne\u00a0?<\/a><\/strong><\/p>\n<p>Surtout, dans le secteur de la 2e ligne, le FCG poss\u00e8de de nombreux profils (Thomas Ployet et Tristan Labouteley en n\u00b04, Brandon Nansen et Cameron Holt en n\u00b05), sans oublier le Fidjien Josh Thompson, arriv\u00e9 d\u2019Australie cet \u00e9t\u00e9 et qui pourrait effectuer cette semaine ses d\u00e9buts en Rouge et Bleu.<\/p>\n<p class=\"xsm-p\"><a title=\"rugby Pro D2 classement apr\u00e8s J7\" href=\"https:\/\/www.ledauphine.com\/sport\/2025\/09\/02\/les-stats-du-fcg-2024-2025-en-pro-d2-romain-trouilloud-en-pleine-bourre\" target=\"_blank\" rel=\"noopener\">Actuel 10e de Pro D2<\/a>, le FCG recevra Carcassonne ce vendredi au Stade des Alpes (19h30). Avec ou sans Javakhia\u00a0?<\/p>\n","protected":false},"excerpt":{"rendered":"Toulon en manque de 2e ligne, Grenoble bien fourni Ce transfert en cours de saison s\u2019explique par les&hellip;\n","protected":false},"author":2,"featured_media":482032,"comment_status":"","ping_status":"","sticky":false,"template":"","format":"standard","meta":{"footnotes":""},"categories":[9566],"tags":[1111,11,2430,112,113,114,1777,674,2727,107,1701,1011,27,2731,2732,108,12,2308,25,479,517,1947],"class_list":{"0":"post-482031","1":"post","2":"type-post","3":"status-publish","4":"format-standard","5":"has-post-thumbnail","7":"category-grenoble","8":"tag-actu","9":"tag-actualites","10":"tag-auvergne-rhone-alpes","11":"tag-edition-grenoble-agglomeration","12":"tag-edition-gresivaudan-oisans","13":"tag-edition-voiron-saint-marcellin","14":"tag-eu","15":"tag-europe","16":"tag-fcg-fc-grenoble-rugby","17":"tag-fil-info","18":"tag-fil-info-sport","19":"tag-fr","20":"tag-france","21":"tag-grenoble","22":"tag-grenoble-bassin","23":"tag-isere","24":"tag-news","25":"tag-pro-d2","26":"tag-republique-francaise","27":"tag-rugby","28":"tag-sport","29":"tag-sport-national"},"share_on_mastodon":{"url":"https:\/\/pubeurope.com\/@fr\/115417987408265744","error":""},"_links":{"self":[{"href":"https:\/\/www.europesays.com\/fr\/wp-json\/wp\/v2\/posts\/482031","targetHints":{"allow":["GET"]}}],"collection":[{"href":"https:\/\/www.europesays.com\/fr\/wp-json\/wp\/v2\/posts"}],"about":[{"href":"https:\/\/www.europesays.com\/fr\/wp-json\/wp\/v2\/types\/post"}],"author":[{"embeddable":true,"href":"https:\/\/www.europesays.com\/fr\/wp-json\/wp\/v2\/users\/2"}],"replies":[{"embeddable":true,"href":"https:\/\/www.europesays.com\/fr\/wp-json\/wp\/v2\/comments?post=482031"}],"version-history":[{"count":0,"href":"https:\/\/www.europesays.com\/fr\/wp-json\/wp\/v2\/posts\/482031\/revisions"}],"wp:featuredmedia":[{"embeddable":true,"href":"https:\/\/www.europesays.com\/fr\/wp-json\/wp\/v2\/media\/482032"}],"wp:attachment":[{"href":"https:\/\/www.europesays.com\/fr\/wp-json\/wp\/v2\/media?parent=482031"}],"wp:term":[{"taxonomy":"category","embeddable":true,"href":"https:\/\/www.europesays.com\/fr\/wp-json\/wp\/v2\/categories?post=482031"},{"taxonomy":"post_tag","embeddable":true,"href":"https:\/\/www.europesays.com\/fr\/wp-json\/wp\/v2\/tags?post=482031"}],"curies":[{"name":"wp","href":"https:\/\/api.w.org\/{rel}","templated":true}]}}