{"id":482037,"date":"2025-10-22T13:13:14","date_gmt":"2025-10-22T13:13:14","guid":{"rendered":"https:\/\/www.europesays.com\/fr\/482037\/"},"modified":"2025-10-22T13:13:14","modified_gmt":"2025-10-22T13:13:14","slug":"strasbourg-decouvrir-lesprit-critique-au-musee-ca-marche-vraiment","status":"publish","type":"post","link":"https:\/\/www.europesays.com\/fr\/482037\/","title":{"rendered":"Strasbourg. D\u00e9couvrir l\u2019esprit critique au mus\u00e9e , \u00e7a marche vraiment\u00a0?"},"content":{"rendered":"<p>J\u2019ai \u00e9t\u00e9 prof des \u00e9coles pendant vingt ans, explique Sophie Delesse-Lampert. J\u2019ai voulu faire une pause avec un master Pratiques num\u00e9riques en \u00e9ducation, mais \u00e7a m\u2019a fait prendre contact avec le monde de la recherche, qui m\u2019a beaucoup plu\u00a0!\u00a0\u00bb R\u00e9sultat, elle y est encore, et entame sa troisi\u00e8me ann\u00e9e de doctorat au Centre de Recherche sur les Mediations (UL), financ\u00e9e en dispositif Cifre (Convention industrielle de formation par la recherche) par le Vaisseau, \u00e0 Strasbourg.<\/p>\n<p>\u00ab\u00a0Je ne me rendais pas compte \u00e0 quel point l\u2019esprit&#8230;                        <\/p>\n","protected":false},"excerpt":{"rendered":"J\u2019ai \u00e9t\u00e9 prof des \u00e9coles pendant vingt ans, explique Sophie Delesse-Lampert. J\u2019ai voulu faire une pause avec un&hellip;\n","protected":false},"author":2,"featured_media":482038,"comment_status":"","ping_status":"","sticky":false,"template":"","format":"standard","meta":{"footnotes":""},"categories":[2820],"tags":[1111,11,1057,4854,1777,674,1011,27,775,12,25,767,640],"class_list":{"0":"post-482037","1":"post","2":"type-post","3":"status-publish","4":"format-standard","5":"has-post-thumbnail","7":"category-strasbourg","8":"tag-actu","9":"tag-actualites","10":"tag-education","11":"tag-enseignement-superieur","12":"tag-eu","13":"tag-europe","14":"tag-fr","15":"tag-france","16":"tag-grand-est","17":"tag-news","18":"tag-republique-francaise","19":"tag-science-et-technologie","20":"tag-strasbourg"},"share_on_mastodon":{"url":"https:\/\/pubeurope.com\/@fr\/115417999293931016","error":""},"_links":{"self":[{"href":"https:\/\/www.europesays.com\/fr\/wp-json\/wp\/v2\/posts\/482037","targetHints":{"allow":["GET"]}}],"collection":[{"href":"https:\/\/www.europesays.com\/fr\/wp-json\/wp\/v2\/posts"}],"about":[{"href":"https:\/\/www.europesays.com\/fr\/wp-json\/wp\/v2\/types\/post"}],"author":[{"embeddable":true,"href":"https:\/\/www.europesays.com\/fr\/wp-json\/wp\/v2\/users\/2"}],"replies":[{"embeddable":true,"href":"https:\/\/www.europesays.com\/fr\/wp-json\/wp\/v2\/comments?post=482037"}],"version-history":[{"count":0,"href":"https:\/\/www.europesays.com\/fr\/wp-json\/wp\/v2\/posts\/482037\/revisions"}],"wp:featuredmedia":[{"embeddable":true,"href":"https:\/\/www.europesays.com\/fr\/wp-json\/wp\/v2\/media\/482038"}],"wp:attachment":[{"href":"https:\/\/www.europesays.com\/fr\/wp-json\/wp\/v2\/media?parent=482037"}],"wp:term":[{"taxonomy":"category","embeddable":true,"href":"https:\/\/www.europesays.com\/fr\/wp-json\/wp\/v2\/categories?post=482037"},{"taxonomy":"post_tag","embeddable":true,"href":"https:\/\/www.europesays.com\/fr\/wp-json\/wp\/v2\/tags?post=482037"}],"curies":[{"name":"wp","href":"https:\/\/api.w.org\/{rel}","templated":true}]}}