{"id":48204,"date":"2025-04-24T03:46:10","date_gmt":"2025-04-24T03:46:10","guid":{"rendered":"https:\/\/www.europesays.com\/fr\/48204\/"},"modified":"2025-04-24T03:46:10","modified_gmt":"2025-04-24T03:46:10","slug":"la-bourse-de-paris-termine-en-forte-hausse-soulagee-par-les-propos-conciliants-de-trump-actualites","status":"publish","type":"post","link":"https:\/\/www.europesays.com\/fr\/48204\/","title":{"rendered":"La Bourse de Paris termine en forte hausse, soulag\u00e9e par les propos conciliants de Trump : Actualit\u00e9s"},"content":{"rendered":"<p class=\"lead \">La Bourse de Paris a termin\u00e9 en nette hausse mercredi, emport\u00e9e par l&rsquo;optimisme g\u00e9n\u00e9ralis\u00e9 sur les march\u00e9s financiers apr\u00e8s des propos plus conciliants de Donald Trump envers la Chine, qui laissent entrevoir une potentielle d\u00e9sescalade des tensions commerciales.<\/p>\n<p class=\"lead \">L&rsquo;indice vedette de la place de Paris, le CAC 40, a termin\u00e9 en hausse de 2,13%, soit un gain de 155,89 points, pour s&rsquo;\u00e9tablir \u00e0 7.482,36 points. La veille, il avait termin\u00e9 en petite hausse de 0,56%.<\/p>\n<p class=\"lead \">\u00ab\u00a0Il s&rsquo;agit d&rsquo;une journ\u00e9e de soulagement, c&rsquo;est le terme du jour\u00a0\u00bb, r\u00e9sume Am\u00e9lie Derambure, g\u00e9rante multi-actifs chez Amundi, interrog\u00e9e par l&rsquo;AFP.<\/p>\n<p class=\"lead \">Le pr\u00e9sident am\u00e9ricain Donald Trump a reconnu mardi devant la presse que les surtaxes de 145% qu&rsquo;il a lui-m\u00eame impos\u00e9es aux produits chinois \u00e9taient \u00ab\u00a0tr\u00e8s \u00e9lev\u00e9es\u00a0\u00bb et qu&rsquo;elles allaient \u00ab\u00a0baisser de fa\u00e7on substantielle\u00a0\u00bb. \u00ab\u00a0Elles ne resteront en aucun cas proches de ce chiffre\u00a0\u00bb, a-t-il assur\u00e9.<\/p>\n<p class=\"lead \">P\u00e9kin a de son cot\u00e9 d\u00e9clar\u00e9 mercredi que \u00ab\u00a0les portes du dialogue restaient grandes ouvertes\u00a0\u00bb.<\/p>\n<p class=\"lead \">La r\u00e9action des march\u00e9s financiers ne s&rsquo;est pas fait attendre. \u00ab\u00a0Tous les types d&rsquo;actifs \u00e0 risque ont progress\u00e9, des indices mondiaux au bitcoin\u00a0\u00bb, r\u00e9sume Fawad Razaqzada, analyste de march\u00e9 chez City Index.<\/p>\n<p class=\"lead \">Ce \u00ab\u00a0soulagement a permis aux march\u00e9s d&rsquo;actions de reprendre de la hauteur\u00a0\u00bb, confirme Mme Derambure. \u00ab\u00a0Ils saluent toutes les nouvelles positives dans le sens d&rsquo;un r\u00e8glement plus favorable de la politique douani\u00e8re de l&rsquo;administration Trump.\u00a0\u00bb<\/p>\n<p class=\"lead \">Eurofins brille<\/p>\n<p class=\"lead \">Le g\u00e9ant des laboratoires d&rsquo;analyses Eurofins a confirm\u00e9 ses objectifs annuels, estimant que les droits de douane am\u00e9ricains ne devraient pas avoir de cons\u00e9quences sur ses co\u00fbts. Mais il dit faire preuve de prudence dans ce \u00ab\u00a0climat \u00e9conomique incertain\u00a0\u00bb.<\/p>\n<p class=\"lead \">Des perspectives salu\u00e9es en Bourse, puisque le titre d&rsquo;Eurofins s&rsquo;est envol\u00e9, terminant en hausse de 12,02% \u00e0 55,28 euros.<\/p>\n<p class=\"lead \">OPmobility ravi<\/p>\n<p class=\"lead \">L&rsquo;\u00e9quipementier automobile OPmobility a fait part de ventes en progression d\u00e9but 2025. Il n&rsquo;a pas constat\u00e9 de baisse de volume de production des constructeurs automobiles depuis l&rsquo;annonce par Donald Trump de droits de douane sur les v\u00e9hicules import\u00e9s aux Etats-Unis.<\/p>\n<p class=\"lead \">Le titre du groupe a grimp\u00e9 de 8,45% \u00e0 9,44 euros.<\/p>\n<p class=\"lead \"><a href=\"https:\/\/www.euronext.com\/fr\/products\/indices\/FR0003500008-XPAR\" target=\"_blank\" rel=\"noopener\">Euronext CAC40<\/a><\/p>\n<p class=\"small font-weight-bold text-gray3 \"> publi\u00e9 le 23 avril \u00e0 18h18, AFP<\/p>\n<p>                             Partager<\/p>\n","protected":false},"excerpt":{"rendered":"La Bourse de Paris a termin\u00e9 en nette hausse mercredi, emport\u00e9e par l&rsquo;optimisme g\u00e9n\u00e9ralis\u00e9 sur les march\u00e9s financiers&hellip;\n","protected":false},"author":2,"featured_media":48205,"comment_status":"","ping_status":"","sticky":false,"template":"","format":"standard","meta":{"footnotes":""},"categories":[6],"tags":[340,35,33,34,1011,27,6205],"class_list":{"0":"post-48204","1":"post","2":"type-post","3":"status-publish","4":"format-standard","5":"has-post-thumbnail","7":"category-economie","8":"tag-bourse","9":"tag-business","10":"tag-economie","11":"tag-economy","12":"tag-fr","13":"tag-france","14":"tag-marchs"},"share_on_mastodon":{"url":"https:\/\/pubeurope.com\/@fr\/114390891543336253","error":""},"_links":{"self":[{"href":"https:\/\/www.europesays.com\/fr\/wp-json\/wp\/v2\/posts\/48204","targetHints":{"allow":["GET"]}}],"collection":[{"href":"https:\/\/www.europesays.com\/fr\/wp-json\/wp\/v2\/posts"}],"about":[{"href":"https:\/\/www.europesays.com\/fr\/wp-json\/wp\/v2\/types\/post"}],"author":[{"embeddable":true,"href":"https:\/\/www.europesays.com\/fr\/wp-json\/wp\/v2\/users\/2"}],"replies":[{"embeddable":true,"href":"https:\/\/www.europesays.com\/fr\/wp-json\/wp\/v2\/comments?post=48204"}],"version-history":[{"count":0,"href":"https:\/\/www.europesays.com\/fr\/wp-json\/wp\/v2\/posts\/48204\/revisions"}],"wp:featuredmedia":[{"embeddable":true,"href":"https:\/\/www.europesays.com\/fr\/wp-json\/wp\/v2\/media\/48205"}],"wp:attachment":[{"href":"https:\/\/www.europesays.com\/fr\/wp-json\/wp\/v2\/media?parent=48204"}],"wp:term":[{"taxonomy":"category","embeddable":true,"href":"https:\/\/www.europesays.com\/fr\/wp-json\/wp\/v2\/categories?post=48204"},{"taxonomy":"post_tag","embeddable":true,"href":"https:\/\/www.europesays.com\/fr\/wp-json\/wp\/v2\/tags?post=48204"}],"curies":[{"name":"wp","href":"https:\/\/api.w.org\/{rel}","templated":true}]}}