{"id":482045,"date":"2025-10-22T13:18:05","date_gmt":"2025-10-22T13:18:05","guid":{"rendered":"https:\/\/www.europesays.com\/fr\/482045\/"},"modified":"2025-10-22T13:18:05","modified_gmt":"2025-10-22T13:18:05","slug":"polemique-autour-de-letude-dun-livre-dassa-traore-dans-un-college-vendeen-le","status":"publish","type":"post","link":"https:\/\/www.europesays.com\/fr\/482045\/","title":{"rendered":"Pol\u00e9mique autour de l\u2019\u00e9tude d\u2019un livre d\u2019Assa Traor\u00e9 dans un coll\u00e8ge vend\u00e9en\u00a0: le"},"content":{"rendered":"<tr wp_automatic_readability=\"5.8959537572254\">\n<td valign=\"middle\" align=\"center\" class=\"col-logo\" wp_automatic_readability=\"5\">\n    <img decoding=\"async\" src=\"https:\/\/maville.com\/design\/images\/logo-of-monetise.svg?version=20130627\" alt=\"logo Ouest-France\" height=\"66\"\/><\/p>\n<p>Contenu r\u00e9serv\u00e9 aux abonn\u00e9s<\/p>\n<\/td>\n<td class=\"col-titre\">\n\t\t\tMardi 21 octobre 2025 16:33<br \/>\n\t\t\t<a class=\"icon-bulle sizeL count\" href=\"#ancreAvis\"><br \/>\n\t&#8230;<br \/>\n<\/a><\/td>\n<\/tr>\n<p>\t\t<a class=\"mavillebox2 elmt-photo\" href=\"https:\/\/maville.com\/photosmvi\/2025\/10\/21\/P35535974D7030584G.jpg\" title=\" Le rectorat de l\u2019acad\u00e9mie de Nantes a affirm\u00e9 son soutien \u00e0 la professeure de fran\u00e7ais du coll\u00e8ge Alexandre-Soljenitsyne, \u00e0 Aizenay (photo d\u2019illustration).  \u00a9  Guillaume Saligot, Ouest-France  \" rel=\"galerie_actu noopener\" target=\"_blank\"><br \/>\n\t<img decoding=\"async\" src=\"https:\/\/www.europesays.com\/fr\/wp-content\/uploads\/2025\/10\/P35535974D7030584G_crop_640-330_.jpg\" alt=\"photo  le rectorat de l\u2019acad\u00e9mie de nantes a affirm\u00e9 son soutien \u00e0 la professeure de fran\u00e7ais du coll\u00e8ge alexandre-soljenitsyne, \u00e0 aizenay (photo d\u2019illustration).  \u00a9  guillaume saligot, ouest-france \"\/><br \/>\n\t1<br \/>\n<\/a><\/p>\n<p class=\"elmt-legende\"> Le rectorat de l\u2019acad\u00e9mie de Nantes a affirm\u00e9 son soutien \u00e0 la professeure de fran\u00e7ais du coll\u00e8ge Alexandre-Soljenitsyne, \u00e0 Aizenay (photo d\u2019illustration).  \u00a9  Guillaume Saligot, Ouest-France  <\/p>\n<p>\t\tApr\u00e8s la pol\u00e9mique autour de l\u2019\u00e9tude d\u2019un livre \u00e9crit par Assa Traor\u00e9, s\u0153ur d\u2019Adama Traor\u00e9, dans un coll\u00e8ge \u00e0 Aizenay (Vend\u00e9e), le rectorat de l\u2019acad\u00e9mie de Nantes a r\u00e9agi dans un communiqu\u00e9, ce mardi 21\u00a0octobre 2025. Il se dit \u00ab\u00a0mobilis\u00e9 afin de prot\u00e9ger la professeure\u00a0\u00bb et annonce avoir effectu\u00e9 un signalement aupr\u00e8s du minist\u00e8re de l\u2019Int\u00e9rieur, \u00ab\u00a0au regard des commentaires observ\u00e9s sur les r\u00e9seaux sociaux\u00a0\u00bb.<\/p>\n<p><b>Cet article est r\u00e9serv\u00e9 aux abonn\u00e9s<\/b><\/p>\n<p>Pour un acc\u00e8s imm\u00e9diat, abonnez-vous<\/p>\n<p><b>1\u00e8re semaine offerte<\/b><\/p>\n<p>\t\t Pierre BARBOTEAU. \u00a0\u00a0<br \/>\n\t\tOuest-France<\/p>\n<p>Retrouvez d&rsquo;autres actus sur les communes de :<\/p>\n<p>\t\t&#13;<\/p>\n","protected":false},"excerpt":{"rendered":"Contenu r\u00e9serv\u00e9 aux abonn\u00e9s Mardi 21 octobre 2025 16:33 &#8230; 1 Le rectorat de l\u2019acad\u00e9mie de Nantes a&hellip;\n","protected":false},"author":2,"featured_media":482046,"comment_status":"","ping_status":"","sticky":false,"template":"","format":"standard","meta":{"footnotes":""},"categories":[2818],"tags":[1111,11,60544,7051,1124,7078,1777,674,1011,27,2003,766,12,2636,1062,7914,36972,25,48581,42222],"class_list":{"0":"post-482045","1":"post","2":"type-post","3":"status-publish","4":"format-standard","5":"has-post-thumbnail","7":"category-nantes","8":"tag-actu","9":"tag-actualites","10":"tag-assa","11":"tag-autour","12":"tag-college","13":"tag-etude","14":"tag-eu","15":"tag-europe","16":"tag-fr","17":"tag-france","18":"tag-livre","19":"tag-nantes","20":"tag-news","21":"tag-pays-de-la-loire","22":"tag-polemique","23":"tag-reagit","24":"tag-rectorat","25":"tag-republique-francaise","26":"tag-traore","27":"tag-vendeen"},"share_on_mastodon":{"url":"https:\/\/pubeurope.com\/@fr\/115418019909461657","error":""},"_links":{"self":[{"href":"https:\/\/www.europesays.com\/fr\/wp-json\/wp\/v2\/posts\/482045","targetHints":{"allow":["GET"]}}],"collection":[{"href":"https:\/\/www.europesays.com\/fr\/wp-json\/wp\/v2\/posts"}],"about":[{"href":"https:\/\/www.europesays.com\/fr\/wp-json\/wp\/v2\/types\/post"}],"author":[{"embeddable":true,"href":"https:\/\/www.europesays.com\/fr\/wp-json\/wp\/v2\/users\/2"}],"replies":[{"embeddable":true,"href":"https:\/\/www.europesays.com\/fr\/wp-json\/wp\/v2\/comments?post=482045"}],"version-history":[{"count":0,"href":"https:\/\/www.europesays.com\/fr\/wp-json\/wp\/v2\/posts\/482045\/revisions"}],"wp:featuredmedia":[{"embeddable":true,"href":"https:\/\/www.europesays.com\/fr\/wp-json\/wp\/v2\/media\/482046"}],"wp:attachment":[{"href":"https:\/\/www.europesays.com\/fr\/wp-json\/wp\/v2\/media?parent=482045"}],"wp:term":[{"taxonomy":"category","embeddable":true,"href":"https:\/\/www.europesays.com\/fr\/wp-json\/wp\/v2\/categories?post=482045"},{"taxonomy":"post_tag","embeddable":true,"href":"https:\/\/www.europesays.com\/fr\/wp-json\/wp\/v2\/tags?post=482045"}],"curies":[{"name":"wp","href":"https:\/\/api.w.org\/{rel}","templated":true}]}}