{"id":482052,"date":"2025-10-22T13:23:15","date_gmt":"2025-10-22T13:23:15","guid":{"rendered":"https:\/\/www.europesays.com\/fr\/482052\/"},"modified":"2025-10-22T13:23:15","modified_gmt":"2025-10-22T13:23:15","slug":"voici-ce-qui-vous-attend-8","status":"publish","type":"post","link":"https:\/\/www.europesays.com\/fr\/482052\/","title":{"rendered":"voici ce qui vous attend"},"content":{"rendered":"<p>            Par<br \/>\n        <strong><br \/>\n            <a href=\"https:\/\/actu.fr\/auteur\/redaction-toulouse\" title=\"Consulter tous les articles de R\u00e9daction de Toulouse\" target=\"_blank\" rel=\"noopener\">R\u00e9daction de Toulouse<\/a><br \/>\n        <\/strong><\/p>\n<p>        Publi\u00e9 le<\/p>\n<p>            22 oct. 2025 \u00e0 14h26        <\/p>\n<p>\u00a0La <strong>Halle aux Grains<\/strong> retrouve, le jeudi 23 octobre et le vendredi 24 octobre 2025 \u00e0 20h, deux grands musiciens d\u00e9j\u00e0 invit\u00e9s, le chef d\u2019orchestre <strong>Marek Janowski<\/strong> et le violoniste <strong>Frank Peter Zimmermann<\/strong>. Le programme musical de ces soir\u00e9es r\u00e9unit deux chefs-d\u2019\u0153uvre universels sign\u00e9s Mozart et Beethoven.<\/p>\n<p>Deux grands noms de la musique<\/p>\n<p class=\" wall-content\">Cette rencontre \u00e0 la Halle aux Grains associe le chef d\u2019orchestre <strong>Marek Janowski<\/strong>, grand sp\u00e9cialiste du r\u00e9pertoire germanique, aussi fin connaisseur des orchestres fran\u00e7ais pour avoir \u00e9t\u00e9 longtemps directeur musical de l\u2019Orchestre Philharmonique de Radio France et <strong>Frank Peter Zimmermann<\/strong>, violoniste unanimement respect\u00e9, dont la virtuosit\u00e9 n\u2019a d\u2019\u00e9gale que la profondeur des interpr\u00e9tations.<\/p>\n<p class=\" wall-content\">Marek Janowski vient de prendre ses fonctions de directeur artistique et chef principal de l\u2019Orchestre philharmonique de Dresde. Il est, depuis lors, l\u2019invit\u00e9 r\u00e9gulier des plus prestigieuses institutions, du Metropolitan Opera de New York \u00e0 la Bayerische Staatsoper de Munich. Il a \u00e9galement dirig\u00e9 la T\u00e9tralogie au Festival de Bayreuth et au Festival du printemps de Tokyo.<\/p>\n<p>Un prodige du violon<\/p>\n<p class=\" wall-content\">Le grand violoniste Frank Peter Zimmermann, n\u00e9 en 1965 \u00e0 Duisburg, en Allemagne, a commenc\u00e9 \u00e0 jouer du violon \u00e0 cinq ans et a donn\u00e9 son premier concert avec orchestre \u00e0 dix.<\/p>\n<p>Vid\u00e9os : en ce moment sur Actu<\/p>\n<p class=\" wall-content\">Il se produit, depuis plus de 30 ans, dans toutes les salles de concert importantes et dans les festivals internationaux en Europe, aux \u00c9tats-Unis, en Asie, en Am\u00e9rique du Sud et en Australie. Au fil des ans, il s\u2019est constitu\u00e9 une impressionnante discographie. Nombre de ses enregistrements ont \u00e9t\u00e9 pl\u00e9biscit\u00e9s et couronn\u00e9s de r\u00e9compenses diverses, et lui-m\u00eame a re\u00e7u de nombreux prix et distinctions.<\/p>\n<p>Deux grandes partitions\u00a0<\/p>\n<p class=\" wall-content\">Le programme des concerts du 23 et 24 octobre associe <strong>deux grandes partitions.<\/strong><\/p>\n<p>Votre r\u00e9gion, votre actu !<\/p>\n<p>Recevez chaque jour les infos qui comptent pour vous.<\/p>\n<p>\t<a href=\"https:\/\/actu.fr\/newsletter\" class=\"ac-btn ac-btn--corner ac-btn--medium ac-btn--blue800\" target=\"_blank\" rel=\"noopener\">S&rsquo;incrire<\/a><\/p>\n<p class=\" wall-content\">L\u2019unique concerto pour violon et orchestre en r\u00e9 majeur, op. 61 de <strong>L. van Beethoven<\/strong> ouvrira la soir\u00e9e. Sa composition prend place entre la troisi\u00e8me et la quatri\u00e8me symphonie du compositeur. Elle est contemporaine de celle de son quatri\u00e8me concerto pour piano. Il s\u2019agit l\u00e0 de l\u2019un des plus beaux concertos pour violon de l\u2019\u00e9poque romantique.<\/p>\n<p class=\" wall-content\">La Symphonie n\u00b039 en mi b\u00e9mol majeur, KV 543 qui suivra a \u00e9t\u00e9 compos\u00e9e par <strong>Wolfgang Amadeus Mozart<\/strong>, alors \u00e2g\u00e9 de 32 ans, et termin\u00e9e \u00e0 Vienne le 26 juin 1788, trois jours avant le d\u00e9c\u00e8s de sa fille Th\u00e9r\u00e8se. Audacieuse pour l\u2019\u00e9poque, d\u00e9routante, et tr\u00e8s imposante, elle pr\u00e9sente d\u00e9j\u00e0 une connotation h\u00e9ro\u00efque caract\u00e9ristique de la tonalit\u00e9 de mi b\u00e9mol majeur.<\/p>\n<p class=\" wall-content\"><b>Serge CHAUZY<\/b><\/p>\n<p><strong>Infos pratiques<\/strong><br \/>\nL. van Beethoven : Concerto pour violon et orchestre en r\u00e9 majeur, op. 61 \/ W. A. Mozart : Symphonie n\u00b039 en mi b\u00e9mol majeur, KV 543. Jeudi 23 et vendredi 24 octobre 2025, \u00e0 20 heures, \u00e0 la Halle aux Grains. Informations et r\u00e9servations <a href=\"https:\/\/onct.toulouse.fr\/marek-janowski-frank-peter-zimmermann\/\" target=\"_blank\" rel=\"noopener\">sur le site de l\u2019Orchestre du Capitole<\/a>.\u00a0<\/p>\n<p class=\" wall-content\">Personnalisez votre actualit\u00e9 en ajoutant vos villes et m\u00e9dias en favori avec <a href=\"https:\/\/moncompte.actu.fr\" title=\"D\u00e9couvez Mon Actu\" rel=\"nofollow noopener\" data-trk=\"{&quot;cta&quot;:{&quot;action&quot;:&quot;https:\\\/\\\/moncompte.actu.fr&quot;,&quot;category&quot;:&quot;mon compte&quot;,&quot;from&quot;:&quot;article footer&quot;,&quot;name&quot;:&quot;Mon actu&quot;,&quot;type&quot;:&quot;cta&quot;}}\" target=\"_blank\">Mon Actu<\/a>.<\/p>\n","protected":false},"excerpt":{"rendered":"Par R\u00e9daction de Toulouse Publi\u00e9 le 22 oct. 2025 \u00e0 14h26 \u00a0La Halle aux Grains retrouve, le jeudi&hellip;\n","protected":false},"author":2,"featured_media":482053,"comment_status":"","ping_status":"","sticky":false,"template":"","format":"standard","meta":{"footnotes":""},"categories":[2816],"tags":[1111,11,1777,674,1011,27,60545,1652,12,2680,25,1341,2312],"class_list":{"0":"post-482052","1":"post","2":"type-post","3":"status-publish","4":"format-standard","5":"has-post-thumbnail","7":"category-toulouse","8":"tag-actu","9":"tag-actualites","10":"tag-eu","11":"tag-europe","12":"tag-fr","13":"tag-france","14":"tag-halle-aux-grains","15":"tag-loisirs-culture","16":"tag-news","17":"tag-occitanie","18":"tag-republique-francaise","19":"tag-sortir-a-toulouse","20":"tag-toulouse"},"share_on_mastodon":{"url":"https:\/\/pubeurope.com\/@fr\/115418038743152138","error":""},"_links":{"self":[{"href":"https:\/\/www.europesays.com\/fr\/wp-json\/wp\/v2\/posts\/482052","targetHints":{"allow":["GET"]}}],"collection":[{"href":"https:\/\/www.europesays.com\/fr\/wp-json\/wp\/v2\/posts"}],"about":[{"href":"https:\/\/www.europesays.com\/fr\/wp-json\/wp\/v2\/types\/post"}],"author":[{"embeddable":true,"href":"https:\/\/www.europesays.com\/fr\/wp-json\/wp\/v2\/users\/2"}],"replies":[{"embeddable":true,"href":"https:\/\/www.europesays.com\/fr\/wp-json\/wp\/v2\/comments?post=482052"}],"version-history":[{"count":0,"href":"https:\/\/www.europesays.com\/fr\/wp-json\/wp\/v2\/posts\/482052\/revisions"}],"wp:featuredmedia":[{"embeddable":true,"href":"https:\/\/www.europesays.com\/fr\/wp-json\/wp\/v2\/media\/482053"}],"wp:attachment":[{"href":"https:\/\/www.europesays.com\/fr\/wp-json\/wp\/v2\/media?parent=482052"}],"wp:term":[{"taxonomy":"category","embeddable":true,"href":"https:\/\/www.europesays.com\/fr\/wp-json\/wp\/v2\/categories?post=482052"},{"taxonomy":"post_tag","embeddable":true,"href":"https:\/\/www.europesays.com\/fr\/wp-json\/wp\/v2\/tags?post=482052"}],"curies":[{"name":"wp","href":"https:\/\/api.w.org\/{rel}","templated":true}]}}