{"id":482054,"date":"2025-10-22T13:24:24","date_gmt":"2025-10-22T13:24:24","guid":{"rendered":"https:\/\/www.europesays.com\/fr\/482054\/"},"modified":"2025-10-22T13:24:24","modified_gmt":"2025-10-22T13:24:24","slug":"la-chaine-de-tele-weo-cherche-un-repreneur-par-petite-annonce","status":"publish","type":"post","link":"https:\/\/www.europesays.com\/fr\/482054\/","title":{"rendered":"La cha\u00eene de t\u00e9l\u00e9 W\u00e9o cherche un repreneur par petite annonce"},"content":{"rendered":"<p><b>Plac\u00e9e sous proc\u00e9dure de sauvegarde en septembre, la maison m\u00e8re de la premi\u00e8re cha\u00eene de t\u00e9l\u00e9vision locale de France a vu sa p\u00e9riode de protection prolong\u00e9e jusqu\u2019au 10 d\u00e9cembre par le tribunal de commerce de Lille M\u00e9tropole. Mais sa mise en vente par petite annonce a de quoi inqui\u00e9ter les salari\u00e9s.<\/b><\/p>\n<p>\u00ab\u202fExploitation d\u2019une cha\u00eene de t\u00e9l\u00e9vision en Hauts de France N\u00b0101713\u202f\u00bb. C\u2019est l\u2019intitul\u00e9 de <a href=\"https:\/\/www.cessiongreffe.com\/les-annonces\/liste-des-annonces\/exploitation-dune-chaine-de-television-en-hauts-de-france-n101713\/\" target=\"_blank\" rel=\"noopener\">la petite annonce<\/a> qui, depuis quelques jours, propose \u00e0 la vente la cha\u00eene de t\u00e9l\u00e9vision W\u00e9o sur le site Cession Greffe, \u00e9manation des tribunaux de commerce d\u00e9di\u00e9e \u00e0 la cession des entreprises en difficult\u00e9. Les repreneurs potentiellement int\u00e9ress\u00e9s ont jusqu\u2019au 20 novembre pour se faire conna\u00eetre et d\u00e9poser une offre sur la premi\u00e8re cha\u00eene de t\u00e9l\u00e9vision locale de France en proie \u00e0 une profonde crise de son mod\u00e8le \u00e9conomique, comme l\u2019a d\u00e9taill\u00e9 Mediacit\u00e9s dans un <a href=\"https:\/\/www.mediacites.fr\/enquete\/lille\/2025\/09\/17\/la-chaine-de-tele-weo-en-sursis-apres-sa-mise-sous-sauvegarde-par-le-tribunal\/\" target=\"_blank\" rel=\"noopener\">pr\u00e9c\u00e9dent article<\/a>. \u00ab\u202fAucun prix de vente n\u2019est fix\u00e9, une offre doit \u00eatre pr\u00e9sent\u00e9e au tribunal\u202f\u00bb, indique encore l\u2019annonce.<\/p>\n<p>https:\/\/www.mediacites.fr\/enquete\/lille\/2025\/09\/17\/la-chaine-de-tele-weo-en-sursis-apres-sa-mise-sous-sauvegarde-par-le-tribunal\/<br \/>Sursis jusqu\u2019au 10 d\u00e9cembre<br \/>Cette inscription sur Cession Greffe fait suite \u00e0 un jugement du tribunal de commerce de Lille M\u00e9tropole, en date du 15 octobre, qui a prolong\u00e9 jusqu\u2019au 10 d\u00e9cembre la mise sous proc\u00e9dure de sauvegarde de la Soci\u00e9t\u00e9 de t\u00e9l\u00e9vision multilocale (STM), maison m\u00e8re de W\u00e9o, d\u00e9cid\u00e9e le 15 septembre dernier, a\u2011t\u2010on appris aupr\u00e8s du greffe du tribunal. Mais ce nouveau sursis para\u00eet bien court pour trouver un repreneur\u00a0\u2026<\/p>\n<p>Nous vous offrons l\u2019acc\u00e8s \u00e0 cet article<\/p>\n<p>Et \u00e0 toutes nos enqu\u00eates pendant deux jours\u00a0\u00a0! <br \/>Oui, on est g\u00e9n\u00e9reux \ud83d\ude09 Mais pensez aussi \u00e0 <a href=\"https:\/\/www.mediacites.fr\/sabonner\/\" target=\"_blank\" style=\"color:#fff\" rel=\"noopener\">vous abonner<\/a>\u00a0\u00a0!<\/p>\n<p>\t\tEn renseignant votre adresse, vous acceptez nos <a href=\"https:\/\/www.mediacites.fr\/conditions-generales-d-utilisation\/\" target=\"_blank\" rel=\"noopener\">conditions g\u00e9n\u00e9rales d\u2019utilisation<\/a>. <br \/>Mediacit\u00e9s s\u2019engage \u00e0 ne pas c\u00e9der votre adresse \u00e0 des tiers. En cas d\u2019\u00e9chec, \u00e9crivez \u00e0 <a href=\"https:\/\/www.mediacites.fr\/breve\/lille\/2025\/10\/22\/la-chaine-de-tele-weo-cherche-un-repreneur-par-petite-annonce\/mailto:contact@mediacites.fr\" target=\"_blank\" rel=\"noopener\">contact@mediacites.fr<\/a><\/p>\n<ul>\n<li>J\u2019acc\u00e8de aux 4 \u00e9ditions de Mediacit\u00e9s (Lille, Lyon, Nantes et Toulouse)<\/li>\n<li>Je d\u00e9couvre un m\u00e9dia 100 % ind\u00e9pendant, avec 0 % de publicit\u00e9<\/li>\n<\/ul>\n<p>Envie de lire la\u00a0suite\u202f?<\/p>\n<p>Depuis neuf ans, Mediacit\u00e9s enqu\u00eate en toute ind\u00e9pendance dans votre ville. Gr\u00e2ce \u00e0 ses lecteurs\u202f! Abonnez\u2010vous pour ne rien manquer de nos enqu\u00eates, suivre les \u00e9lections municipales et soutenir un journal local d\u2019investigation.<\/p>\n<ul>\n<li>Acc\u00e8s aux 4 \u00e9ditions de Mediacit\u00e9s (Lille, Lyon, Nantes et Toulouse)<\/li>\n<li>100 % ind\u00e9pendant, avec 0 % de publicit\u00e9<\/li>\n<li>R\u00e9siliation facile \u00e0 tout moment<\/li>\n<\/ul>\n<p>Mediacit\u00e9s offre l\u2019acc\u00e8s \u00e0 cet article aux lecteurs de News2Com<\/p>\n<p>Et \u00e0 toutes nos enqu\u00eates pendant deux jours\u00a0\u00a0! <br \/>Oui, on est g\u00e9n\u00e9reux \ud83d\ude09 Mais pensez aussi \u00e0 <a href=\"https:\/\/www.mediacites.fr\/sabonner\/\" target=\"_blank\" style=\"color:#fff\" rel=\"noopener\">vous abonner<\/a>\u00a0\u00a0!<\/p>\n<p>\t\tEn renseignant votre adresse, vous acceptez nos <a href=\"https:\/\/www.mediacites.fr\/conditions-generales-d-utilisation\/\" target=\"_blank\" rel=\"noopener\">conditions g\u00e9n\u00e9rales d\u2019utilisation<\/a>. <br \/>Mediacit\u00e9s s\u2019engage \u00e0 ne pas c\u00e9der votre adresse \u00e0 des tiers. En cas d\u2019\u00e9chec, \u00e9crivez \u00e0 <a href=\"https:\/\/www.mediacites.fr\/breve\/lille\/2025\/10\/22\/la-chaine-de-tele-weo-cherche-un-repreneur-par-petite-annonce\/mailto:contact@mediacites.fr\" target=\"_blank\" rel=\"noopener\">contact@mediacites.fr<\/a><\/p>\n<ul>\n<li>J\u2019acc\u00e8de aux 4 \u00e9ditions de Mediacit\u00e9s (Lille, Lyon, Nantes et Toulouse)<\/li>\n<li>Je d\u00e9couvre un m\u00e9dia 100 % ind\u00e9pendant, avec 0 % de publicit\u00e9<\/li>\n<\/ul>\n","protected":false},"excerpt":{"rendered":"Plac\u00e9e sous proc\u00e9dure de sauvegarde en septembre, la maison m\u00e8re de la premi\u00e8re cha\u00eene de t\u00e9l\u00e9vision locale de&hellip;\n","protected":false},"author":2,"featured_media":482055,"comment_status":"","ping_status":"","sticky":false,"template":"","format":"standard","meta":{"footnotes":""},"categories":[2815],"tags":[1111,11,60546,1777,674,1011,27,811,51816,23664,1307,12,25,60547,252],"class_list":{"0":"post-482054","1":"post","2":"type-post","3":"status-publish","4":"format-standard","5":"has-post-thumbnail","7":"category-lille","8":"tag-actu","9":"tag-actualites","10":"tag-conseil-regional-des-hauts-de-france","11":"tag-eu","12":"tag-europe","13":"tag-fr","14":"tag-france","15":"tag-hauts-de-france","16":"tag-loeil-de-mediacites","17":"tag-la-voix-du-nord","18":"tag-lille","19":"tag-news","20":"tag-republique-francaise","21":"tag-rossel","22":"tag-television"},"share_on_mastodon":{"url":"https:\/\/pubeurope.com\/@fr\/115418042529914776","error":""},"_links":{"self":[{"href":"https:\/\/www.europesays.com\/fr\/wp-json\/wp\/v2\/posts\/482054","targetHints":{"allow":["GET"]}}],"collection":[{"href":"https:\/\/www.europesays.com\/fr\/wp-json\/wp\/v2\/posts"}],"about":[{"href":"https:\/\/www.europesays.com\/fr\/wp-json\/wp\/v2\/types\/post"}],"author":[{"embeddable":true,"href":"https:\/\/www.europesays.com\/fr\/wp-json\/wp\/v2\/users\/2"}],"replies":[{"embeddable":true,"href":"https:\/\/www.europesays.com\/fr\/wp-json\/wp\/v2\/comments?post=482054"}],"version-history":[{"count":0,"href":"https:\/\/www.europesays.com\/fr\/wp-json\/wp\/v2\/posts\/482054\/revisions"}],"wp:featuredmedia":[{"embeddable":true,"href":"https:\/\/www.europesays.com\/fr\/wp-json\/wp\/v2\/media\/482055"}],"wp:attachment":[{"href":"https:\/\/www.europesays.com\/fr\/wp-json\/wp\/v2\/media?parent=482054"}],"wp:term":[{"taxonomy":"category","embeddable":true,"href":"https:\/\/www.europesays.com\/fr\/wp-json\/wp\/v2\/categories?post=482054"},{"taxonomy":"post_tag","embeddable":true,"href":"https:\/\/www.europesays.com\/fr\/wp-json\/wp\/v2\/tags?post=482054"}],"curies":[{"name":"wp","href":"https:\/\/api.w.org\/{rel}","templated":true}]}}