{"id":482058,"date":"2025-10-22T13:26:12","date_gmt":"2025-10-22T13:26:12","guid":{"rendered":"https:\/\/www.europesays.com\/fr\/482058\/"},"modified":"2025-10-22T13:26:12","modified_gmt":"2025-10-22T13:26:12","slug":"marseille-video-dune-femme-violentee-par-la-police-lors-dune-manifestation-une-plainte-deposee","status":"publish","type":"post","link":"https:\/\/www.europesays.com\/fr\/482058\/","title":{"rendered":"Marseille. Vid\u00e9o d&rsquo;une femme violent\u00e9e par la police lors d&rsquo;une manifestation : une plainte d\u00e9pos\u00e9e"},"content":{"rendered":"<p>La vid\u00e9o a \u00e9t\u00e9 vue plusieurs dizaines de millions de fois sur les r\u00e9seaux sociaux. La jeune femme violent\u00e9e \u00e0 Marseille lors d&rsquo;une intervention polici\u00e8re en marge de la mobilisation du 18 septembre a port\u00e9 plainte mercredi.<\/p>\n<p>L&rsquo;\u00e9tudiante d&rsquo;une vingtaine d&rsquo;ann\u00e9es a d\u00e9pos\u00e9 une plainte contre X, \u00ab pour violences en r\u00e9union \u00bb et visant \u00ab des personnes qui ont la qualit\u00e9 de d\u00e9positaires de l&rsquo;autorit\u00e9 publique \u00bb, a d\u00e9clar\u00e9 son avocat, Me Thomas Hugues.<\/p>\n<p>La sc\u00e8ne avait \u00e9t\u00e9 film\u00e9e vers 7H00 du matin dans le quartier de la Joliette, o\u00f9 des petits groupes de manifestants qui r\u00e9pondaient notamment \u00e0 un appel \u00e0 bloquer le si\u00e8ge de l&rsquo;armateur CMA-CGM, propri\u00e9t\u00e9 du milliardaire Rodolphe Saad\u00e9, avaient \u00e9t\u00e9 dispers\u00e9s par les forces de l&rsquo;ordre.<\/p>\n<p>Ce contenu est bloqu\u00e9 car vous n&rsquo;avez pas accept\u00e9 les cookies et autres traceurs.<\/p>\n<p>En cliquant sur \u00ab J\u2019accepte \u00bb, les cookies et autres traceurs seront d\u00e9pos\u00e9s et vous pourrez visualiser les contenus  (<a href=\"\" class=\"consentModule_policy\" target=\"_blank\" title=\"Consulter la politique de protection des donn\u00e9es du fournisseur\">plus d&rsquo;informations<\/a>).<\/p>\n<p>En cliquant sur \u00ab J\u2019accepte tous les cookies \u00bb, vous autorisez des d\u00e9p\u00f4ts de cookies et autres traceurs pour le stockage de vos donn\u00e9es sur nos sites et applications \u00e0 des fins de personnalisation et de ciblage publicitaire.<\/p>\n<p class=\"consentModule_secondaryText\">Vous gardez la possibilit\u00e9 de retirer votre consentement \u00e0 tout moment en consultant notre <a href=\"https:\/\/www.ledauphine.com\/protection-des-donnees\" target=\"_blank\" title=\"Consulter notre politique de protection des donn\u00e9es\" rel=\"noopener\">politique de protection des donn\u00e9es<\/a>. <br \/>&#13;<br \/>\n            <a href=\"https:\/\/www.ledauphine.com\/faits-divers-justice\/2025\/10\/22\/javascript:Didomi.notice.show()\" class=\"consentModule_cmp\" target=\"_blank\" rel=\"noopener\">G\u00e9rer mes choix<\/a>&#13;\n        <\/p>\n<p>&#13;<br \/>\n                        J&rsquo;accepte&#13;<br \/>\n            J&rsquo;accepte tous les cookies&#13;\n        <\/p>\n<p>  \u00ab Casse-toi \u00a0! \u00bb<\/p>\n<p>La vid\u00e9o montre un policier donner un coup de pied dans les fesses de la manifestante d\u00e9j\u00e0 au sol et lui lancer \u00ab casse-toi \u00bb. Bien que celle-ci r\u00e9ponde, visiblement secou\u00e9e, \u00ab oui oui, je me casse \u00bb, un autre la pousse et elle retombe au sol, avant de partir, l&rsquo;air apeur\u00e9, en disant \u00ab pardon, pardon \u00bb.<\/p>\n<p>Le parquet de Marseille avait annonc\u00e9, au lendemain des faits, avoir ouvert une enqu\u00eate pour \u00ab violences ayant entrain\u00e9 une incapacit\u00e9 totale de travail inf\u00e9rieure \u00e0 8 jours, commis par une personne d\u00e9positaire de l&rsquo;autorit\u00e9 publique et en r\u00e9union \u00bb.<\/p>\n<p>Une autre enqu\u00eate, interne \u00e0 la police, a \u00e9t\u00e9 d\u00e9clench\u00e9e \u00ab pour d\u00e9terminer les circonstances de cette intervention \u00bb.<\/p>\n","protected":false},"excerpt":{"rendered":"La vid\u00e9o a \u00e9t\u00e9 vue plusieurs dizaines de millions de fois sur les r\u00e9seaux sociaux. La jeune femme&hellip;\n","protected":false},"author":2,"featured_media":482059,"comment_status":"","ping_status":"","sticky":false,"template":"","format":"standard","meta":{"footnotes":""},"categories":[2814],"tags":[1111,11,1777,674,274,107,1011,27,329,884,12,882,25],"class_list":{"0":"post-482058","1":"post","2":"type-post","3":"status-publish","4":"format-standard","5":"has-post-thumbnail","7":"category-marseille","8":"tag-actu","9":"tag-actualites","10":"tag-eu","11":"tag-europe","12":"tag-faits-divers-justice","13":"tag-fil-info","14":"tag-fr","15":"tag-france","16":"tag-france-monde","17":"tag-marseille","18":"tag-news","19":"tag-provence-alpes-cote-dazur","20":"tag-republique-francaise"},"share_on_mastodon":{"url":"https:\/\/pubeurope.com\/@fr\/115418050339265277","error":""},"_links":{"self":[{"href":"https:\/\/www.europesays.com\/fr\/wp-json\/wp\/v2\/posts\/482058","targetHints":{"allow":["GET"]}}],"collection":[{"href":"https:\/\/www.europesays.com\/fr\/wp-json\/wp\/v2\/posts"}],"about":[{"href":"https:\/\/www.europesays.com\/fr\/wp-json\/wp\/v2\/types\/post"}],"author":[{"embeddable":true,"href":"https:\/\/www.europesays.com\/fr\/wp-json\/wp\/v2\/users\/2"}],"replies":[{"embeddable":true,"href":"https:\/\/www.europesays.com\/fr\/wp-json\/wp\/v2\/comments?post=482058"}],"version-history":[{"count":0,"href":"https:\/\/www.europesays.com\/fr\/wp-json\/wp\/v2\/posts\/482058\/revisions"}],"wp:featuredmedia":[{"embeddable":true,"href":"https:\/\/www.europesays.com\/fr\/wp-json\/wp\/v2\/media\/482059"}],"wp:attachment":[{"href":"https:\/\/www.europesays.com\/fr\/wp-json\/wp\/v2\/media?parent=482058"}],"wp:term":[{"taxonomy":"category","embeddable":true,"href":"https:\/\/www.europesays.com\/fr\/wp-json\/wp\/v2\/categories?post=482058"},{"taxonomy":"post_tag","embeddable":true,"href":"https:\/\/www.europesays.com\/fr\/wp-json\/wp\/v2\/tags?post=482058"}],"curies":[{"name":"wp","href":"https:\/\/api.w.org\/{rel}","templated":true}]}}