{"id":482061,"date":"2025-10-22T13:28:10","date_gmt":"2025-10-22T13:28:10","guid":{"rendered":"https:\/\/www.europesays.com\/fr\/482061\/"},"modified":"2025-10-22T13:28:10","modified_gmt":"2025-10-22T13:28:10","slug":"la-metropole-de-lyon-condamnee-a-verser-11-000-euros-a-un-proprietaire","status":"publish","type":"post","link":"https:\/\/www.europesays.com\/fr\/482061\/","title":{"rendered":"la M\u00e9tropole de Lyon condamn\u00e9e \u00e0 verser 11.000 euros \u00e0 un propri\u00e9taire"},"content":{"rendered":"<p class=\"content\" style=\"font-size:1.2em;font-weight:700\">Victime d\u2019une pr\u00e9emption ill\u00e9gale sur sa maison \u00e0 Villeurbanne, Yannis Yahoui a obtenu gain de cause face \u00e0 la M\u00e9tropole de Lyon. Le tribunal l\u2019a indemnis\u00e9 \u00e0 hauteur de 11 000 euros pour les pr\u00e9judices subis. L&rsquo;affaire pataugeait depuis 2019.<\/p>\n<p>L&rsquo;affaire avait d\u00e9but\u00e9 en 2019. Alors qu&rsquo;il ach\u00e8te une maison situ\u00e9e \u00e0 Villeurbanne, Yannis Yahoui \u00e0 d\u00fb faire face \u00e0 la M\u00e9tropole de Lyon, qui a pr\u00e9empt\u00e9 son bien. <a href=\"https:\/\/c.leprogres.fr\/faits-divers-justice\/2025\/10\/22\/preemption-illegale-la-metropole-de-lyon-doit-verser-plus-de-11-000-euros-au-proprietaire-de-cette-maison\" target=\"_blank\" rel=\"noreferrer noopener nofollow\">Selon les informations du Progr\u00e8s<\/a>, le propri\u00e9taire avait saisi le tribunal, qui avait d\u00e9clar\u00e9 la M\u00e9tropole coupable de pr\u00e9emption ill\u00e9gale. La collectivit\u00e9 avait fait appel de cette d\u00e9cision, sans succ\u00e8s. <\/p>\n<p>Pourtant, l&rsquo;affaire ne s&rsquo;est pas arr\u00eat\u00e9 l\u00e0. En 2023, Yannis Yahoui demande la r\u00e9paration des pr\u00e9judices caus\u00e9s par la M\u00e9tropole. Sont notamment \u00e9voqu\u00e9s, \u00ab\u00a0l\u2019\u00e9tat anxieux important g\u00e9n\u00e9r\u00e9 par le litige, la hausse du co\u00fbt des travaux n\u00e9cessaires \u00e0 la r\u00e9novation du bien, les co\u00fbts li\u00e9s \u00e0 la r\u00e9trocession d\u2019un bien qui a \u00e9t\u00e9 squatt\u00e9 (lorsque la M\u00e9tropole l\u2019a pr\u00e9empt\u00e9) ou encore le montant des loyers vers\u00e9s faute d\u2019avoir pu prendre possession du bien\u00a0\u00bb, rapporte le Progr\u00e8s. Un montant qu&rsquo;il estime \u00e0 hauteur de 315.000 euros.<\/p>\n<p>3 motifs retenus, Yannis Yahoui s&rsquo;attaque aussi \u00e0 la mairie<\/p>\n<p>Suite \u00e0 une premi\u00e8re audience le 9 septembre, le tribunal de Lyon a rendu sa d\u00e9cision le 9 octobre. Les motifs \u00ab\u00a0\u00e9tat anxieux\u00a0\u00bb, \u00ab\u00a0surco\u00fbt de construction\u00a0\u00bb, et \u00ab\u00a0l&rsquo;\u00e9vacuation des biens accumul\u00e9s pendant le squat\u00a0\u00bb ont \u00e9t\u00e9 retenus. Les montants de ces pr\u00e9judices sont \u00e9valu\u00e9s \u00e0 respectivement 3200, 6000 et 1000 euros. Ajout\u00e9 \u00e0 cela 1\u00a0500\u00a0euros au titre des frais expos\u00e9s. La m\u00e9tropole est donc condamn\u00e9e \u00e0 verser plus de 11.000 euros au propri\u00e9taire de la maison, avec int\u00e9r\u00eats. Une somme bien loin des attentes pour Yannis Yahoui qui \u00e9voque \u00ab\u00a0un r\u00e9sultat d\u00e9cevant\u00a0\u00bb conc\u00e9dant tout de m\u00eame que ses demandes \u00e9taient \u00ab\u00a0ambitieuses\u00a0\u00bb.<\/p>\n","protected":false},"excerpt":{"rendered":"Victime d\u2019une pr\u00e9emption ill\u00e9gale sur sa maison \u00e0 Villeurbanne, Yannis Yahoui a obtenu gain de cause face \u00e0&hellip;\n","protected":false},"author":2,"featured_media":482062,"comment_status":"","ping_status":"","sticky":false,"template":"","format":"standard","meta":{"footnotes":""},"categories":[1889],"tags":[1111,11,2430,1777,674,1011,27,2428,10510,12,60548,25,6345],"class_list":{"0":"post-482061","1":"post","2":"type-post","3":"status-publish","4":"format-standard","5":"has-post-thumbnail","7":"category-lyon","8":"tag-actu","9":"tag-actualites","10":"tag-auvergne-rhone-alpes","11":"tag-eu","12":"tag-europe","13":"tag-fr","14":"tag-france","15":"tag-lyon","16":"tag-metropole-de-lyon","17":"tag-news","18":"tag-preemption-illegale","19":"tag-republique-francaise","20":"tag-villeurbanne"},"share_on_mastodon":{"url":"https:\/\/pubeurope.com\/@fr\/115418058206454674","error":""},"_links":{"self":[{"href":"https:\/\/www.europesays.com\/fr\/wp-json\/wp\/v2\/posts\/482061","targetHints":{"allow":["GET"]}}],"collection":[{"href":"https:\/\/www.europesays.com\/fr\/wp-json\/wp\/v2\/posts"}],"about":[{"href":"https:\/\/www.europesays.com\/fr\/wp-json\/wp\/v2\/types\/post"}],"author":[{"embeddable":true,"href":"https:\/\/www.europesays.com\/fr\/wp-json\/wp\/v2\/users\/2"}],"replies":[{"embeddable":true,"href":"https:\/\/www.europesays.com\/fr\/wp-json\/wp\/v2\/comments?post=482061"}],"version-history":[{"count":0,"href":"https:\/\/www.europesays.com\/fr\/wp-json\/wp\/v2\/posts\/482061\/revisions"}],"wp:featuredmedia":[{"embeddable":true,"href":"https:\/\/www.europesays.com\/fr\/wp-json\/wp\/v2\/media\/482062"}],"wp:attachment":[{"href":"https:\/\/www.europesays.com\/fr\/wp-json\/wp\/v2\/media?parent=482061"}],"wp:term":[{"taxonomy":"category","embeddable":true,"href":"https:\/\/www.europesays.com\/fr\/wp-json\/wp\/v2\/categories?post=482061"},{"taxonomy":"post_tag","embeddable":true,"href":"https:\/\/www.europesays.com\/fr\/wp-json\/wp\/v2\/tags?post=482061"}],"curies":[{"name":"wp","href":"https:\/\/api.w.org\/{rel}","templated":true}]}}