{"id":482063,"date":"2025-10-22T13:29:11","date_gmt":"2025-10-22T13:29:11","guid":{"rendered":"https:\/\/www.europesays.com\/fr\/482063\/"},"modified":"2025-10-22T13:29:11","modified_gmt":"2025-10-22T13:29:11","slug":"rhone-eve-robert-nommee-directrice-generale-adjointe-des-hospices-civils-de-lyon","status":"publish","type":"post","link":"https:\/\/www.europesays.com\/fr\/482063\/","title":{"rendered":"Rh\u00f4ne. Eve Robert nomm\u00e9e directrice g\u00e9n\u00e9rale adjointe des Hospices Civils de Lyon"},"content":{"rendered":"<p>Eve Robert a \u00e9t\u00e9 nomm\u00e9e officiellement directrice g\u00e9n\u00e9rale adjointe des Hospices Civils de Lyon. \u00c2g\u00e9e de 36 ans, dipl\u00f4m\u00e9e de Sciences Po Paris et de l\u2019\u00c9cole nationale d\u2019administration (promotion Winston Churchill), elle a forg\u00e9 sa carri\u00e8re entre grandes institutions \u00e9tatiques et collectivit\u00e9s territoriales. Elle a exerc\u00e9 dans divers postes au sein du minist\u00e8re de la Sant\u00e9, \u00e0 l\u2019ARS Bourgogne Franche-Comt\u00e9, et plus r\u00e9cemment au Conseil D\u00e9partemental de Seine-Saint-Denis o\u00f9 elle pilotait les politiques sociales.\u00a0<\/p>\n<p>Engag\u00e9e au-del\u00e0 de son m\u00e9tier, elle est aussi b\u00e9n\u00e9vole aux Restos du C\u0153ur et enseignante \u00e0 Sciences Po. Elle prendra ses fonctions aux HCL le 3\u00a0novembre, aux c\u00f4t\u00e9s de <a href=\"https:\/\/www.leprogres.fr\/sante\/2023\/08\/01\/hcl-raymond-le-moign-quitte-la-direction-generale-et-rejoint-le-ministere-de-la-sante\" target=\"_blank\" rel=\"nofollow noopener\">Raymond Le Moign<\/a> , le directeur g\u00e9n\u00e9ral et du Pr Vincent Piriou, pr\u00e9sident de la commission m\u00e9dicale d\u2019\u00e9tablissement r\u00e9cemment r\u00e9\u00e9lu.\u00a0Eve Robert succ\u00e8de \u00e0 Virginie Valentin, nomm\u00e9e, le 1er \u00a0septembre, directrice g\u00e9n\u00e9rale du CHU de Rennes.<\/p>\n<p>\u00a0\u00ab Je suis honor\u00e9e et enthousiaste de rejoindre les Hospices Civils de Lyon et de contribuer \u00e0 consolider, aux c\u00f4t\u00e9s du directeur g\u00e9n\u00e9ral et avec l\u2019ensemble de la communaut\u00e9 hospitalo-universitaire, un mod\u00e8le d\u2019h\u00f4pital public humain, durable et attentif aux besoins des professionnels comme des patients \u00bb, a-t-elle d\u00e9clar\u00e9.<\/p>\n","protected":false},"excerpt":{"rendered":"Eve Robert a \u00e9t\u00e9 nomm\u00e9e officiellement directrice g\u00e9n\u00e9rale adjointe des Hospices Civils de Lyon. \u00c2g\u00e9e de 36 ans,&hellip;\n","protected":false},"author":2,"featured_media":482064,"comment_status":"","ping_status":"","sticky":false,"template":"","format":"standard","meta":{"footnotes":""},"categories":[1889],"tags":[1111,11,2430,2757,1777,674,1011,27,2428,2756,12,25,2429,71],"class_list":{"0":"post-482063","1":"post","2":"type-post","3":"status-publish","4":"format-standard","5":"has-post-thumbnail","7":"category-lyon","8":"tag-actu","9":"tag-actualites","10":"tag-auvergne-rhone-alpes","11":"tag-edition-lyon-villeurbanne","12":"tag-eu","13":"tag-europe","14":"tag-fr","15":"tag-france","16":"tag-lyon","17":"tag-lyon-bassin","18":"tag-news","19":"tag-republique-francaise","20":"tag-rhone","21":"tag-sante"},"share_on_mastodon":{"url":"https:\/\/pubeurope.com\/@fr\/115418062101779002","error":""},"_links":{"self":[{"href":"https:\/\/www.europesays.com\/fr\/wp-json\/wp\/v2\/posts\/482063","targetHints":{"allow":["GET"]}}],"collection":[{"href":"https:\/\/www.europesays.com\/fr\/wp-json\/wp\/v2\/posts"}],"about":[{"href":"https:\/\/www.europesays.com\/fr\/wp-json\/wp\/v2\/types\/post"}],"author":[{"embeddable":true,"href":"https:\/\/www.europesays.com\/fr\/wp-json\/wp\/v2\/users\/2"}],"replies":[{"embeddable":true,"href":"https:\/\/www.europesays.com\/fr\/wp-json\/wp\/v2\/comments?post=482063"}],"version-history":[{"count":0,"href":"https:\/\/www.europesays.com\/fr\/wp-json\/wp\/v2\/posts\/482063\/revisions"}],"wp:featuredmedia":[{"embeddable":true,"href":"https:\/\/www.europesays.com\/fr\/wp-json\/wp\/v2\/media\/482064"}],"wp:attachment":[{"href":"https:\/\/www.europesays.com\/fr\/wp-json\/wp\/v2\/media?parent=482063"}],"wp:term":[{"taxonomy":"category","embeddable":true,"href":"https:\/\/www.europesays.com\/fr\/wp-json\/wp\/v2\/categories?post=482063"},{"taxonomy":"post_tag","embeddable":true,"href":"https:\/\/www.europesays.com\/fr\/wp-json\/wp\/v2\/tags?post=482063"}],"curies":[{"name":"wp","href":"https:\/\/api.w.org\/{rel}","templated":true}]}}