{"id":482067,"date":"2025-10-22T13:31:10","date_gmt":"2025-10-22T13:31:10","guid":{"rendered":"https:\/\/www.europesays.com\/fr\/482067\/"},"modified":"2025-10-22T13:31:10","modified_gmt":"2025-10-22T13:31:10","slug":"face-a-son-intensite-meteo-france-place-paris-et-lile-de-france-en-vigilance","status":"publish","type":"post","link":"https:\/\/www.europesays.com\/fr\/482067\/","title":{"rendered":"face \u00e0 son intensit\u00e9, M\u00e9t\u00e9o-France place Paris et l&rsquo;\u00cele-de-France en vigilance"},"content":{"rendered":"<p>            Par<br \/>\n        <strong><br \/>\n            <a href=\"https:\/\/actu.fr\/auteur\/redaction-paris\" title=\"Consulter tous les articles de R\u00e9daction Paris\" target=\"_blank\" rel=\"noopener\">R\u00e9daction Paris<\/a><br \/>\n        <\/strong><\/p>\n<p>        Publi\u00e9 le<\/p>\n<p>            22 oct. 2025 \u00e0 14h31        <\/p>\n<p>Elle est pass\u00e9e de d\u00e9pression \u00e0 temp\u00eate et a re\u00e7u un nom : Benjamin. La <strong>temp\u00eate Benjamin<\/strong> s\u2019approche des c\u00f4tes atlantiques et devrait toucher le littoral dans les prochaines heures. Une arriv\u00e9e qui s\u2019annonce fracassante : plusieurs d\u00e9partements ont \u00e9t\u00e9 plac\u00e9s en vigilance orange, jeudi 23 octobre 2025. Qu\u2019en est-il \u00e0 Paris et en \u00cele-de-France ?<\/p>\n<p>Double vigilance<\/p>\n<p class=\" wall-content\">Les effets de Benjamin se feront sentir jusque dans la capitale. <a href=\"https:\/\/actu.fr\/tag\/meteo-france\" target=\"_blank\" rel=\"noopener\">M\u00e9t\u00e9o France<\/a> a donc d\u00e9clench\u00e9 la vigilance jaune vent et <a href=\"https:\/\/actu.fr\/tag\/orages\" target=\"_blank\" rel=\"noopener\">orages<\/a> pour la journ\u00e9e de demain. Dans le d\u00e9tail, l\u2019alerte pour <strong>vent violent<\/strong> sera active de minuit \u00e0 21 heures. Celle pour orages entre minuit et 3 heures du matin.\u00a0<\/p>\n<p class=\" wall-content\">La d\u00e9gradation devrait commencer d\u00e8s ce mercredi 22 octobre 2025 aux alentours de 22 heures apr\u00e8s \u00ab\u00a0des averses localement orageuses\u00a0\u00bb, pr\u00e9dit l\u2019institut de m\u00e9t\u00e9orologie.\u00a0Dans la nuit de mercredi 22 \u00e0 jeudi 23 octobre 2025, \u00ab\u00a0la hauteur de pr\u00e9cipitations pr\u00e9vue est de 5 millim\u00e8tres.\u00a0\u00bb Le vent se l\u00e8vera et pourrait atteindre <strong>70 km\/h<\/strong> en deuxi\u00e8me partie de nuit.\u00a0<\/p>\n<p class=\" wall-content\">Jeudi 23 octobre 2025, les rafales prendront de la vigueur et pourront souffler jusqu\u2019\u00e0 <strong>90 km\/h<\/strong>. Il pleuvra encore toute la journ\u00e9e. C\u00f4t\u00e9 temp\u00e9ratures, comptez entre 9 \u00b0C et 12 \u00b0C.<\/p>\n<p class=\" wall-content\">Le lendemain, vendredi 24 octobre 2025, le vent sera toujours pr\u00e9sent mais moins fort. Les rafales ne d\u00e9passeront pas <strong>55 km\/h<\/strong> et le temps sera \u00ab\u00a0largement ensoleill\u00e9\u00a0\u00bb toute la journ\u00e9e. Il fera entre 8\u00b0C et 13\u00b0C.\u00a0<\/p>\n<p class=\" wall-content\">Personnalisez votre actualit\u00e9 en ajoutant vos villes et m\u00e9dias en favori avec <a href=\"https:\/\/moncompte.actu.fr\" title=\"D\u00e9couvez Mon Actu\" rel=\"nofollow noopener\" data-trk=\"{&quot;cta&quot;:{&quot;action&quot;:&quot;https:\\\/\\\/moncompte.actu.fr&quot;,&quot;category&quot;:&quot;mon compte&quot;,&quot;from&quot;:&quot;article footer&quot;,&quot;name&quot;:&quot;Mon actu&quot;,&quot;type&quot;:&quot;cta&quot;}}\" target=\"_blank\">Mon Actu<\/a>.<\/p>\n","protected":false},"excerpt":{"rendered":"Par R\u00e9daction Paris Publi\u00e9 le 22 oct. 2025 \u00e0 14h31 Elle est pass\u00e9e de d\u00e9pression \u00e0 temp\u00eate et&hellip;\n","protected":false},"author":2,"featured_media":437935,"comment_status":"","ping_status":"","sticky":false,"template":"","format":"standard","meta":{"footnotes":""},"categories":[1592],"tags":[1111,11,1777,674,1011,27,662,2487,2357,12,4594,626,25],"class_list":{"0":"post-482067","1":"post","2":"type-post","3":"status-publish","4":"format-standard","5":"has-post-thumbnail","7":"category-ile-de-france","8":"tag-actu","9":"tag-actualites","10":"tag-eu","11":"tag-europe","12":"tag-fr","13":"tag-france","14":"tag-ile-de-france","15":"tag-meteo","16":"tag-meteo-france","17":"tag-news","18":"tag-orages","19":"tag-paris","20":"tag-republique-francaise"},"share_on_mastodon":{"url":"https:\/\/pubeurope.com\/@fr\/115418070061161970","error":""},"_links":{"self":[{"href":"https:\/\/www.europesays.com\/fr\/wp-json\/wp\/v2\/posts\/482067","targetHints":{"allow":["GET"]}}],"collection":[{"href":"https:\/\/www.europesays.com\/fr\/wp-json\/wp\/v2\/posts"}],"about":[{"href":"https:\/\/www.europesays.com\/fr\/wp-json\/wp\/v2\/types\/post"}],"author":[{"embeddable":true,"href":"https:\/\/www.europesays.com\/fr\/wp-json\/wp\/v2\/users\/2"}],"replies":[{"embeddable":true,"href":"https:\/\/www.europesays.com\/fr\/wp-json\/wp\/v2\/comments?post=482067"}],"version-history":[{"count":0,"href":"https:\/\/www.europesays.com\/fr\/wp-json\/wp\/v2\/posts\/482067\/revisions"}],"wp:featuredmedia":[{"embeddable":true,"href":"https:\/\/www.europesays.com\/fr\/wp-json\/wp\/v2\/media\/437935"}],"wp:attachment":[{"href":"https:\/\/www.europesays.com\/fr\/wp-json\/wp\/v2\/media?parent=482067"}],"wp:term":[{"taxonomy":"category","embeddable":true,"href":"https:\/\/www.europesays.com\/fr\/wp-json\/wp\/v2\/categories?post=482067"},{"taxonomy":"post_tag","embeddable":true,"href":"https:\/\/www.europesays.com\/fr\/wp-json\/wp\/v2\/tags?post=482067"}],"curies":[{"name":"wp","href":"https:\/\/api.w.org\/{rel}","templated":true}]}}