{"id":482070,"date":"2025-10-22T13:33:11","date_gmt":"2025-10-22T13:33:11","guid":{"rendered":"https:\/\/www.europesays.com\/fr\/482070\/"},"modified":"2025-10-22T13:33:11","modified_gmt":"2025-10-22T13:33:11","slug":"le-casse-du-louvre-sinvite-dans-les-municipales-a-paris-entre-dati-et-la-gauche","status":"publish","type":"post","link":"https:\/\/www.europesays.com\/fr\/482070\/","title":{"rendered":"Le casse du Louvre s\u2019invite dans les municipales \u00e0 Paris entre Dati et la gauche"},"content":{"rendered":"<p class=\"mb-4 text-lg md:leading-8 break-words\">POLITIQUE &#8211; Si la galerie Apollon du Louvre se trouve d\u00e9sormais d\u00e9pourvue de plusieurs de ses bijoux, la gauche parisienne a, elle, bien fait main basse sur l\u2019arc et les fl\u00e8ches du dieu grec. Depuis le casse <a href=\"https:\/\/fr.news.yahoo.com\/vol-bijoux-au-mus%C3%A9e-louvre-170000706.html\" data-ylk=\"slk:\u00e0 pr\u00e8s de 14\u00a0millions d\u2019euros la minute;elm:context_link;itc:0;sec:content-canvas;outcm:mb_qualified_link;_E:mb_qualified_link;ct:story;\" class=\"link  yahoo-link\" rel=\"nofollow noopener\" target=\"_blank\">\u00e0 pr\u00e8s de 14\u00a0millions d\u2019euros la minute<\/a>, et \u00e0 d\u00e9faut d\u2019union, <a href=\"https:\/\/fr.news.yahoo.com\/municipales-2026-candidats-pr%C3%AAts-%C3%A0-102543016.html\" data-ylk=\"slk:les candidats \u00e9cologistes, communiste et socialiste \u00e0 la mairie de Paris;elm:context_link;itc:0;sec:content-canvas;outcm:mb_qualified_link;_E:mb_qualified_link;ct:story;\" class=\"link  yahoo-link\" rel=\"nofollow noopener\" target=\"_blank\">les candidats \u00e9cologistes, communiste et socialiste \u00e0 la mairie de Paris<\/a> ont au moins r\u00e9ussi \u00e0 se mettre d\u2019accord\u00a0: ne pas se priver de cibler leur plus c\u00e9l\u00e8bre opposante de droite et ministre de la Culture, <a href=\"https:\/\/fr.news.yahoo.com\/rachida-dati-candidate-%C3%A0-paris-103658917.html\" data-ylk=\"slk:Rachida Dati;elm:context_link;itc:0;sec:content-canvas;outcm:mb_qualified_link;_E:mb_qualified_link;ct:story;\" class=\"link  yahoo-link\" rel=\"nofollow noopener\" target=\"_blank\">Rachida Dati<\/a>.<\/p>\n<p class=\"mb-4 text-lg md:leading-8 break-words\">D\u00e8s le 19\u00a0octobre, David Belliard, aspirant maire \u00e9cologiste s\u2019\u00e9meut sur X\u00a0d\u2019un braquage qui arrive alors que les salari\u00e9s du mus\u00e9e \u00ab\u00a0[ont] alert\u00e9 sur les failles de s\u00e9curit\u00e9\u00a0\u00bb et fait mine de s\u2019interroger\u00a0: \u00ab\u00a0Pourquoi ont-ils \u00e9t\u00e9 m\u00e9pris\u00e9s par la direction du mus\u00e9e et par le minist\u00e8re\u00a0?\u00a0\u00bb.<\/p>\n<p class=\"mb-4 text-lg md:leading-8 break-words\"><a href=\"https:\/\/www.huffingtonpost.fr\/politique\/article\/decouvrez-huffpol-notre-newsletter-100-politique_255944.html\" rel=\"nofollow noopener\" target=\"_blank\" data-ylk=\"slk:D\u00e9couvrez HuffPol, notre newsletter 100\u00a0% politique;elm:context_link;itc:0;sec:content-canvas\" class=\"link \"> D\u00e9couvrez HuffPol, notre newsletter 100\u00a0% politique <\/a><\/p>\n<p class=\"mb-4 text-lg md:leading-8 break-words\">Le s\u00e9nateur Ian Brossat, candidat communiste, raille sur le m\u00eame ton le jour suivant au micro de BFMTV\u00a0: \u00ab\u00a0C\u2019est une h\u00e9r\u00e9sie au carr\u00e9 de la garder ministre alors que le Louvre, qui est sous sa tutelle, a \u00e9t\u00e9 cambriol\u00e9 malgr\u00e9 toutes les alertes\u00a0\u00bb. Quand, le socialiste Emmanuel Gr\u00e9goire appelle lui aussi ce mardi \u00e0 la d\u00e9mission de la ministre de la Culture.<\/p>\n<p>Le rapport g\u00eanant de la Cour des comptes<\/p>\n<p class=\"mb-4 text-lg md:leading-8 break-words\">Si la droite pointe la responsabilit\u00e9 de la directrice du Louvre, la gauche n\u2019h\u00e9site pas \u00e0 brandir un pr\u00e9-rapport de la Cour des comptes qui pointe un \u00ab\u00a0retard persistant\u00a0\u00bb en mati\u00e8re de s\u00e9curit\u00e9. Des \u00e9quipements de s\u00e9curit\u00e9 ont bien \u00e9t\u00e9 install\u00e9s au cours des derni\u00e8res ann\u00e9es dans les espaces d\u2019expositions temporaires, mais au d\u00e9triment des salles qui abritent les collections permanentes.<\/p>\n<p class=\"mb-4 text-lg md:leading-8 break-words\">Pour la gauche parisienne, qui entend bien appuyer pendant la campagne sur les questions de probit\u00e9 et d\u2019honn\u00eatet\u00e9 d\u2019une ministre mise en cause sur le plan judiciaire, l\u2019opportunit\u00e9 est trop belle. Ce mercredi, Ian Brossat et le s\u00e9nateur R\u00e9mi F\u00e9raud, poulain d\u2019Anne Hidalgo, se fendent m\u00eame d\u2019une lettre \u00e0 Pierre Moscovici, pr\u00e9sident de la Cour des comptes, sur la base de ce pr\u00e9rapport qu\u2019ils r\u00e9clament de consulter. Et le socialiste de pointer que &#8211; contrairement \u00e0 la ministre qui a assur\u00e9 qu\u2019il n\u2019y avait eu aucune d\u00e9faillance &#8211; le syst\u00e8me d\u2019alarme \u00e0 l\u2019int\u00e9rieur du mus\u00e9e a dysfonctionn\u00e9, selon France inter.<\/p>\n<p class=\"mb-4 text-lg md:leading-8 break-words\">Interrog\u00e9 ce mercredi 22\u00a0octobre sur RTL, Pierre Moscovici n\u2019a pas vraiment vol\u00e9 au secours de Rachida Dati. \u00ab\u00a0Le rapport n\u2019apprend pas des choses qui sont inconnues de l\u2019administration (&#8230;) mais ces choses-l\u00e0, elles ne datent pas d\u2019hier. On n\u2019\u00e9tait peut-\u00eatre pas totalement conscients de l\u2019ampleur du probl\u00e8me, mais on savait ce qu\u2019il se passait\u00a0\u00bb, a reconnu le pr\u00e9sident tout en temp\u00e9rant\u00a0: le rapport suit son cours avec notamment la phase de contradictoire.<\/p>\n<p>Rachida Dati r\u00e9plique\u2026<\/p>\n<p class=\"mb-4 text-lg md:leading-8 break-words\">\u00c9pingl\u00e9e par ses opposants parisiens, Rachida Dati qui a promis une enqu\u00eate administrative, n\u2019entend pas porter le chapeau toute seule, alors qu\u2019Anne Hidalgo est au demeurant mur\u00e9e dans le silence sur cette affaire.<\/p>\n<p class=\"mb-4 text-lg md:leading-8 break-words\">Sur le plateau de M6\u00a0d\u00e8s lundi midi, la ministre a d\u00e9fendu les nombreux audits de s\u00e9curit\u00e9 r\u00e9alis\u00e9s ces derni\u00e8res ann\u00e9es et la volont\u00e9 du pr\u00e9sident d\u2019acc\u00e9l\u00e9rer sur ce sujet dans le cadre du projet Louvre Renaissance. Le lendemain, alors que ses opposants sont mont\u00e9s au cr\u00e9neau, Rachida Dati r\u00e9plique sur le plateau d\u2019Europe 1, \u00ab\u00a0sans \u00eatre pol\u00e9mique\u00a0\u00bb, mais en ciblant quand m\u00eame la responsabilit\u00e9 municipale. \u00ab\u00a0Hier quand ils arrivent sur la nacelle\u2026 Les mus\u00e9es, c\u2019est bien s\u00e9curis\u00e9 mais les abords, l\u2019espace public appartient \u00e0 la mairie de Paris par exemple. Il faut que la mairie accepte l\u2019implantation de cam\u00e9ras\u00a0\u00bb, a-t-elle affirm\u00e9 d\u2019une mani\u00e8re faussement innocente. Alors que Pascal Praud lui demande s\u2019il n\u2019y a pas de cam\u00e9ra autour du Louvre, Rachida Dati vole au secours de Laurent Nu\u00f1ez ancien pr\u00e9fet de Paris\u00a0: \u00ab\u00a0il y en a une qui appartient \u00e0 la pr\u00e9fecture de police\u00a0\u00bb.<\/p>\n<p class=\"mb-4 text-lg md:leading-8 break-words\">Alors que l\u2019\u00e9lu Horizons Pierre-Yves Bournazel, qui esp\u00e8re bien d\u00e9crocher l\u2019investiture macroniste pour Paris, pointe lui aussi r\u00e9guli\u00e8rement depuis dimanches les questions de vid\u00e9oprotection dans l\u2019espace public, Rachida Dati en a remis une couche lors des questions au gouvernement ce mardi. R\u00e9pondant \u00e0 la d\u00e9put\u00e9e du Rassemblement National Caroline Parmentier, la ministre de la Culture conclut en pointant l\u2019h\u00f4tel de ville\u00a0: \u00ab\u00a0Peut-\u00eatre devrait-on s\u2019interroger, et c\u2019est une r\u00e9flexion que nous avons avec le ministre de l\u2019Int\u00e9rieur mais aussi avec la mairie de Paris, s\u2019agissant justement de la s\u00e9curit\u00e9 sur la voie publique qui n\u2019existait pas \u00e0 ce stade\u00a0\u00bb. Et quitte \u00e0 garder la main sur le r\u00e9cit, elle est all\u00e9e jusqu\u2019\u00e0 ouvrir une ligne t\u00e9l\u00e9phonique de fact-checking au service de presse du Louvre et \u00e0 destination des journalistes.<\/p>\n<p>&#8230;Pour ne pas se laisser polluer<\/p>\n<p class=\"mb-4 text-lg md:leading-8 break-words\">Sollicit\u00e9 par Le HuffPost, l\u2019adjoint charg\u00e9 de la s\u00e9curit\u00e9 \u00e0 la mairie de Paris n\u2019a pas donn\u00e9 suite. N\u00e9anmoins, un fichier mis \u00e0 jour par <a href=\"https:\/\/www.prefecturedepolice.interieur.gouv.fr\/demarches\/plan-de-videoprotection\" rel=\"nofollow noopener\" target=\"_blank\" data-ylk=\"slk:la Pr\u00e9fecture de police de la capitale;elm:context_link;itc:0;sec:content-canvas\" class=\"link \">la Pr\u00e9fecture de police de la capitale<\/a> en juin dernier indique bien un certain nombre de cam\u00e9ras aux abords du Louvre. Les services listent par exemple un \u00e9quipement au croisement du Quai Fran\u00e7ois Mitterrand et de la rue de l\u2019Amiral de Coligny, soit \u00e0 quelques dizaines de m\u00e8tres \u00e0 peine de la nacelle des malfaiteurs. D\u2019autres sont localis\u00e9es sur le pont des Arts, en face de la galerie Apollon, ou sur le pont du Carrousel un peu plus loin. Pr\u00e8s d\u2019une dizaine de dispositifs apparaissent dans les rues et acc\u00e8s adjacents.<\/p>\n<p class=\"mb-4 text-lg md:leading-8 break-words\">L\u2019argument est donc sans doute \u00e0 manier avec pr\u00e9caution par la ministre de la Culture qui a fait de la s\u00e9curit\u00e9 un de ses principaux arguments pour les municipales. D\u2019autant que sa campagne s\u2019annonce d\u00e9licate. Menac\u00e9e d\u2019exclusion par les LR depuis qu\u2019elle a fait le choix de rester au gouvernement, la maire du VIIe arrondissement pourrait aussi rater son braquage sur le socle commun\u00a0: Gabriel Attal et Renaissance n\u2019ont pas encore act\u00e9 leur soutien \u00e0 Rachida Dati, et selon BFMTV ils s\u2019orientent plut\u00f4t vers un soutien \u00e0 Pierre-Yves Bournazel, jug\u00e9 en interne \u00ab\u00a0moins clivant\u00a0\u00bb. \u00c0 voir si le casse du Louvre p\u00e8sera, ou non, dans l\u2019\u00e9lection.<\/p>\n<p class=\"mb-4 text-lg md:leading-8 break-words\"><a href=\"https:\/\/fr.news.yahoo.com\/nicolas-sarkozy-oubli%C3%A9-dire-communiqu%C3%A9-161425214.html\" data-ylk=\"slk:Ce que Nicolas Sarkozy a oubli\u00e9 de vous dire dans le communiqu\u00e9 publi\u00e9 avant son incarc\u00e9ration;elm:context_link;itc:0;sec:content-canvas;outcm:mb_qualified_link;_E:mb_qualified_link;ct:story;\" class=\"link  yahoo-link\" rel=\"nofollow noopener\" target=\"_blank\"> Ce que Nicolas Sarkozy a oubli\u00e9 de vous dire dans le communiqu\u00e9 publi\u00e9 avant son incarc\u00e9ration <\/a><\/p>\n<p class=\"mb-4 text-lg md:leading-8 break-words\"><a href=\"https:\/\/fr.news.yahoo.com\/%C3%A9ric-ciotti-va-faire-tr%C3%A8s-080051671.html\" data-ylk=\"slk:\u00c9ric Ciotti va faire tr\u00e8s plaisir \u00e0 la sph\u00e8re Bollor\u00e9 avec cette commission d\u2019enqu\u00eate;elm:context_link;itc:0;sec:content-canvas;outcm:mb_qualified_link;_E:mb_qualified_link;ct:story;\" class=\"link  yahoo-link\" rel=\"nofollow noopener\" target=\"_blank\"> \u00c9ric Ciotti va faire tr\u00e8s plaisir \u00e0 la sph\u00e8re Bollor\u00e9 avec cette commission d\u2019enqu\u00eate <\/a><\/p>\n","protected":false},"excerpt":{"rendered":"POLITIQUE &#8211; Si la galerie Apollon du Louvre se trouve d\u00e9sormais d\u00e9pourvue de plusieurs de ses bijoux, la&hellip;\n","protected":false},"author":2,"featured_media":482071,"comment_status":"","ping_status":"","sticky":false,"template":"","format":"standard","meta":{"footnotes":""},"categories":[1888],"tags":[1111,1928,11,1927,60549,1777,674,1011,27,35698,30315,11274,2381,2616,12,1926,626,1925,25848,417,25],"class_list":{"0":"post-482070","1":"post","2":"type-post","3":"status-publish","4":"format-standard","5":"has-post-thumbnail","7":"category-paris","8":"tag-actu","9":"tag-actu-paris","10":"tag-actualites","11":"tag-actualites-paris","12":"tag-equipements-de-securite","13":"tag-eu","14":"tag-europe","15":"tag-fr","16":"tag-france","17":"tag-ian-brossat","18":"tag-la-cour-des-comptes","19":"tag-louvre","20":"tag-mairie-de-paris","21":"tag-ministre-de-la-culture","22":"tag-news","23":"tag-news-paris","24":"tag-paris","25":"tag-paris-news","26":"tag-pierre-moscovici","27":"tag-rachida-dati","28":"tag-republique-francaise"},"share_on_mastodon":{"url":"https:\/\/pubeurope.com\/@fr\/115418078894314553","error":""},"_links":{"self":[{"href":"https:\/\/www.europesays.com\/fr\/wp-json\/wp\/v2\/posts\/482070","targetHints":{"allow":["GET"]}}],"collection":[{"href":"https:\/\/www.europesays.com\/fr\/wp-json\/wp\/v2\/posts"}],"about":[{"href":"https:\/\/www.europesays.com\/fr\/wp-json\/wp\/v2\/types\/post"}],"author":[{"embeddable":true,"href":"https:\/\/www.europesays.com\/fr\/wp-json\/wp\/v2\/users\/2"}],"replies":[{"embeddable":true,"href":"https:\/\/www.europesays.com\/fr\/wp-json\/wp\/v2\/comments?post=482070"}],"version-history":[{"count":0,"href":"https:\/\/www.europesays.com\/fr\/wp-json\/wp\/v2\/posts\/482070\/revisions"}],"wp:featuredmedia":[{"embeddable":true,"href":"https:\/\/www.europesays.com\/fr\/wp-json\/wp\/v2\/media\/482071"}],"wp:attachment":[{"href":"https:\/\/www.europesays.com\/fr\/wp-json\/wp\/v2\/media?parent=482070"}],"wp:term":[{"taxonomy":"category","embeddable":true,"href":"https:\/\/www.europesays.com\/fr\/wp-json\/wp\/v2\/categories?post=482070"},{"taxonomy":"post_tag","embeddable":true,"href":"https:\/\/www.europesays.com\/fr\/wp-json\/wp\/v2\/tags?post=482070"}],"curies":[{"name":"wp","href":"https:\/\/api.w.org\/{rel}","templated":true}]}}