{"id":482072,"date":"2025-10-22T13:34:38","date_gmt":"2025-10-22T13:34:38","guid":{"rendered":"https:\/\/www.europesays.com\/fr\/482072\/"},"modified":"2025-10-22T13:34:38","modified_gmt":"2025-10-22T13:34:38","slug":"quinte-quinte-du-jeudi-23-octobre-a-auteuil-jardin-darthel-supplementation-gagnante","status":"publish","type":"post","link":"https:\/\/www.europesays.com\/fr\/482072\/","title":{"rendered":"Quint\u00e9+: Quint\u00e9+ du jeudi 23 octobre \u00e0 Auteuil : Jardin d&rsquo;Arthel, suppl\u00e9mentation gagnante ?"},"content":{"rendered":"<p><strong>Les partants du Quint\u00e9+ de ce jeudi 23 octobre<\/strong><strong style=\"float: left;margin-left: 2%;\">PRIX MONTGOMERY (GROUPE III)<\/strong><strong style=\"float: right;margin-right: 2%;\">JEUDI 23 OCTOBRE<\/strong><br \/>AUTEUIL &#8211; 4700 METRES &#8211; \u00a0<img decoding=\"async\" alt=\"picto_obstacle\" class=\"img2\" src=\"https:\/\/static.equidia.fr\/equidia\/discipline\/obstacles.svg\"\/>D\u00c9PART : 13H55<\/p>\n<tr class=\"row1\" style=\"border: thin solid #020338; width: 50%; padding: 5px; background-color: #020338; color: #FFFFFF; text-align: left; line-height: 15px;\">N\u00b0\u00a0CHEVAL\u00a0JOCKEYPOIDS\u00a0ENTRA\u00ceNEURVALEURGAINS<\/tr>\n<tr class=\"row2\" style=\"text-align: left; background-color: #FFFFFF; line-height: 15px;\">\n<td class=\"col1\" style=\"text-align: center; width: 65px;font-weight: bold;\">1<\/td>\n<td class=\"col2\"><a href=\"https:\/\/www.equidia.fr\/chevaux\/japon-1?horse_uuid=b0287df8-5f28-4501-aa59-475f525e9647\" target=\"_blank\" rel=\"noopener\">JAPON<\/a><\/td>\n<td class=\"col3\">A.ZULIANI<\/td>\n<td class=\"col4\">72.0 kg<\/td>\n<td class=\"col5\">F.NICOLLE<\/td>\n<td class=\"col6\" style=\"text-align: center;\">67.0<\/td>\n<td class=\"col7\" style=\"text-align: right;\">187100 \u20ac<\/td>\n<\/tr>\n<tr class=\"row3\" style=\"text-align: left; background-color: rgb(218, 218, 226); line-height: 15px;\">\n<td class=\"col1\" style=\"text-align: center; width: 65px;font-weight: bold;\">2<\/td>\n<td class=\"col2\"><a href=\"https:\/\/www.equidia.fr\/chevaux\/scatar?horse_uuid=7a583e1e-1f68-4b29-b3e8-7e61c988f251\" target=\"_blank\" rel=\"noopener\">SCATAR<\/a><\/td>\n<td class=\"col3\">T.DUMOUCH<\/td>\n<td class=\"col4\">71.0 kg<\/td>\n<td class=\"col5\">GAB.LEENDERS (S)<\/td>\n<td class=\"col6\" style=\"text-align: center;\">66.0<\/td>\n<td class=\"col7\" style=\"text-align: right;\">181240 \u20ac<\/td>\n<\/tr>\n<tr class=\"row2\" style=\"text-align: left; background-color: #FFFFFF; line-height: 15px;\">\n<td class=\"col1\" style=\"text-align: center; width: 65px;font-weight: bold;\">3<\/td>\n<td class=\"col2\"><a href=\"https:\/\/www.equidia.fr\/chevaux\/jardin-darthel?horse_uuid=2c03f44a-6764-4f10-a1fb-36efecd3ae24\" target=\"_blank\" rel=\"noopener\">JARDIN D&rsquo;ARTHEL<\/a><\/td>\n<td class=\"col3\">C.LEFEBVRE<\/td>\n<td class=\"col4\">69.0 kg<\/td>\n<td class=\"col5\">E.CLAYEUX (S)<\/td>\n<td class=\"col6\" style=\"text-align: center;\">64.0<\/td>\n<td class=\"col7\" style=\"text-align: right;\">198325 \u20ac<\/td>\n<\/tr>\n<tr class=\"row3\" style=\"text-align: left; background-color: rgb(218, 218, 226); line-height: 15px;\">\n<td class=\"col1\" style=\"text-align: center; width: 65px;font-weight: bold;\">4<\/td>\n<td class=\"col2\"><a href=\"https:\/\/www.equidia.fr\/chevaux\/benou?horse_uuid=31af0956-cc8b-4690-aba4-0e347fee816d\" target=\"_blank\" rel=\"noopener\">BENOU<\/a><\/td>\n<td class=\"col3\">L.PHILIPPERON<\/td>\n<td class=\"col4\">68.5 kg<\/td>\n<td class=\"col5\">M.ROLLAND (S)<\/td>\n<td class=\"col6\" style=\"text-align: center;\">63.5<\/td>\n<td class=\"col7\" style=\"text-align: right;\">207400 \u20ac<\/td>\n<\/tr>\n<tr class=\"row2\" style=\"text-align: left; background-color: #FFFFFF; line-height: 15px;\">\n<td class=\"col1\" style=\"text-align: center; width: 65px;font-weight: bold;\">5<\/td>\n<td class=\"col2\"><a href=\"https:\/\/www.equidia.fr\/chevaux\/jachar?horse_uuid=f48b4b39-40a5-428e-be13-8aa0688686e5\" target=\"_blank\" rel=\"noopener\">JACHAR<\/a><\/td>\n<td class=\"col3\">J.REVELEY<\/td>\n<td class=\"col4\">68.5 kg<\/td>\n<td class=\"col5\">N. GEORGE &amp; A. ZETTERHOLM<\/td>\n<td class=\"col6\" style=\"text-align: center;\">63.5<\/td>\n<td class=\"col7\" style=\"text-align: right;\">140080 \u20ac<\/td>\n<\/tr>\n<tr class=\"row3\" style=\"text-align: left; background-color: rgb(218, 218, 226); line-height: 15px;\">\n<td class=\"col1\" style=\"text-align: center; width: 65px;font-weight: bold;\">6<\/td>\n<td class=\"col2\"><a href=\"https:\/\/www.equidia.fr\/chevaux\/jost?horse_uuid=f2d9ac83-959a-449e-b3c6-631861de11ce\" target=\"_blank\" rel=\"noopener\">JOST<\/a><\/td>\n<td class=\"col3\">B.LE CLERC<\/td>\n<td class=\"col4\">67.0 kg<\/td>\n<td class=\"col5\">M.SEROR (S)<\/td>\n<td class=\"col6\" style=\"text-align: center;\">62.0<\/td>\n<td class=\"col7\" style=\"text-align: right;\">307340 \u20ac<\/td>\n<\/tr>\n<tr class=\"row2\" style=\"text-align: left; background-color: #FFFFFF; line-height: 15px;\">\n<td class=\"col1\" style=\"text-align: center; width: 65px;font-weight: bold;\">7<\/td>\n<td class=\"col2\"><a href=\"https:\/\/www.equidia.fr\/chevaux\/heraliste?horse_uuid=c8fce1bd-ad7b-4d0a-82f6-0621ef9d7679\" target=\"_blank\" rel=\"noopener\">HERALISTE<\/a><\/td>\n<td class=\"col3\">P.DUBOURG<\/td>\n<td class=\"col4\">66.0 kg<\/td>\n<td class=\"col5\">CHAILLE-CHAILLE &amp; PAMART<\/td>\n<td class=\"col6\" style=\"text-align: center;\">61.0<\/td>\n<td class=\"col7\" style=\"text-align: right;\">241380 \u20ac<\/td>\n<\/tr>\n<tr class=\"row3\" style=\"text-align: left; background-color: rgb(218, 218, 226); line-height: 15px;\">\n<td class=\"col1\" style=\"text-align: center; width: 65px;font-weight: bold;\">8<\/td>\n<td class=\"col2\"><a href=\"https:\/\/www.equidia.fr\/chevaux\/kalibre-2?horse_uuid=bb5fd8c3-ee98-4c3a-9852-a7b6df0027d8\" target=\"_blank\" rel=\"noopener\">KALIBRE<\/a><\/td>\n<td class=\"col3\">B.GELHAY<\/td>\n<td class=\"col4\">64.5 kg<\/td>\n<td class=\"col5\">S.DEHEZ (S)<\/td>\n<td class=\"col6\" style=\"text-align: center;\">59.5<\/td>\n<td class=\"col7\" style=\"text-align: right;\">162015 \u20ac<\/td>\n<\/tr>\n<tr class=\"row2\" style=\"text-align: left; background-color: #FFFFFF; line-height: 15px;\">\n<td class=\"col1\" style=\"text-align: center; width: 65px;font-weight: bold;\">9<\/td>\n<td class=\"col2\"><a href=\"https:\/\/www.equidia.fr\/chevaux\/jaguar-des-obeaux?horse_uuid=9c88320a-f30e-4d2d-9523-ecfbf147ce94\" target=\"_blank\" rel=\"noopener\">JAGUAR DES OBEAUX<\/a><\/td>\n<td class=\"col3\">G.MEUNIER<\/td>\n<td class=\"col4\">63.5 kg<\/td>\n<td class=\"col5\">N.DEVILDER<\/td>\n<td class=\"col6\" style=\"text-align: center;\">58.5<\/td>\n<td class=\"col7\" style=\"text-align: right;\">165345 \u20ac<\/td>\n<\/tr>\n<tr class=\"row3\" style=\"text-align: left; background-color: rgb(218, 218, 226); line-height: 15px;\">\n<td class=\"col1\" style=\"text-align: center; width: 65px;font-weight: bold;\">10<\/td>\n<td class=\"col2\"><a href=\"https:\/\/www.equidia.fr\/chevaux\/krisna?horse_uuid=a92f0832-3d7e-4919-a428-e6942900877b\" target=\"_blank\" rel=\"noopener\">KRISNA<\/a><\/td>\n<td class=\"col3\">L.ZULIANI<\/td>\n<td class=\"col4\">62.0 kg<\/td>\n<td class=\"col5\">MME D.MELE<\/td>\n<td class=\"col6\" style=\"text-align: center;\">57.0<\/td>\n<td class=\"col7\" style=\"text-align: right;\">64095 \u20ac<\/td>\n<\/tr>\n<tr class=\"row2\" style=\"text-align: left; background-color: #FFFFFF; line-height: 15px;\">\n<td class=\"col1\" style=\"text-align: center; width: 65px;font-weight: bold;\">11<\/td>\n<td class=\"col2\"><a href=\"https:\/\/www.equidia.fr\/chevaux\/pastoureau?horse_uuid=b2f2801f-f23e-4795-b6da-2d125dfb2492\" target=\"_blank\" rel=\"noopener\">PASTOUREAU<\/a><\/td>\n<td class=\"col3\">L.BRECHET<\/td>\n<td class=\"col4\">62.0 kg<\/td>\n<td class=\"col5\">MME D.MELE<\/td>\n<td class=\"col6\" style=\"text-align: center;\">56.0<\/td>\n<td class=\"col7\" style=\"text-align: right;\">23000 \u20ac<\/td>\n<\/tr>\n<tr class=\"row3\" style=\"text-align: left; background-color: rgb(218, 218, 226); line-height: 15px;\">\n<td class=\"col1\" style=\"text-align: center; width: 65px;font-weight: bold;\">12<\/td>\n<td class=\"col2\"><a href=\"https:\/\/www.equidia.fr\/chevaux\/seigneur-des-as?horse_uuid=d5307ff8-19c5-466d-a685-8ed8fd790f9e\" target=\"_blank\" rel=\"noopener\">SEIGNEUR DES AS<\/a><\/td>\n<td class=\"col3\">T.ANDRIEUX<\/td>\n<td class=\"col4\">62.0 kg<\/td>\n<td class=\"col5\">N. GEORGE &amp; A. ZETTERHOLM<\/td>\n<td class=\"col6\" style=\"text-align: center;\">56.0<\/td>\n<td class=\"col7\" style=\"text-align: right;\">47332 \u20ac<\/td>\n<\/tr>\n<tr class=\"row2\" style=\"text-align: left; background-color: #FFFFFF; line-height: 15px;\">\n<td class=\"col1\" style=\"text-align: center; width: 65px;font-weight: bold;\">13<\/td>\n<td class=\"col2\"><a href=\"https:\/\/www.equidia.fr\/chevaux\/jolimay?horse_uuid=15841331-4c1e-4156-b284-5931952bd452\" target=\"_blank\" rel=\"noopener\">JOLIMAY<\/a><\/td>\n<td class=\"col3\">T.BEAURAIN<\/td>\n<td class=\"col4\">62.0 kg<\/td>\n<td class=\"col5\">L.CARBERRY (S)<\/td>\n<td class=\"col6\" style=\"text-align: center;\">55.0<\/td>\n<td class=\"col7\" style=\"text-align: right;\">44485 \u20ac<\/td>\n<\/tr>\n<p><strong>Les forces en pr\u00e9sence<\/strong><\/p>\n<p style=\"text-align: justify;\">Absent des programmes entre mars 2024 et avril 2025, <a href=\"https:\/\/www.equidia.fr\/chevaux\/jardin-darthel?horse_uuid=2c03f44a-6764-4f10-a1fb-36efecd3ae24\" target=\"_blank\" rel=\"noopener\">JARDIN D&rsquo;ARTHEL (3)<\/a> a vite retrouv\u00e9 la pl\u00e9nitude de ses moyens, en atteste son \u00e9clatant succ\u00e8s du 17 mai dans le Prix Xavier de Chevigny (Listed). Il a bien mieux couru que ne l&rsquo;indique le r\u00e9sultat brut (6e) lors de sa rentr\u00e9e et semble tr\u00e8s bien situ\u00e9 en valeur 64. Suppl\u00e9ment\u00e9 pour participer \u00e0 ce rendez-vous, il est capable de mettre tout le monde d&rsquo;accord. Tenant du titre de ce Groupe 3, <a href=\"https:\/\/www.equidia.fr\/chevaux\/heraliste?horse_uuid=c8fce1bd-ad7b-4d0a-82f6-0621ef9d7679\" target=\"_blank\" rel=\"noopener\">HERALISTE (7)<\/a> vient de peaufiner sa condition sur les haies. Il sera cette fois muni de peaux de mouton, comme lors de ses meilleures sorties \u00e0 Auteuil, et devrait donc se r\u00e9habiliter. Dot\u00e9 d&rsquo;une belle pointe de vitesse finale, <a href=\"https:\/\/www.equidia.fr\/chevaux\/kalibre-2?horse_uuid=bb5fd8c3-ee98-4c3a-9852-a7b6df0027d8\" target=\"_blank\" rel=\"noopener\">KALIBRE (8)<\/a> est comp\u00e9titif pour le podium, tout comme <a href=\"https:\/\/www.equidia.fr\/chevaux\/jost?horse_uuid=f2d9ac83-959a-449e-b3c6-631861de11ce\" target=\"_blank\" rel=\"noopener\">JOST (6)<\/a> et <a href=\"https:\/\/www.equidia.fr\/chevaux\/benou?horse_uuid=31af0956-cc8b-4690-aba4-0e347fee816d\" target=\"_blank\" rel=\"noopener\">BENOU (4)<\/a>, qui avaient bien termin\u00e9 dans le Prix du Pr\u00e9sident de la R\u00e9publique durant le premier semestre. Respectivement deuxi\u00e8me et quatri\u00e8me de la course cl\u00e9 du 23 septembre, <a href=\"https:\/\/www.equidia.fr\/chevaux\/jaguar-des-obeaux?horse_uuid=9c88320a-f30e-4d2d-9523-ecfbf147ce94\" target=\"_blank\" rel=\"noopener\">JAGUAR DES OBEAUX (9)<\/a> et <a href=\"https:\/\/www.equidia.fr\/chevaux\/pastoureau?horse_uuid=b2f2801f-f23e-4795-b6da-2d125dfb2492\" target=\"_blank\" rel=\"noopener\">PASTOUREAU (11)<\/a> constituent des choix incontournables pour les places. <a href=\"https:\/\/www.equidia.fr\/chevaux\/jachar?horse_uuid=f48b4b39-40a5-428e-be13-8aa0688686e5\" target=\"_blank\" rel=\"noopener\">JACHAR (5)<\/a>, en qu\u00eate d&rsquo;une totale r\u00e9habilitation apr\u00e8s sa d\u00e9convenue dans le Prix Violon II, compl\u00e8te notre choix.<\/p>\n<p><strong>Le prono de Micka\u00ebl AFRIAT<\/strong><\/p>\n<tr cellpadding=\"0\" cellspacing=\"10\" class=\"row5\" style=\"text-align: left; background-color: #FFFFFF; font-size: 130%;\">\n<td style=\"text-align: center;\">3<\/td>\n<td style=\"text-align: center;\">7<\/td>\n<td style=\"text-align: center;\">8<\/td>\n<td style=\"text-align: center;\">6<\/td>\n<td style=\"text-align: center;\">4<\/td>\n<td style=\"text-align: center;\">9<\/td>\n<td style=\"text-align: center;\">11<\/td>\n<td style=\"text-align: center;\">5<\/td>\n<\/tr>\n<tr class=\"row6\" style=\"text-align: center; background-color: #FFFFFF; column-width: 6rem;\">\n<td class=\"col3\"><img decoding=\"async\" alt=\"casaque_JARDIN D'ARTHEL\" class=\"cas\" src=\"https:\/\/www.europesays.com\/fr\/wp-content\/uploads\/2025\/10\/20251023-r1c1p3-png.png\" style=\" width: 70%;\"\/><\/p>\n<p class=\"col10\" style=\"font-size: x-small; line-height: 11px;;\">JARDIN D&rsquo;ARTHEL<\/p>\n<\/td>\n<td class=\"col7\"><img decoding=\"async\" alt=\"casaque_HERALISTE\" class=\"cas\" src=\"https:\/\/www.europesays.com\/fr\/wp-content\/uploads\/2025\/10\/20251023-r1c1p7-png.png\" style=\" width: 70%;\"\/><\/p>\n<p class=\"col10\" style=\"font-size: x-small; line-height: 11px;;\">HERALISTE<\/p>\n<\/td>\n<td class=\"col8\"><img decoding=\"async\" alt=\"casaque_KALIBRE\" class=\"cas\" src=\"https:\/\/www.europesays.com\/fr\/wp-content\/uploads\/2025\/10\/20251023-r1c1p8-png.png\" style=\" width: 70%;\"\/><\/p>\n<p class=\"col10\" style=\"font-size: x-small; line-height: 11px;;\">KALIBRE<\/p>\n<\/td>\n<td class=\"col6\"><img decoding=\"async\" alt=\"casaque_JOST\" class=\"cas\" src=\"https:\/\/www.europesays.com\/fr\/wp-content\/uploads\/2025\/10\/20251023-r1c1p6-png.png\" style=\" width: 70%;\"\/><\/p>\n<p class=\"col10\" style=\"font-size: x-small; line-height: 11px;;\">JOST<\/p>\n<\/td>\n<td class=\"col4\"><img decoding=\"async\" alt=\"casaque_BENOU\" class=\"cas\" src=\"https:\/\/www.europesays.com\/fr\/wp-content\/uploads\/2025\/10\/20251023-r1c1p4-png.png\" style=\" width: 70%;\"\/><\/p>\n<p class=\"col10\" style=\"font-size: x-small; line-height: 11px;;\">BENOU<\/p>\n<\/td>\n<td class=\"col9\"><img decoding=\"async\" alt=\"casaque_JAGUAR DES OBEAUX\" class=\"cas\" src=\"https:\/\/www.europesays.com\/fr\/wp-content\/uploads\/2025\/10\/20251023-r1c1p9-png.png\" style=\" width: 70%;\"\/><\/p>\n<p class=\"col10\" style=\"font-size: x-small; line-height: 11px;;\">JAGUAR DES OBEAUX<\/p>\n<\/td>\n<td class=\"col11\"><img decoding=\"async\" alt=\"casaque_PASTOUREAU\" class=\"cas\" src=\"https:\/\/www.europesays.com\/fr\/wp-content\/uploads\/2025\/10\/20251023-r1c1p11-png.png\" style=\" width: 70%;\"\/><\/p>\n<p class=\"col10\" style=\"font-size: x-small; line-height: 11px;;\">PASTOUREAU<\/p>\n<\/td>\n<td class=\"col5\"><img decoding=\"async\" alt=\"casaque_JACHAR\" class=\"cas\" src=\"https:\/\/www.europesays.com\/fr\/wp-content\/uploads\/2025\/10\/20251023-r1c1p5-png.png\" style=\" width: 70%;\"\/><\/p>\n<p class=\"col10\" style=\"font-size: x-small; line-height: 11px;;\">JACHAR<\/p>\n<\/td>\n<\/tr>\n<p><a href=\"https:\/\/servedby.revive-adserver.net\/ck.php?n=a3265498&amp;cb=1234\" target=\"_blank\" rel=\"noopener\"><img decoding=\"async\" alt=\"\" border=\"0\" src=\"https:\/\/www.europesays.com\/fr\/wp-content\/uploads\/2025\/10\/1761140065_273_avw\"\/><\/a><\/p>\n<p><strong>Les partants en d\u00e9tail (par M. AFRIAT) et l&rsquo;avis des pros (par M. BERTELLA)<\/strong><\/p>\n<p id=\"ch_JAPON\" style=\"margin-bottom: 1%;\"><a href=\"https:\/\/www.equidia.fr\/chevaux\/japon-1?horse_uuid=b0287df8-5f28-4501-aa59-475f525e9647\" target=\"_blank\" rel=\"noopener\">1 &#8211; \u00a0<img decoding=\"async\" alt=\"casaque_JAPON\" src=\"https:\/\/www.europesays.com\/fr\/wp-content\/uploads\/2025\/10\/20251023-r1c1p1-png.png\" style=\"width: 4.5%; margin :0; vertical-align : middle;\"\/>\u00a0\u00a0JAPON<\/a><\/p>\n<p style=\"text-align: justify;\">Ce cheval de classe avait clairement besoin de courir lors de sa rentr\u00e9e, dans un Groupe 3 (7e), et devrait logiquement afficher des progr\u00e8s. Il d\u00e9bute dans les handicaps \u00e0 une valeur \u00e9lev\u00e9e mais va appr\u00e9cier la piste bien souple. Malgr\u00e9 le poids, il peut, comme d&rsquo;autres, briguer un bon classement. Un gros regret.<\/p>\n<p><strong>Fran\u00e7ois Nicolle, entra\u00eeneur : <\/strong><\/p>\n<p style=\"text-align: justify;\">\u00ab Japon (1) vient de r\u00e9aliser une bonne course de rentr\u00e9e \u00e0 Auteuil. Il va se pr\u00e9senter en excellente forme et ne sera pas d\u00e9rang\u00e9 par l&rsquo;alourdissement du terrain. Certes, il devra porter beaucoup de poids dans cette \u00e9preuve, mais cela reste un cheval de classe. Il devrait pouvoir tirer son \u00e9pingle du jeu. \u00bb<\/p>\n<p id=\"ch_SCATAR\" style=\"margin-bottom: 1%;\"><a href=\"https:\/\/www.equidia.fr\/chevaux\/scatar?horse_uuid=7a583e1e-1f68-4b29-b3e8-7e61c988f251\" target=\"_blank\" rel=\"noopener\">2 &#8211; \u00a0<img decoding=\"async\" alt=\"casaque_SCATAR\" src=\"https:\/\/www.europesays.com\/fr\/wp-content\/uploads\/2025\/10\/20251023-r1c1p2-png.png\" style=\"width: 4.5%; margin :0; vertical-align : middle;\"\/>\u00a0\u00a0SCATAR<\/a><\/p>\n<p style=\"text-align: justify;\">Ce hongre de 8 ans est absent depuis le 19 juin mais a d\u00e9j\u00e0 bien couru dans ce cas de figure. Son seul essai sur le steeple d&rsquo;Auteuil s&rsquo;est sold\u00e9 par un \u00e9chec, mais il a d\u00e9j\u00e0 gagn\u00e9 sur la distance et appr\u00e9ciera la piste bien souple. \u00c0 ce poids, il n&rsquo;est pas hors d&rsquo;affaire.<\/p>\n<p><strong>Gabriel Leenders, entra\u00eeneur : <\/strong><\/p>\n<p style=\"text-align: justify;\">\u00ab Scatar (2) aborde cette \u00e9preuve en pleine forme. Bien s\u00fbr, il aura le d\u00e9savantage d&rsquo;effectuer sa rentr\u00e9e, mais hormis cela, le cheval est pr\u00eat et apte \u00e0 performer d&#8217;embl\u00e9e. L&rsquo;allongement de la distance n&rsquo;est pas un probl\u00e8me pour lui. Il n&rsquo;avait pas \u00e9t\u00e9 capable de s&rsquo;illustrer dans le Prix du Pr\u00e9sident de la R\u00e9publique, sur 4 700 m\u00e8tres, car nous l&rsquo;avions mont\u00e9 trop offensivement. Cette fois, nous allons le monter plus sagement. Je trouve que le lot est \u00e0 sa port\u00e9e. \u00bb<\/p>\n<p id=\"ch_JARDIN D'ARTHEL\" style=\"margin-bottom: 1%;\"><a href=\"https:\/\/www.equidia.fr\/chevaux\/jardin-darthel?horse_uuid=2c03f44a-6764-4f10-a1fb-36efecd3ae24\" target=\"_blank\" rel=\"noopener\">3 &#8211; \u00a0<img decoding=\"async\" alt=\"casaque_JARDIN D'ARTHEL\" src=\"https:\/\/www.europesays.com\/fr\/wp-content\/uploads\/2025\/10\/1761140067_355_20251023-r1c1p3-png.png\" style=\"width: 4.5%; margin :0; vertical-align : middle;\"\/>\u00a0\u00a0JARDIN D&rsquo;ARTHEL<\/a><\/p>\n<p style=\"text-align: justify;\">Ce hongre a beaucoup mieux couru que ne l&rsquo;indique le classement brut (6e) lors de sa rentr\u00e9e, dans le relev\u00e9 Prix Richard et Robert Hennessy (Gr.3). Suppl\u00e9ment\u00e9, confirm\u00e9 sur ce parcours et plut\u00f4t bien plac\u00e9 pour ses d\u00e9buts dans les handicaps, il m\u00e9rite un large cr\u00e9dit. Notre pr\u00e9f\u00e9r\u00e9.<\/p>\n<p><strong>Cl\u00e9ment Lefebvre, jockey : <\/strong><\/p>\n<p style=\"text-align: justify;\">\u00ab Jardin d&rsquo;Arthel (3) a r\u00e9alis\u00e9 une excellente rentr\u00e9e derni\u00e8rement \u00e0 Auteuil, dans un lot nettement sup\u00e9rieur \u00e0 ce qu&rsquo;il va affronter ce jeudi. Il avait tr\u00e8s bien gagn\u00e9 au printemps au niveau Listed-race, sur 4 400 m\u00e8tres, et l&rsquo;allongement de la distance ne sera pas un probl\u00e8me pour lui. L&rsquo;alourdissement du terrain non plus. Je pense qu&rsquo;il est pris \u00e0 sa juste valeur et qu&rsquo;il a sa place dans les cinq premiers. Il peut m\u00eame lutter pour la victoire. Je suis assez confiant. \u00bb<\/p>\n<p id=\"ch_BENOU\" style=\"margin-bottom: 1%;\"><a href=\"https:\/\/www.equidia.fr\/chevaux\/benou?horse_uuid=31af0956-cc8b-4690-aba4-0e347fee816d\" target=\"_blank\" rel=\"noopener\">4 &#8211; \u00a0<img decoding=\"async\" alt=\"casaque_BENOU\" src=\"https:\/\/www.europesays.com\/fr\/wp-content\/uploads\/2025\/10\/1761140068_527_20251023-r1c1p4-png.png\" style=\"width: 4.5%; margin :0; vertical-align : middle;\"\/>\u00a0\u00a0BENOU<\/a><\/p>\n<p style=\"text-align: justify;\">Cinqui\u00e8me de la derni\u00e8re \u00e9dition en valeur 65, ce prot\u00e9g\u00e9 de Marcel Rolland se pr\u00e9sentera cette ann\u00e9e avec trois livres de moins. Quatri\u00e8me du \u00ab Pr\u00e9sident \u00bb durant le premier semestre, il est clairement comp\u00e9titif dans un tel lot, d&rsquo;autant qu&rsquo;il appr\u00e9cie les pistes bien souples. Pourquoi pas ?<\/p>\n<p><strong>Ludovic Philipperon, jockey : <\/strong><\/p>\n<p style=\"text-align: justify;\">\u00ab Benou (4) d\u00e9tient une chance secondaire avant le coup, d&rsquo;autant plus qu&rsquo;il ne serait pas avantag\u00e9 si le terrain venait \u00e0 s&rsquo;alourdir. On va essayer d&rsquo;accrocher une place en fin de combinaison. \u00bb<\/p>\n<p id=\"ch_JACHAR\" style=\"margin-bottom: 1%;\"><a href=\"https:\/\/www.equidia.fr\/chevaux\/jachar?horse_uuid=f48b4b39-40a5-428e-be13-8aa0688686e5\" target=\"_blank\" rel=\"noopener\">5 &#8211; \u00a0<img decoding=\"async\" alt=\"casaque_JACHAR\" src=\"https:\/\/www.europesays.com\/fr\/wp-content\/uploads\/2025\/10\/1761140069_226_20251023-r1c1p5-png.png\" style=\"width: 4.5%; margin :0; vertical-align : middle;\"\/>\u00a0\u00a0JACHAR<\/a><\/p>\n<p style=\"text-align: justify;\">Troisi\u00e8me du Prix Saint-Sauveur le 17 mai, ce fils de Cokoriko a caus\u00e9 une vive d\u00e9ception lors de sa rentr\u00e9e dans la course cl\u00e9 (11e \u00e0 2,3\/1). Toutefois, il d\u00e9pend d&rsquo;un entourage euphorique et ses meilleures prestations lui conf\u00e8rent une premi\u00e8re chance. \u00c0 racheter imp\u00e9rativement.<\/p>\n<p><strong>Noel George, entra\u00eeneur : <\/strong><\/p>\n<p style=\"text-align: justify;\">\u00ab Jachar (5) n&rsquo;\u00e9tait pas pr\u00eat le jour de sa rentr\u00e9e. Il est nettement mieux et nous allons changer de tactique cette fois en le montant de mani\u00e8re plus offensive. Je pense qu&rsquo;il d\u00e9tient une premi\u00e8re chance. \u00bb<\/p>\n<p id=\"ch_JOST\" style=\"margin-bottom: 1%;\"><a href=\"https:\/\/www.equidia.fr\/chevaux\/jost?horse_uuid=f2d9ac83-959a-449e-b3c6-631861de11ce\" target=\"_blank\" rel=\"noopener\">6 &#8211; \u00a0<img decoding=\"async\" alt=\"casaque_JOST\" src=\"https:\/\/www.europesays.com\/fr\/wp-content\/uploads\/2025\/10\/1761140069_629_20251023-r1c1p6-png.png\" style=\"width: 4.5%; margin :0; vertical-align : middle;\"\/>\u00a0\u00a0JOST<\/a><\/p>\n<p style=\"text-align: justify;\">Bon troisi\u00e8me lors de sa rentr\u00e9e \u00e0 Compi\u00e8gne, dans une Listed en steeple, il a ensuite eu un bon comportement sur les haies d&rsquo;Auteuil (5e). Sa valeur a \u00e9t\u00e9 revue \u00e0 la baisse et il compte un podium au niveau Groupe 1 sur le parcours qui nous int\u00e9resse (Prix Maurice Gillois 2023). Plac\u00e9 en puissance.<\/p>\n<p><strong>Micka\u00ebl Seror, entra\u00eeneur : <\/strong><\/p>\n<p style=\"text-align: justify;\">\u00ab Jost (6) aborde cet engagement en pleine forme. L&rsquo;autre jour, la course ne s&rsquo;est pas d\u00e9roul\u00e9e en sa faveur, mais il s&rsquo;est tout de m\u00eame correctement comport\u00e9. Cependant, la derni\u00e8re fois qu&rsquo;il a saut\u00e9 le rail-ditch and fence, il s&rsquo;est montr\u00e9 tr\u00e8s prudent. Il ne faudra pas qu&rsquo;il perde trop de temps sur cet obstacle. Avec un parcours sans encombre, il devrait s&rsquo;illustrer. Il d\u00e9tient une tr\u00e8s bonne chance, sans \u00eatre d\u00e9class\u00e9. \u00bb<\/p>\n<p id=\"ch_HERALISTE\" style=\"margin-bottom: 1%;\"><a href=\"https:\/\/www.equidia.fr\/chevaux\/heraliste?horse_uuid=c8fce1bd-ad7b-4d0a-82f6-0621ef9d7679\" target=\"_blank\" rel=\"noopener\">7 &#8211; \u00a0<img decoding=\"async\" alt=\"casaque_HERALISTE\" src=\"https:\/\/www.europesays.com\/fr\/wp-content\/uploads\/2025\/10\/1761140070_519_20251023-r1c1p7-png.png\" style=\"width: 4.5%; margin :0; vertical-align : middle;\"\/>\u00a0\u00a0HERALISTE<\/a><\/p>\n<p style=\"text-align: justify;\">Ce fils de Lord du Sud n&rsquo;est autre que le tenant du titre de ce rendez-vous. Il se pr\u00e9sente cette ann\u00e9e avec trois livres de plus, mais l&rsquo;assouplissement de la piste va jouer en sa faveur. Performant lorsqu&rsquo;il est muni d&rsquo;\u0153ill\u00e8res australiennes (une victoire et trois places en quatre sorties), il devrait se r\u00e9habiliter.<\/p>\n<p><strong>L&rsquo;avis du reporter : <\/strong><\/p>\n<p style=\"text-align: justify;\">\u00ab Laur\u00e9at de cette \u00e9preuve en 2024, H\u00e9raliste (7) remet son titre en jeu. Il a peu couru cette saison et n&rsquo;a pas encore \u00e9t\u00e9 revu sur le steeple-chase. Il est difficile de savoir o\u00f9 il en est, mais sa chance th\u00e9orique est \u00e9vidente. Le retenir ou non est clairement une affaire d&rsquo;impression. \u00bb<\/p>\n<p id=\"ch_KALIBRE\" style=\"margin-bottom: 1%;\"><a href=\"https:\/\/www.equidia.fr\/chevaux\/kalibre-2?horse_uuid=bb5fd8c3-ee98-4c3a-9852-a7b6df0027d8\" target=\"_blank\" rel=\"noopener\">8 &#8211; \u00a0<img decoding=\"async\" alt=\"casaque_KALIBRE\" src=\"https:\/\/www.europesays.com\/fr\/wp-content\/uploads\/2025\/10\/1761140070_799_20251023-r1c1p8-png.png\" style=\"width: 4.5%; margin :0; vertical-align : middle;\"\/>\u00a0\u00a0KALIBRE<\/a><\/p>\n<p style=\"text-align: justify;\">Irr\u00e9prochable durant le premier semestre, notamment \u00e0 ce niveau, ce prot\u00e9g\u00e9 de Sylvain Dehez a bien mieux couru que ne l&rsquo;indique le classement brut (8e) en dernier lieu. Il a \u00e9t\u00e9 d\u00e9lest\u00e9 d&rsquo;un kilo et se retrouve tr\u00e8s bien plac\u00e9 dans ce rendez-vous. Sur la montante, il fait partie des candidats au podium.<\/p>\n<p><strong>Sylvain Dehez, entra\u00eeneur : <\/strong><\/p>\n<p style=\"text-align: justify;\">\u00ab Nous avons vis\u00e9 cette course depuis un petit moment avec Kalibre (8). Ils sont peu nombreux et le lot semble tout de m\u00eame abordable. Je trouve qu&rsquo;il est bien plac\u00e9 au poids et, hormis le fait qu&rsquo;il aura un nouveau jockey et qu&rsquo;il d\u00e9couvre la piste ext\u00e9rieure, je n&rsquo;ai pas de r\u00e9serve. Le cheval est en pleine forme et tous les feux sont au vert. \u00bb<\/p>\n<p id=\"ch_JAGUAR DES OBEAUX\" style=\"margin-bottom: 1%;\"><a href=\"https:\/\/www.equidia.fr\/chevaux\/jaguar-des-obeaux?horse_uuid=9c88320a-f30e-4d2d-9523-ecfbf147ce94\" target=\"_blank\" rel=\"noopener\">9 &#8211; \u00a0<img decoding=\"async\" alt=\"casaque_JAGUAR DES OBEAUX\" src=\"https:\/\/www.europesays.com\/fr\/wp-content\/uploads\/2025\/10\/1761140071_828_20251023-r1c1p9-png.png\" style=\"width: 4.5%; margin :0; vertical-align : middle;\"\/>\u00a0\u00a0JAGUAR DES OBEAUX<\/a><\/p>\n<p style=\"text-align: justify;\">Apr\u00e8s quasiment quatre mois d&rsquo;absence, elle a vite retrouv\u00e9 la pl\u00e9nitude de ses moyens et vient de faire bonne figure dans la course cl\u00e9, le Prix Violon II (2e). Elle n&rsquo;a pas une grande marge de man\u0153uvre mais va encore donner son maximum. Sa place est dans les cinq premiers.<\/p>\n<p><strong>Nicolas Devilder, entra\u00eeneur : <\/strong><\/p>\n<p style=\"text-align: justify;\">\u00ab Jaguar des Obeaux (9) n&rsquo;\u00e9tait pas pr\u00eate lors de sa rentr\u00e9e en haies, mais l&rsquo;autre jour, elle a couru en progr\u00e8s. La jument est au top de sa condition. Nous avons mis Gabin Meunier car Olivier Jouin ne peut pas la monter, mais il \u00e9tait content de pouvoir lui \u00eatre associ\u00e9. Elle n&rsquo;a jamais pass\u00e9 les gros obstacles d&rsquo;Auteuil, mais je ne suis pas inquiet \u00e0 ce sujet. En ce qui concerne la distance, plus elle sera longue, mieux ce sera pour elle. Sa place est \u00e0 l&rsquo;arriv\u00e9e. \u00bb<\/p>\n<p id=\"ch_KRISNA\" style=\"margin-bottom: 1%;\"><a href=\"https:\/\/www.equidia.fr\/chevaux\/krisna?horse_uuid=a92f0832-3d7e-4919-a428-e6942900877b\" target=\"_blank\" rel=\"noopener\">10 &#8211; \u00a0<img decoding=\"async\" alt=\"casaque_KRISNA\" src=\"https:\/\/www.europesays.com\/fr\/wp-content\/uploads\/2025\/10\/20251023-r1c1p10-png.png\" style=\"width: 4.5%; margin :0; vertical-align : middle;\"\/>\u00a0\u00a0KRISNA<\/a><\/p>\n<p style=\"text-align: justify;\">Cette AQPS n&rsquo;a pas d\u00e9m\u00e9rit\u00e9 sur les haies d&rsquo;Auteuil en dernier lieu (5e), face aux seules femelles, et sera plus performante sur le steeple. Elle monte nettement de cat\u00e9gorie mais semble \u00eatre prise \u00e0 une valeur coh\u00e9rente. Si elle tient la distance et que le terrain s&rsquo;alourdit, elle peut \u00e9ventuellement surprendre.<\/p>\n<p><strong>Daniela M\u00e9l\u00e9, entra\u00eeneur : <\/strong><\/p>\n<p style=\"text-align: justify;\">\u00ab Krisna (10) est en forme mais ne d\u00e9tient pas une premi\u00e8re chance dans une telle \u00e9preuve. N\u00e9anmoins, elle poss\u00e8de beaucoup de duret\u00e9 et l&rsquo;allongement de la distance ne devrait pas la d\u00e9ranger. Elle \u00e9tait un peu allante auparavant, mais elle a d\u00e9sormais bien compris ce qu&rsquo;on lui demande. Elle peut prendre une place. \u00bb<\/p>\n<p id=\"ch_PASTOUREAU\" style=\"margin-bottom: 1%;\"><a href=\"https:\/\/www.equidia.fr\/chevaux\/pastoureau?horse_uuid=b2f2801f-f23e-4795-b6da-2d125dfb2492\" target=\"_blank\" rel=\"noopener\">11 &#8211; \u00a0<img decoding=\"async\" alt=\"casaque_PASTOUREAU\" src=\"https:\/\/www.europesays.com\/fr\/wp-content\/uploads\/2025\/10\/1761140073_835_20251023-r1c1p11-png.png\" style=\"width: 4.5%; margin :0; vertical-align : middle;\"\/>\u00a0\u00a0PASTOUREAU<\/a><\/p>\n<p style=\"text-align: justify;\">Apr\u00e8s un d\u00e9but de carri\u00e8re en dents de scie, il s&rsquo;est pleinement r\u00e9v\u00e9l\u00e9 en steeple. Il s&rsquo;est bien comport\u00e9 dans la course de r\u00e9f\u00e9rence (4e), montrant qu&rsquo;il pouvait briller sur ce parcours exigeant. Il n&rsquo;a pas fini de progresser et peut l\u00e9gitimement briguer un accessit.<\/p>\n<p><strong>Daniela M\u00e9l\u00e9, entra\u00eeneur : <\/strong><\/p>\n<p style=\"text-align: justify;\">\u00ab A l&rsquo;image de Krisna (10), je ne pense pas avoir une premi\u00e8re chance avec Pastoureau (11). Maintenant, j&rsquo;\u00e9tais tr\u00e8s contente de sa performance derni\u00e8rement \u00e0 Auteuil. Il est encore en fabrication, mais je l&rsquo;aime beaucoup. Il est assez petit mais poss\u00e8de une belle action et un parfait \u00e9quilibre. Je pense que la distance va lui plaire. Une place est \u00e0 sa port\u00e9e. \u00bb<\/p>\n<p id=\"ch_SEIGNEUR DES AS\" style=\"margin-bottom: 1%;\"><a href=\"https:\/\/www.equidia.fr\/chevaux\/seigneur-des-as?horse_uuid=d5307ff8-19c5-466d-a685-8ed8fd790f9e\" target=\"_blank\" rel=\"noopener\">12 &#8211; \u00a0<img decoding=\"async\" alt=\"casaque_SEIGNEUR DES AS\" src=\"https:\/\/www.europesays.com\/fr\/wp-content\/uploads\/2025\/10\/20251023-r1c1p12-png.png\" style=\"width: 4.5%; margin :0; vertical-align : middle;\"\/>\u00a0\u00a0SEIGNEUR DES AS<\/a><\/p>\n<p style=\"text-align: justify;\">Apr\u00e8s un long passage en Angleterre, il a rejoint l&rsquo;effectif de No\u00ebl George et Amanda Zetterholm, qui font feu de tout bois actuellement. Sa rentr\u00e9e, apr\u00e8s 494 jours d&rsquo;absence, lui a certainement fait du bien, et le parcours exigeant va lui aller comme un gant. Reste \u00e0 savoir s&rsquo;il a le niveau d&rsquo;une telle \u00e9preuve en valeur 56\u2026<\/p>\n<p><strong>Noel George, entra\u00eeneur : <\/strong><\/p>\n<p style=\"text-align: justify;\">\u00ab Seigneur des As (12) n&rsquo;\u00e9tait pas \u00e0 100% le jour de sa rentr\u00e9e. Il est mont\u00e9 en condition et a bien progress\u00e9. Le petit poids dont il b\u00e9n\u00e9ficie va jouer en sa faveur. Une place serait tr\u00e8s satisfaisante. \u00bb<\/p>\n<p id=\"ch_JOLIMAY\" style=\"margin-bottom: 1%;\"><a href=\"https:\/\/www.equidia.fr\/chevaux\/jolimay?horse_uuid=15841331-4c1e-4156-b284-5931952bd452\" target=\"_blank\" rel=\"noopener\">13 &#8211; \u00a0<img decoding=\"async\" alt=\"casaque_JOLIMAY\" src=\"https:\/\/www.europesays.com\/fr\/wp-content\/uploads\/2025\/10\/20251023-r1c1p13-png.png\" style=\"width: 4.5%; margin :0; vertical-align : middle;\"\/>\u00a0\u00a0JOLIMAY<\/a><\/p>\n<p style=\"text-align: justify;\">Apr\u00e8s 651 jours d&rsquo;absence, cet AQPS de 6 ans avait logiquement besoin de courir lors de sa rentr\u00e9e dans le Prix Ucello II (6e). Il s&rsquo;attaque ici \u00e0 forte partie et aura probablement du mal \u00e0 se distinguer, m\u00eame s&rsquo;il retrouve le parcours de son unique essai. Sa t\u00e2che s&rsquo;annonce difficile.<\/p>\n<p><strong>Louisa Carberry, entra\u00eeneur : <\/strong><\/p>\n<p style=\"text-align: justify;\">\u00ab La rentr\u00e9e de Jolimay (13) m&rsquo;a bien plu, car il a montr\u00e9 de l&rsquo;envie. Il a manqu\u00e9 de condition sur une distance trop courte pour ses aptitudes. Nous avons ensuite ax\u00e9 sa pr\u00e9paration sur cette \u00e9preuve et nous sommes contents de pouvoir courir. C&rsquo;est vrai qu&rsquo;il risque de manquer d&rsquo;exp\u00e9rience par rapport aux autres, \u00e9tant donn\u00e9 qu&rsquo;il a longtemps \u00e9t\u00e9 \u00e9cart\u00e9 de la comp\u00e9tition. Toutefois, il a de la qualit\u00e9 et s&rsquo;est d\u00e9j\u00e0 impos\u00e9 \u00e0 Auteuil. De plus, c&rsquo;est un excellent sauteur. On esp\u00e8re le voir correctement courir, d&rsquo;autant qu&rsquo;il est en pleine forme. \u00c0 l&rsquo;avenir, il devrait pouvoir gagner un handicap sur la Butte Mortemart. \u00bb<\/p>\n<p><strong>Les favoris de la presse<\/strong><\/p>\n<p class=\"synthese\"><strong>SYNTH\u00c8SE \u00a0\u00a0\u00a0\u00a03\u00a0\u00a0&#8211;\u00a0\u00a07\u00a0\u00a0&#8211;\u00a0\u00a01\u00a0\u00a0&#8211;\u00a0\u00a09\u00a0\u00a0&#8211;\u00a0\u00a06\u00a0\u00a0&#8211;\u00a0\u00a04\u00a0\u00a0&#8211;\u00a0\u00a011\u00a0\u00a0&#8211;\u00a0\u00a05<\/strong><\/p>\n<p><a href=\"https:\/\/servedby.revive-adserver.net\/ck.php?n=aa10a822&amp;cb=1234\" target=\"_blank\" rel=\"noopener\"><img decoding=\"async\" alt=\"\" border=\"0\" src=\"https:\/\/www.europesays.com\/fr\/wp-content\/uploads\/2025\/10\/1761140075_804_avw\"\/><\/a><\/p>\n<p><strong>Les stats du jour<\/strong><\/p>\n<p><img decoding=\"async\" src=\"https:\/\/www.europesays.com\/fr\/wp-content\/uploads\/2025\/10\/1023_stats-web_2025-jpg\"\/><\/p>\n<p><strong>Nos \u00e9missions de pronos<\/strong><a href=\"https:\/\/www.equidia.fr\/emissions\/3-mn-q-2023\" target=\"_blank\" rel=\"noopener\"><img decoding=\"async\" alt=\"3min-pronos\" class=\"img_prono\" src=\"https:\/\/www.europesays.com\/fr\/wp-content\/uploads\/2025\/04\/vignette-article-3min-pronos-jpg-1.jpeg\"\/><\/a>3 mn PRONOS du 23\/10<br \/>(Disponible mercredi 22 octobre 2025, \u00e0 partir de 17h55)<a href=\"https:\/\/www.equidia.fr\/emissions\/ticket-gagnant-2023\" target=\"_blank\" rel=\"noopener\"><img decoding=\"async\" alt=\"ticket-gagnant\" class=\"img_prono\" src=\"https:\/\/www.europesays.com\/fr\/wp-content\/uploads\/2025\/04\/vignette-article-ticket-gagnant-jpg-1.jpeg\"\/><\/a>TICKET GAGNANT du 23\/10<br \/>(Disponible mercredi 22 octobre 2025, \u00e0 partir de 18h00)<\/p>\n","protected":false},"excerpt":{"rendered":"Les partants du Quint\u00e9+ de ce jeudi 23 octobrePRIX MONTGOMERY (GROUPE III)JEUDI 23 OCTOBREAUTEUIL &#8211; 4700 METRES &#8211;&hellip;\n","protected":false},"author":2,"featured_media":482073,"comment_status":"","ping_status":"","sticky":false,"template":"","format":"standard","meta":{"footnotes":""},"categories":[1888],"tags":[11,1777,674,1011,27,3014,12,626,1821,3015,25,12135],"class_list":{"0":"post-482072","1":"post","2":"type-post","3":"status-publish","4":"format-standard","5":"has-post-thumbnail","7":"category-paris","8":"tag-actualites","9":"tag-eu","10":"tag-europe","11":"tag-fr","12":"tag-france","13":"tag-galop","14":"tag-news","15":"tag-paris","16":"tag-pronostics","17":"tag-qrcode","18":"tag-republique-francaise","19":"tag-steeple-chase"},"share_on_mastodon":{"url":"https:\/\/pubeurope.com\/@fr\/115418084000835886","error":""},"_links":{"self":[{"href":"https:\/\/www.europesays.com\/fr\/wp-json\/wp\/v2\/posts\/482072","targetHints":{"allow":["GET"]}}],"collection":[{"href":"https:\/\/www.europesays.com\/fr\/wp-json\/wp\/v2\/posts"}],"about":[{"href":"https:\/\/www.europesays.com\/fr\/wp-json\/wp\/v2\/types\/post"}],"author":[{"embeddable":true,"href":"https:\/\/www.europesays.com\/fr\/wp-json\/wp\/v2\/users\/2"}],"replies":[{"embeddable":true,"href":"https:\/\/www.europesays.com\/fr\/wp-json\/wp\/v2\/comments?post=482072"}],"version-history":[{"count":0,"href":"https:\/\/www.europesays.com\/fr\/wp-json\/wp\/v2\/posts\/482072\/revisions"}],"wp:featuredmedia":[{"embeddable":true,"href":"https:\/\/www.europesays.com\/fr\/wp-json\/wp\/v2\/media\/482073"}],"wp:attachment":[{"href":"https:\/\/www.europesays.com\/fr\/wp-json\/wp\/v2\/media?parent=482072"}],"wp:term":[{"taxonomy":"category","embeddable":true,"href":"https:\/\/www.europesays.com\/fr\/wp-json\/wp\/v2\/categories?post=482072"},{"taxonomy":"post_tag","embeddable":true,"href":"https:\/\/www.europesays.com\/fr\/wp-json\/wp\/v2\/tags?post=482072"}],"curies":[{"name":"wp","href":"https:\/\/api.w.org\/{rel}","templated":true}]}}