{"id":482074,"date":"2025-10-22T13:35:13","date_gmt":"2025-10-22T13:35:13","guid":{"rendered":"https:\/\/www.europesays.com\/fr\/482074\/"},"modified":"2025-10-22T13:35:13","modified_gmt":"2025-10-22T13:35:13","slug":"le-musee-a-rouvert-emmanuel-macron-veut-des-mesures-de-securisation","status":"publish","type":"post","link":"https:\/\/www.europesays.com\/fr\/482074\/","title":{"rendered":"le mus\u00e9e a rouvert, Emmanuel Macron veut des \u00ab\u00a0mesures de s\u00e9curisation\u00a0\u00bb"},"content":{"rendered":"<p>Trois jours apr\u00e8s le casse spectaculaire au cours duquel des <a href=\"https:\/\/www.ledauphine.com\/faits-divers-justice\/2025\/10\/21\/cambriolage-au-louvre-le-prejudice-evalue-a-88-millions-d-euros-apres-le-vol-de-huit-bijoux\" target=\"_blank\" rel=\"nofollow noopener\">joyaux estim\u00e9s \u00e0 88 millions d&rsquo;euros ont \u00e9t\u00e9 d\u00e9rob\u00e9s<\/a>, le Louvre a rouvert ses portes ce mercredi matin,\u00a0et a aussit\u00f4t retrouv\u00e9 ses nu\u00e9es de visiteurs. \u00ab Je suis tellement heureuse de pouvoir le visiter, qu&rsquo;il ait rouvert \u00bb, s&rsquo;est r\u00e9jouie Carla Henry Hopkins, une Am\u00e9ricaine de 60 ans. En parall\u00e8le, <a href=\"https:\/\/www.ledauphine.com\/p\/emmanuel-macron\" target=\"_blank\" rel=\"nofollow noopener\">Emmanuel Macron<\/a> a demand\u00e9 en conseil des ministres une \u00ab acc\u00e9l\u00e9ration \u00bb des \u00ab mesures de s\u00e9curisation \u00bb du mus\u00e9e. Silencieuse depuis dimanche, Laurence des Cars, pr\u00e9sidente-directrice du Louvre, est sous le feu des critiques et doit justement s&rsquo;exprimer dans l&rsquo;apr\u00e8s-midi devant des s\u00e9nateurs pour tenter d&rsquo;expliquer ce cambriolage exp\u00e9ditif, qui n&rsquo;a dur\u00e9 que quelques minutes.<\/p>\n<p>En coulisses, l&rsquo;enqu\u00eate se poursuit pour tenter de mettre la main sur les quatre cambrioleurs et leur incroyable butin. L&rsquo;enqu\u00eate \u00ab progresse \u00bb, a assur\u00e9 sur CNews et Europe 1 le ministre de l&rsquo;Int\u00e9rieur Laurent Nu\u00f1ez. \u00ab J&rsquo;ai toute confiance, \u00e7a c&rsquo;est s\u00fbr, dans le fait que nous retrouverons les auteurs \u00bb, a-t-il martel\u00e9. Qualifi\u00e9s au d\u00e9part d&rsquo;inestimables, les bijoux vol\u00e9s ont d\u00e9sormais une estimation, qui ne tient toutefois pas compte de leur valeur patrimoniale\u00a0: 88 millions d&rsquo;euros, une somme \u00ab extr\u00eamement spectaculaire \u00bb mais qui \u00ab n&rsquo;a rien de parall\u00e8le et de comparable au pr\u00e9judice historique \u00bb, a d\u00e9clar\u00e9 mardi soir sur RTL la procureure de Paris Laure Beccuau. Cette estimation en fait un des plus importants vols d&rsquo;objets d&rsquo;art des derni\u00e8res d\u00e9cennies, un montant toutefois bien inf\u00e9rieur au pr\u00e9judice lors du cambriolage du mus\u00e9e Isabella Stewart Gardner de Boston, en 1990, \u00e9valu\u00e9 \u00e0 au moins un demi-milliard de dollars.<\/p>\n<p>  Moment de v\u00e9rit\u00e9<\/p>\n<p>En premi\u00e8re ligne depuis dimanche, la ministre de la Culture <a href=\"https:\/\/www.ledauphine.com\/p\/rachida-dati\" target=\"_blank\" rel=\"nofollow noopener\">Rachida Dati<\/a> va laisser s&rsquo;expliquer Laurence des Cars. Elle sera auditionn\u00e9e \u00e0 16 h 30 par la commission de la culture du S\u00e9nat. Un moment de v\u00e9rit\u00e9 pour celle qui \u00e9tait devenue en mai 2021 la premi\u00e8re femme \u00e0 acc\u00e9der \u00e0 la t\u00eate du Louvre.\u00a0<a href=\"https:\/\/www.lefigaro.fr\/culture\/apres-le-fiasco-du-cambriolage-la-presidente-du-louvre-a-presente-sa-demission-qui-lui-a-ete-refusee-20251021\" target=\"_blank\" rel=\"nofollow noopener\">Le Figaro<\/a> a affirm\u00e9 mardi que Laurence Des Cars avait pr\u00e9sent\u00e9 sa d\u00e9mission apr\u00e8s le vol, mais que cela lui avait \u00e9t\u00e9 refus\u00e9 et qu&rsquo;elle avait re\u00e7u le soutien d&rsquo;Emmanuel Macron.<\/p>\n<p>Laurence des Cars devrait \u00eatre interrog\u00e9e sur les conditions de s\u00e9curit\u00e9 de la galerie d&rsquo;Apollon, qui abrite la collection royale de gemmes et les diamants de la Couronne. Les portes de la galerie sont rest\u00e9es closes ce mercredi, trois panneaux gris en bloquant la vue et le personnel du Louvre demandant aux visiteurs de continuer \u00e0 circuler. Parmi les huit pi\u00e8ces emport\u00e9es figurent le diad\u00e8me d&rsquo;Eug\u00e9nie, qui compte pr\u00e8s de 2 000 diamants, et le collier de la parure de saphirs de Marie-Am\u00e9lie, derni\u00e8re reine de France, et d&rsquo;Hortense de Beauharnais, m\u00e8re de Napol\u00e9on III.<\/p>\n","protected":false},"excerpt":{"rendered":"Trois jours apr\u00e8s le casse spectaculaire au cours duquel des joyaux estim\u00e9s \u00e0 88 millions d&rsquo;euros ont \u00e9t\u00e9&hellip;\n","protected":false},"author":2,"featured_media":482075,"comment_status":"","ping_status":"","sticky":false,"template":"","format":"standard","meta":{"footnotes":""},"categories":[1888],"tags":[11,1687,1777,674,274,107,1011,27,329,12,626,2661,316,25],"class_list":{"0":"post-482074","1":"post","2":"type-post","3":"status-publish","4":"format-standard","5":"has-post-thumbnail","7":"category-paris","8":"tag-actualites","9":"tag-culture-loisirs","10":"tag-eu","11":"tag-europe","12":"tag-faits-divers-justice","13":"tag-fil-info","14":"tag-fr","15":"tag-france","16":"tag-france-monde","17":"tag-news","18":"tag-paris","19":"tag-patrimoine-culturel","20":"tag-politique","21":"tag-republique-francaise"},"share_on_mastodon":{"url":"","error":""},"_links":{"self":[{"href":"https:\/\/www.europesays.com\/fr\/wp-json\/wp\/v2\/posts\/482074","targetHints":{"allow":["GET"]}}],"collection":[{"href":"https:\/\/www.europesays.com\/fr\/wp-json\/wp\/v2\/posts"}],"about":[{"href":"https:\/\/www.europesays.com\/fr\/wp-json\/wp\/v2\/types\/post"}],"author":[{"embeddable":true,"href":"https:\/\/www.europesays.com\/fr\/wp-json\/wp\/v2\/users\/2"}],"replies":[{"embeddable":true,"href":"https:\/\/www.europesays.com\/fr\/wp-json\/wp\/v2\/comments?post=482074"}],"version-history":[{"count":0,"href":"https:\/\/www.europesays.com\/fr\/wp-json\/wp\/v2\/posts\/482074\/revisions"}],"wp:featuredmedia":[{"embeddable":true,"href":"https:\/\/www.europesays.com\/fr\/wp-json\/wp\/v2\/media\/482075"}],"wp:attachment":[{"href":"https:\/\/www.europesays.com\/fr\/wp-json\/wp\/v2\/media?parent=482074"}],"wp:term":[{"taxonomy":"category","embeddable":true,"href":"https:\/\/www.europesays.com\/fr\/wp-json\/wp\/v2\/categories?post=482074"},{"taxonomy":"post_tag","embeddable":true,"href":"https:\/\/www.europesays.com\/fr\/wp-json\/wp\/v2\/tags?post=482074"}],"curies":[{"name":"wp","href":"https:\/\/api.w.org\/{rel}","templated":true}]}}