{"id":482080,"date":"2025-10-22T13:38:10","date_gmt":"2025-10-22T13:38:10","guid":{"rendered":"https:\/\/www.europesays.com\/fr\/482080\/"},"modified":"2025-10-22T13:38:10","modified_gmt":"2025-10-22T13:38:10","slug":"un-candidat-de-trump-se-retire-apres-la-publication-de-messages-choquants","status":"publish","type":"post","link":"https:\/\/www.europesays.com\/fr\/482080\/","title":{"rendered":"un candidat de Trump se retire apr\u00e8s la publication de messages choquants"},"content":{"rendered":"\n<p>\u201cJ\u2019ai effectivement un c\u00f4t\u00e9 nazi de temps en temps, je l\u2019admets.\u201d \u201cMartin Luther King \u00e9tait le <a href=\"https:\/\/www.courrierinternational.com\/article\/etats-unis-quatre-ans-apres-la-mort-de-george-floyd-rien-n-a-change-le-racisme-est-ancre\" target=\"_blank\" rel=\"noopener\">George Floyd<\/a> des ann\u00e9es 1960, le jour f\u00e9ri\u00e9 en son honneur devrait \u00eatre supprim\u00e9 et remis\u00e9 \u00e0 sa place, au septi\u00e8me cercle de l\u2019enfer.\u201d \u201cNe jamais faire confiance \u00e0 un Chinois ou \u00e0 un Indien.\u201d<\/p>\n<p>Ces messages de Paul Ingrassia sur un groupe de discussion avec des responsables et influenceurs r\u00e9publicains, <a class=\"ithalc\" data-ithal=\"lien_externe\" data-ithalc=\"[nav_article]\" target=\"_blank\" href=\"https:\/\/www.politico.com\/news\/2025\/10\/20\/paul-ingrassia-racist-text-messages-nazi-00613608\" rel=\"noopener\">publi\u00e9s lundi 20\u00a0octobre par <strong>Politico<\/strong><\/a><strong>,<\/strong> ont eu raison de sa candidature \u00e0 la t\u00eate du Bureau du procureur sp\u00e9cial. L\u2019avocat de 30\u00a0ans, nomm\u00e9 par le pr\u00e9sident am\u00e9ricain, Donald Trump, pour diriger cette agence charg\u00e9e d\u2019enqu\u00eater sur des responsables de l\u2019\u00c9tat f\u00e9d\u00e9ral, a annonc\u00e9 mardi\u00a021\u00a0son retrait, \u00e0 la suite de l\u2019opposition de s\u00e9nateurs r\u00e9publicains. La chambre haute ne semblait plus dispos\u00e9e \u00e0 confirmer sa nomination.<\/p>\n<p>Paul Ingrassia devait \u00eatre entendu jeudi par une commission du S\u00e9nat. L\u2019audition avait d\u00e9j\u00e0 \u00e9t\u00e9 report\u00e9e en juillet, apr\u00e8s la r\u00e9v\u00e9lation de ses liens avec l\u2019influenceur n\u00e9gationniste Nick Fuentes et le misogyne Andrew Tate, <a class=\"ithalc\" data-ithal=\"lien_externe\" data-ithalc=\"[nav_article]\" target=\"_blank\" href=\"https:\/\/www.politico.com\/news\/2025\/10\/21\/trump-pulls-ingrassia-nomination-racist-texts-00617041?utm_source=firefox-newtab-en-us\" rel=\"noopener\">rappelle Politico<\/a>.<\/p>\n<p>                    \u201cBlague stupide\u201d       <\/p>\n<p>Ainsi, <a class=\"ithalc\" data-ithal=\"lien_externe\" data-ithalc=\"[nav_article]\" target=\"_blank\" href=\"https:\/\/www.nytimes.com\/2025\/10\/21\/us\/politics\/trump-ingrassia-republicans.html\" rel=\"noopener\">estime <strong>The New York Times<\/strong><\/a><strong>, <\/strong>son nationalisme sulfureux \u00e9tait d\u00e9j\u00e0 \u00e9vident avant la publication de ses messages. Pour le journal, \u201cle fait que son processus de nomination ait \u00e9t\u00e9 aussi loin montre combien les propos haineux et antis\u00e9mites sont d\u00e9sormais banalis\u00e9s ou r\u00e9compens\u00e9s par les r\u00e9publicains au pouvoir, qui leur trouvent souvent des excuses\u201d.<\/p>\n<p>C\u2019est ce qui s\u2019est produit la semaine derni\u00e8re lorsque Politico, d\u00e9j\u00e0, a publi\u00e9 des messages \u00e9chang\u00e9s sur Telegram entre des dirigeants locaux de la f\u00e9d\u00e9ration des Jeunes r\u00e9publicains, dont les membres ont moins de 40\u00a0ans. Employant des termes d\u00e9nigrants au sujet des Noirs (\u201csinges\u201d, \u201cn\u00e9gro\u201d), imaginant violer leurs ennemis ou les envoyer dans des chambres \u00e0 gaz \u2013 \u201cJ\u2019adore Hitler\u201d, \u00e9crit l\u2019un d\u2019eux \u2013, ces jeunes cadres ont pourtant \u00e9t\u00e9 d\u00e9fendus par J. D.\u00a0Vance, souligne le New York Times.<\/p>\n<p>\u201cLa r\u00e9alit\u00e9, c\u2019est que les gamins font des trucs stupides, surtout les gar\u00e7ons\u201d, a d\u00e9clar\u00e9 le vice-pr\u00e9sident, estimant qu\u2019une \u201cblague stupide\u201d ne devait pas conduire \u00e0 \u201cg\u00e2cher leur vie\u201d, <a class=\"ithalc\" data-ithal=\"lien_externe\" data-ithalc=\"[nav_article]\" target=\"_blank\" href=\"https:\/\/www.theguardian.com\/us-news\/2025\/oct\/15\/jd-vance-racist-messages-young-republicans-chat-leak\" rel=\"noopener\">cite <strong>The Guardian<\/strong><\/a><strong>.<\/strong><\/p>\n<p>Certains<strong> <\/strong>auteurs de ces messages ont n\u00e9anmoins subi des cons\u00e9quences\u00a0: les sections locales des Jeunes r\u00e9publicains dans le Kansas et l\u2019\u00c9tat de New York ont \u00e9t\u00e9 suspendues par les dirigeants locaux du parti. Dans ces deux \u00c9tats, des chefs de file des Jeunes r\u00e9publicains impliqu\u00e9s dans le scandale, qui travaillaient par ailleurs pour des \u00e9lus r\u00e9publicains, ont \u00e9t\u00e9 limog\u00e9s.<\/p>\n","protected":false},"excerpt":{"rendered":"\u201cJ\u2019ai effectivement un c\u00f4t\u00e9 nazi de temps en temps, je l\u2019admets.\u201d \u201cMartin Luther King \u00e9tait le George Floyd&hellip;\n","protected":false},"author":2,"featured_media":482081,"comment_status":"","ping_status":"","sticky":false,"template":"","format":"standard","meta":{"footnotes":""},"categories":[1589],"tags":[11,3822,75,73,1866,12,28109,316,770,1864,1865,1863,308],"class_list":{"0":"post-482080","1":"post","2":"type-post","3":"status-publish","4":"format-standard","5":"has-post-thumbnail","7":"category-etats-unis","8":"tag-actualites","9":"tag-amu00e9riques","10":"tag-donald-trump","11":"tag-etats-unis","12":"tag-etats-unis-damerique","13":"tag-news","14":"tag-parti-ru00e9publicain-u00e9tats-unis","15":"tag-politique","16":"tag-u00e9tats-unis","17":"tag-united-states","18":"tag-united-states-of-america","19":"tag-us","20":"tag-usa"},"share_on_mastodon":{"url":"https:\/\/pubeurope.com\/@fr\/115418097856924733","error":""},"_links":{"self":[{"href":"https:\/\/www.europesays.com\/fr\/wp-json\/wp\/v2\/posts\/482080","targetHints":{"allow":["GET"]}}],"collection":[{"href":"https:\/\/www.europesays.com\/fr\/wp-json\/wp\/v2\/posts"}],"about":[{"href":"https:\/\/www.europesays.com\/fr\/wp-json\/wp\/v2\/types\/post"}],"author":[{"embeddable":true,"href":"https:\/\/www.europesays.com\/fr\/wp-json\/wp\/v2\/users\/2"}],"replies":[{"embeddable":true,"href":"https:\/\/www.europesays.com\/fr\/wp-json\/wp\/v2\/comments?post=482080"}],"version-history":[{"count":0,"href":"https:\/\/www.europesays.com\/fr\/wp-json\/wp\/v2\/posts\/482080\/revisions"}],"wp:featuredmedia":[{"embeddable":true,"href":"https:\/\/www.europesays.com\/fr\/wp-json\/wp\/v2\/media\/482081"}],"wp:attachment":[{"href":"https:\/\/www.europesays.com\/fr\/wp-json\/wp\/v2\/media?parent=482080"}],"wp:term":[{"taxonomy":"category","embeddable":true,"href":"https:\/\/www.europesays.com\/fr\/wp-json\/wp\/v2\/categories?post=482080"},{"taxonomy":"post_tag","embeddable":true,"href":"https:\/\/www.europesays.com\/fr\/wp-json\/wp\/v2\/tags?post=482080"}],"curies":[{"name":"wp","href":"https:\/\/api.w.org\/{rel}","templated":true}]}}